{"id":44585,"date":"2026-09-01T22:48:24","date_gmt":"2026-09-02T05:48:24","guid":{"rendered":"https:\/\/www.regioncuatronoticias.com\/?p=44585"},"modified":"2026-09-01T22:48:26","modified_gmt":"2026-09-02T05:48:26","slug":"protestan-en-slrc-por-constantes-apagones-de-la-cfe","status":"publish","type":"post","link":"https:\/\/www.regioncuatronoticias.com\/index.php\/2026\/09\/01\/protestan-en-slrc-por-constantes-apagones-de-la-cfe\/","title":{"rendered":"Protestan en SLRC por constantes \u201capagones\u201d de la CFE"},"content":{"rendered":"\n<p class=\"wp-block-paragraph\"><strong>Columna Cr\u00edtica<\/strong><\/p>\n\n\n\n<p class=\"wp-block-paragraph\"><strong>Gaspar Navarro Ru\u00edz<\/strong><\/p>\n\n\n\n<p class=\"wp-block-paragraph\"><strong>Protestan en SLRC por constantes \u201capagones\u201d de la CFE<\/strong><\/p>\n\n\n\n<p class=\"wp-block-paragraph\"><strong>Mi\u00e9rcoles 2 de septiembre de 2026<\/strong><\/p>\n\n\n\n<p class=\"wp-block-paragraph\">Los constantes \u201capagones\u201d de la CFE registrados en Hermosillo y en otros municipios del sur de la entidad no son nada comparados con la pesadilla que enfrentan los usuarios y empresarios de San Luis R\u00edo Colorado, al quedarse sin agua y sin luz por las constantes fallas del suministro el\u00e9ctrico no solo por horas sin por d\u00edas obligando a empresas a paralizar labores.<\/p>\n\n\n\n<p class=\"wp-block-paragraph\">Las fallas en el abasto de luz por la CFE en San Luis van m\u00e1s all\u00e1 de afectar a colonias, comercios y empresas, tambi\u00e9n alcanzan servicios p\u00fablicos. El gobierno sanluisino ha reportado problemas en la operaci\u00f3n de pozos de agua, drenaje, alumbrado p\u00fablico y sem\u00e1foros cuando se presentan interrupciones en el suministro el\u00e9ctrico.<\/p>\n\n\n\n<p class=\"wp-block-paragraph\">Hace d\u00edas el alcalde sanluisino Iv\u00e1n Sandoval, declar\u00f3 estar sumamente molesto por los apagones de la CFE, y dijo que exigir\u00eda una explicaci\u00f3n y una soluci\u00f3n inmediata de esas graves fallas al superintendente de esa paraestatal en la regi\u00f3n.<\/p>\n\n\n\n<p class=\"wp-block-paragraph\">Es criminal dejar sin luz a las familias en esta temporada de altas temperaturas al no solo echarse a perder aparatos como refrigeradores y aires acondicionados, sino los alimentos, adem\u00e1s de poner en riesgo la salud de los usuarios, mientras que por el lado empresarial algunas maquiladoras han paralizado labores por falta de energ\u00eda el\u00e9ctrica dejando sin empleo a cientos de sanluisinos.<\/p>\n\n\n\n<p class=\"wp-block-paragraph\">A su vez, negocios sanluisinos reportan p\u00e9rdidas econ\u00f3micas, suspensi\u00f3n de actividades y da\u00f1os en equipos por variaciones de voltaje.<\/p>\n\n\n\n<p class=\"wp-block-paragraph\">El 13 de agosto, ante una solicitud formal del Ayuntamiento de San Luis, la CFE atribuy\u00f3 distintas interrupciones a factores como mantenimientos programados, condiciones clim\u00e1ticas, vegetaci\u00f3n, accidentes y vandalismo. La empresa tambi\u00e9n anunci\u00f3 la construcci\u00f3n de las subestaciones Libramiento y Valle Potencia, con una inversi\u00f3n superior a 200 millones de pesos.<\/p>\n\n\n\n<p class=\"wp-block-paragraph\">Sin embargo, las quejas no han disminuido. El 28 de agosto, habitantes de algunas colonias llegaron incluso a bloquear la carretera Mexicali\u2013San Luis R\u00edo Colorado en protesta por un apag\u00f3n masivo.<\/p>\n\n\n\n<p class=\"wp-block-paragraph\">Para mejorar la producci\u00f3n energ\u00e9tica y su distribuci\u00f3n en Sonora hace unos d\u00edas el gobernador Alfonso Durazo anunci\u00f3 inversiones de 13 mil millones de pesos, aunado a que en enero de 2027 iniciar\u00e1 operaciones la planta de ciclo combinado de la CFE en San Luis R\u00edo Colorado.<\/p>\n\n\n\n<p class=\"wp-block-paragraph\">El mandatario estatal destac\u00f3 el 17 de agosto pasado que la planta de CFE con costo de casi 500 millones de d\u00f3lares tendr\u00e1 una capacidad aproximada de 648 megawatts y utilizar\u00e1 gas natural para generar electricidad. Su operaci\u00f3n busca fortalecer el suministro energ\u00e9tico y atender la demanda de electricidad en Sonora y Baja California, adem\u00e1s de mejorar la confiabilidad del servicio en la regi\u00f3n.<\/p>\n\n\n\n<p class=\"wp-block-paragraph\">Para garantizar que Sonora cuente con la infraestructura el\u00e9ctrica necesaria para acompa\u00f1ar su crecimiento industrial, habitacional y econ\u00f3mico, el gobernador Durazo dio a conocer que la CFE desarrollar\u00e1 en la entidad proyectos con una inversi\u00f3n superior a los 13 mil millones de pesos.<\/p>\n\n\n\n<p class=\"wp-block-paragraph\">Entre las acciones consideradas se encuentran nuevas subestaciones, ampliaciones de capacidad, modernizaci\u00f3n de redes y l\u00edneas de transmisi\u00f3n, adem\u00e1s de obras relacionadas con el proyecto solar de Puerto Pe\u00f1asco, infraestructura que permitir\u00e1 fortalecer el suministro el\u00e9ctrico y generar condiciones para que contin\u00fae el desarrollo econ\u00f3mico.<\/p>\n\n\n\n<p class=\"wp-block-paragraph\">Por el lado de Baja California, agosto fue una pesadilla para sus usuarios por los \u201ctandeos\u201d el\u00e9ctricos de la CFE al registrarse colonias con cuatro d\u00edas sin luz, 151 colonias sin agua y 8 f\u00e1bricas paradas aunado a fallas en los servicios de agua y sem\u00e1foros.<\/p>\n\n\n\n<p class=\"wp-block-paragraph\">Para la CFE no hay apagones o tandeos el\u00e9ctricos sino interrupciones del servicio de la energ\u00eda el\u00e9ctrica, aunque reconoce factores que provocan fallas en el suministro de energ\u00eda el\u00e9ctrica.<\/p>\n\n\n\n<p class=\"wp-block-paragraph\">Los problemas en el servicio el\u00e9ctrico continuar\u00e1n por falta de inversi\u00f3n federal en la CFE para renovar las obsoletas plantas y subestaciones, as\u00ed como en la red de distribuci\u00f3n. Para el caso de San Luis, existe la promesa de inicio en enero pr\u00f3ximo de la planta generadora de ciclo combinado que podr\u00eda ayudar a que los tandeos o apagones no sean tan frecuentes.<\/p>\n\n\n\n<p class=\"wp-block-paragraph\"><strong>PERSISTEN FALLAS EN INFRAESTRUCTURA EN HOSPITAL CH\u00c1VEZ<\/strong><\/p>\n\n\n\n<p class=\"wp-block-paragraph\">Una vez m\u00e1s se registraron problemas en el desahuciado Hospital \u201cFernando Ocaranza\u201d del Issste en Hermosillo al fallar una l\u00ednea de suministro de gas natural en ese nosocomio que oblig\u00f3 a evacuar a cerca de 200 personas entre trabajadores y pacientes de ese inmueble.<\/p>\n\n\n\n<p class=\"wp-block-paragraph\">De acuerdo con la revisi\u00f3n realizada por los bomberos, la fuga se origin\u00f3 por la ruptura de una pegadura en una l\u00ednea de gas de aproximadamente media pulgada, utilizada para conducir gas natural a baja presi\u00f3n. El desperfecto se ubic\u00f3 en el \u00e1rea exterior correspondiente a laboratorios, calderas y almacenes.<\/p>\n\n\n\n<p class=\"wp-block-paragraph\">Como medida preventiva se cerr\u00f3 el suministro de gas y se solicit\u00f3 la presencia de la empresa responsable del servicio, as\u00ed como de Protecci\u00f3n Civil estatal y municipal, para realizar las revisiones correspondientes antes de restablecer las condiciones normales.<\/p>\n\n\n\n<p class=\"wp-block-paragraph\">El incidente ocurre apenas unas semanas despu\u00e9s de que una inspecci\u00f3n extraordinaria realizada por Protecci\u00f3n Civil Sonora el pasado 15 de junio detectara 42 observaciones en materia documental, organizativa, operativa y de infraestructura en el inmueble. Entre los se\u00f1alamientos se incluyeron deficiencias relacionadas con sistemas contra incendios, salidas de emergencia, se\u00f1alizaci\u00f3n e instalaciones.<\/p>\n\n\n\n<p class=\"wp-block-paragraph\">Hasta que se registre una tragedia, las autoridades del Issste van a atender la exigencia de sindicatos, trabajadores y derechohabientes de cerrar el obsoleto Hospital del Issste y construir uno nuevo en Hermosillo. <strong>(g_navarro_ruiz@hotmail.com)<\/strong><\/p>\n","protected":false},"excerpt":{"rendered":"<p>Columna Cr\u00edtica Gaspar Navarro Ru\u00edz Protestan en SLRC por constantes \u201capagones\u201d de la CFE Mi\u00e9rcoles 2 de septiembre de 2026 Los constantes \u201capagones\u201d de la CFE registrados en Hermosillo y en otros municipios del sur de la entidad no son nada comparados con la pesadilla que enfrentan los usuarios y empresarios de San Luis R\u00edo [&hellip;]<\/p>\n","protected":false},"author":1,"featured_media":44586,"comment_status":"open","ping_status":"open","sticky":false,"template":"","format":"standard","meta":{"content-type":"","footnotes":""},"categories":[131],"tags":[],"class_list":["post-44585","post","type-post","status-publish","format-standard","has-post-thumbnail","category-gaspar-navarro-ruiz"],"_links":{"self":[{"href":"https:\/\/www.regioncuatronoticias.com\/index.php\/wp-json\/wp\/v2\/posts\/44585","targetHints":{"allow":["GET"]}}],"collection":[{"href":"https:\/\/www.regioncuatronoticias.com\/index.php\/wp-json\/wp\/v2\/posts"}],"about":[{"href":"https:\/\/www.regioncuatronoticias.com\/index.php\/wp-json\/wp\/v2\/types\/post"}],"author":[{"embeddable":true,"href":"https:\/\/www.regioncuatronoticias.com\/index.php\/wp-json\/wp\/v2\/users\/1"}],"replies":[{"embeddable":true,"href":"https:\/\/www.regioncuatronoticias.com\/index.php\/wp-json\/wp\/v2\/comments?post=44585"}],"version-history":[{"count":1,"href":"https:\/\/www.regioncuatronoticias.com\/index.php\/wp-json\/wp\/v2\/posts\/44585\/revisions"}],"predecessor-version":[{"id":44587,"href":"https:\/\/www.regioncuatronoticias.com\/index.php\/wp-json\/wp\/v2\/posts\/44585\/revisions\/44587"}],"wp:featuredmedia":[{"embeddable":true,"href":"https:\/\/www.regioncuatronoticias.com\/index.php\/wp-json\/wp\/v2\/media\/44586"}],"wp:attachment":[{"href":"https:\/\/www.regioncuatronoticias.com\/index.php\/wp-json\/wp\/v2\/media?parent=44585"}],"wp:term":[{"taxonomy":"category","embeddable":true,"href":"https:\/\/www.regioncuatronoticias.com\/index.php\/wp-json\/wp\/v2\/categories?post=44585"},{"taxonomy":"post_tag","embeddable":true,"href":"https:\/\/www.regioncuatronoticias.com\/index.php\/wp-json\/wp\/v2\/tags?post=44585"}],"curies":[{"name":"wp","href":"https:\/\/api.w.org\/{rel}","templated":true}]}}