{"id":44576,"date":"2026-09-01T22:43:32","date_gmt":"2026-09-02T05:43:32","guid":{"rendered":"https:\/\/www.regioncuatronoticias.com\/?p=44576"},"modified":"2026-09-01T22:43:33","modified_gmt":"2026-09-02T05:43:33","slug":"septiembre-el-mes-mas-intenso-del-ano","status":"publish","type":"post","link":"https:\/\/www.regioncuatronoticias.com\/index.php\/2026\/09\/01\/septiembre-el-mes-mas-intenso-del-ano\/","title":{"rendered":"Septiembre, el mes m\u00e1s intenso del a\u00f1o"},"content":{"rendered":"\n<p class=\"wp-block-paragraph\"><strong>Columna De Primera Mano<\/strong><\/p>\n\n\n\n<p class=\"wp-block-paragraph\"><strong>Francisco Javier Ruiz Quirr\u00edn<\/strong><\/p>\n\n\n\n<p class=\"wp-block-paragraph\"><strong>Septiembre, el mes m\u00e1s intenso del a\u00f1o<\/strong><\/p>\n\n\n\n<p class=\"wp-block-paragraph\"><strong>Martes 1 de septiembre de 2026<\/strong><\/p>\n\n\n\n<p class=\"wp-block-paragraph\"><strong>EN SEPTIEMBRE<\/strong> se consolidan los resultados de todas nuestras actividades del a\u00f1o. Es como un parteaguas anual. Tambi\u00e9n en este mes tienes qu\u00e9 impulsar la \u00faltima parte del ciclo para sacarlo adelante y esperar con mejores planes el 2027.<\/p>\n\n\n\n<p class=\"wp-block-paragraph\">Luego la agenda septembrina. Es el mes de la Patria. Los honores al L\u00e1baro Patrio se deben llevar a cabo los pr\u00f3ximos 30 d\u00edas y en el caso del gobierno, por los integrantes de todas las dependencias, cada una, en orden.<\/p>\n\n\n\n<p class=\"wp-block-paragraph\">Hoy arranca el mes, adem\u00e1s, con la lectura del informe presidencial, en este tiempo de parte de Claudia Sheinbaum, titular del Poder Ejecutivo Federal (y de los otros dos poderes, habr\u00eda que decirlo) para conocer el estado de cosas de su segundo a\u00f1o de mandato y donde seguramente se resaltar\u00e1 una disminuci\u00f3n del n\u00famero de homicidios a diferencia de otros sexenios, separados ya los feminicidios y las desapariciones. Es el lenguaje oficial, pues. Hay que entenderlo.<\/p>\n\n\n\n<p class=\"wp-block-paragraph\">Hoy tambi\u00e9n se instala el periodo ordinario de sesiones en el Congreso de la Uni\u00f3n, tanto en la C\u00e1mara de Diputados como en la C\u00e1mara de Senadores. En esta \u00faltima caus\u00f3 furor la presencia a manera de regreso del senador Enrique Inzunza, se\u00f1alado junto a Rub\u00e9n Rocha Moya por Estados Unidos, como amigo de los \u201cnarcos\u201d.<\/p>\n\n\n\n<p class=\"wp-block-paragraph\">En Sonora iniciar\u00e1 un nuevo periodo ordinario de sesiones en el Congreso del Estado, con nueva mesa directiva y renovados br\u00edos de las y los legisladores que, como chapulines, aspiran a ocupar otro cargo m\u00e1s, una candidatura o \u201cganarla\u201d con la pr\u00f3xima gobernadora o gobernador para seguir en el presupuesto.<\/p>\n\n\n\n<p class=\"wp-block-paragraph\">De hecho, apenas horas antes, inici\u00f3 formalmente el ciclo escolar 2026-2027, con la novedad anunciada por la presidenta de la rep\u00fablica que ahora se pondr\u00e1 en marcha el proyecto \u201cABC de las emociones\u201d para adentrarse a los problemas internos de los adolescentes. Se escucha bien. Solo esperemos que no se preocupen mucho por inyectarles a las nuevas generaciones una carga ideol\u00f3gica basada en el odio de clases.<\/p>\n\n\n\n<p class=\"wp-block-paragraph\">Tambi\u00e9n septiembre es el mes del testamento y ya deben darse los preparativos para la ceremonia del \u201cGrito\u201d la noche del 15 de septiembre y el desfilo c\u00edvico y deportivo del d\u00eda siguiente, el 16. Por cierto, habr\u00e1 un \u201cpuente\u201d largu\u00edsimo, empezando el viernes y terminando el mi\u00e9rcoles.<\/p>\n\n\n\n<p class=\"wp-block-paragraph\">El d\u00eda 13 del mes el gobernador Alfonso Durazo deber\u00e1 rendir su V Informe de Gobierno, para arrancar despu\u00e9s con el \u00faltimo tir\u00f3n de su mandato, en el que deber\u00e1 consolidar su obra p\u00fablica y ejercer un control absoluto de los hilos que mover\u00e1n el pr\u00f3ximo proceso electoral para hacer que MORENA resulte victorioso.<\/p>\n\n\n\n<p class=\"wp-block-paragraph\">Finalmente, y de enorme trascendencia para nuestra empresa, el d\u00eda 15 \u201cPrimera Plana\u201d, arriba a sus 43 a\u00f1os de vida\u2026 Nada m\u00e1s.<\/p>\n\n\n\n<p class=\"wp-block-paragraph\"><strong>ANTE<\/strong> un cuestionamiento directo de parte de la colega Soledad Durazo en su programa de Radio F\u00f3rmula, Natalia Rivera Grijalva agradeci\u00f3 las invitaciones que ha recibido para unirse a los partidos pol\u00edticos distintos a Movimiento Ciudadano, el cual para ella ya es historia\u2026 Hubo una menci\u00f3n especial sobre Antonio<\/p>\n\n\n\n<p class=\"wp-block-paragraph\">Astiazar\u00e1n y la posibilidad ahora de unirse a su equipo\u2026 Ella no lo admiti\u00f3 abiertamente, pero tampoco lo desminti\u00f3.<\/p>\n\n\n\n<p class=\"wp-block-paragraph\"><strong>EN REALIDAD,<\/strong> se ha detenido temporalmente la exportaci\u00f3n de ganado en pie a los Estados Unidos, por el af\u00e1n de algunos ganaderos de incluir animales de m\u00e1s de 300 kilos de peso, lo que no soport\u00f3 la trampa instalada en la estaci\u00f3n cuarentenaria de Agua Prieta, exclusiva para becerros de mucho menor peso\u2026 Es decir, la nueva suspensi\u00f3n no fue originada por una orden de una autoridad estadounidense o mexicana\u2026 Juan Ochoa, presidente de la Uni\u00f3n Ganadera Regional de Sonora, asegura que en un par de d\u00edas m\u00e1s quedar\u00e1 solucionado el problema, con una trampa que importar\u00e1n de Douglas, Arizona, a Agua Prieta, Sonora.<\/p>\n\n\n\n<p class=\"wp-block-paragraph\"><strong>LA FISCAL\u00cdA<\/strong> General de Justicia del Estado, ha interrogado a 24 personas para llegar a la verdad en el caso de la incursi\u00f3n de un grupo armado en el Centro de Usos M\u00faltiples en Hermosillo el pasado viernes por la noche\u2026 En una primera conclusi\u00f3n, asegura que los hechos se produjeron por un enfrentamiento entre grupos rivales dedicados al narcomenudeo, pero han puesto mucha atenci\u00f3n en tratar de dejar en claro que no se debi\u00f3 a un \u201ccobro de piso\u201d\u2026 Los interrogatorios est\u00e1n llegando incluso hasta el titular de la Comisi\u00f3n del Deporte en el Estado (CODESON) Erubiel Durazo C\u00e1rdenas.<\/p>\n\n\n\n<p class=\"wp-block-paragraph\"><strong>AYER<\/strong> trascendi\u00f3 que Sonora tiene nuevo delegado de la Fiscal\u00eda General de la Rep\u00fablica (FGR) en la persona de Gerardo P\u00e9rez Fuentes, quien ya hab\u00eda ocupado el mismo cargo durante el sexenio del gobernador Guillermo Padr\u00e9s.<\/p>\n\n\n\n<p class=\"wp-block-paragraph\"><strong>QUE LA EMPRESA<\/strong> \u201cEnkoll\u201d, contratada por MORENA para llevar a cabo las encuestas para la designaci\u00f3n de la coordinadora o el coordinador de la 4-T en Sonora, se vio envuelta en propuestas de aspirantes para verse favorecidos en los resultados\u2026 Eso orill\u00f3 a la dirigencia nacional de ese partido a retrasar fechas para el anuncio final\u2026 Grave error\u2026 Por un lado, la corrupci\u00f3n manifiesta de quienes desean gobernar Sonora y, por otro, la tremenda falla de la empresa al aparecer p\u00fablicamente.<\/p>\n","protected":false},"excerpt":{"rendered":"<p>Columna De Primera Mano Francisco Javier Ruiz Quirr\u00edn Septiembre, el mes m\u00e1s intenso del a\u00f1o Martes 1 de septiembre de 2026 EN SEPTIEMBRE se consolidan los resultados de todas nuestras actividades del a\u00f1o. Es como un parteaguas anual. Tambi\u00e9n en este mes tienes qu\u00e9 impulsar la \u00faltima parte del ciclo para sacarlo adelante y esperar [&hellip;]<\/p>\n","protected":false},"author":1,"featured_media":44577,"comment_status":"open","ping_status":"open","sticky":false,"template":"","format":"standard","meta":{"content-type":"","footnotes":""},"categories":[124],"tags":[],"class_list":["post-44576","post","type-post","status-publish","format-standard","has-post-thumbnail","category-francisco-javier-ruiz-quirrin"],"_links":{"self":[{"href":"https:\/\/www.regioncuatronoticias.com\/index.php\/wp-json\/wp\/v2\/posts\/44576","targetHints":{"allow":["GET"]}}],"collection":[{"href":"https:\/\/www.regioncuatronoticias.com\/index.php\/wp-json\/wp\/v2\/posts"}],"about":[{"href":"https:\/\/www.regioncuatronoticias.com\/index.php\/wp-json\/wp\/v2\/types\/post"}],"author":[{"embeddable":true,"href":"https:\/\/www.regioncuatronoticias.com\/index.php\/wp-json\/wp\/v2\/users\/1"}],"replies":[{"embeddable":true,"href":"https:\/\/www.regioncuatronoticias.com\/index.php\/wp-json\/wp\/v2\/comments?post=44576"}],"version-history":[{"count":1,"href":"https:\/\/www.regioncuatronoticias.com\/index.php\/wp-json\/wp\/v2\/posts\/44576\/revisions"}],"predecessor-version":[{"id":44578,"href":"https:\/\/www.regioncuatronoticias.com\/index.php\/wp-json\/wp\/v2\/posts\/44576\/revisions\/44578"}],"wp:featuredmedia":[{"embeddable":true,"href":"https:\/\/www.regioncuatronoticias.com\/index.php\/wp-json\/wp\/v2\/media\/44577"}],"wp:attachment":[{"href":"https:\/\/www.regioncuatronoticias.com\/index.php\/wp-json\/wp\/v2\/media?parent=44576"}],"wp:term":[{"taxonomy":"category","embeddable":true,"href":"https:\/\/www.regioncuatronoticias.com\/index.php\/wp-json\/wp\/v2\/categories?post=44576"},{"taxonomy":"post_tag","embeddable":true,"href":"https:\/\/www.regioncuatronoticias.com\/index.php\/wp-json\/wp\/v2\/tags?post=44576"}],"curies":[{"name":"wp","href":"https:\/\/api.w.org\/{rel}","templated":true}]}}