{"id":44570,"date":"2026-09-01T22:39:52","date_gmt":"2026-09-02T05:39:52","guid":{"rendered":"https:\/\/www.regioncuatronoticias.com\/?p=44570"},"modified":"2026-09-01T22:39:53","modified_gmt":"2026-09-02T05:39:53","slug":"adios-celulares-en-las-aulas","status":"publish","type":"post","link":"https:\/\/www.regioncuatronoticias.com\/index.php\/2026\/09\/01\/adios-celulares-en-las-aulas\/","title":{"rendered":"Adi\u00f3s, celulares en las aulas"},"content":{"rendered":"\n<p class=\"wp-block-paragraph\"><strong>Columna Corren Rumores<\/strong><\/p>\n\n\n\n<p class=\"wp-block-paragraph\"><strong>Hilario Olea<\/strong><\/p>\n\n\n\n<p class=\"wp-block-paragraph\"><strong>Adi\u00f3s, celulares en las aulas<\/strong><\/p>\n\n\n\n<p class=\"wp-block-paragraph\"><strong>Martes 1 de septiembre de 2026<\/strong><\/p>\n\n\n\n<p class=\"wp-block-paragraph\"><strong>MAESTROS DE ACUERDO\u2026<\/strong> Si se respeta la opini\u00f3n del magisterio hay que decir adi\u00f3s a los celulares en los salones de clases, porque el 81% de los maestros en M\u00e9xico est\u00e1n de acuerdo en que se regule el uso de los celulares en las escuelas, afirm\u00f3 Mario Delgado Carrillo, secretario de Educaci\u00f3n P\u00fablica. Esto luego de la consulta realizada a los comit\u00e9s t\u00e9cnicos de las escuelas, en la que los maestros coincidieron en la necesidad de regular los dispositivos digitales en las aulas. M\u00e1s de medio mill\u00f3n de maestros participaron en la encuesta a trav\u00e9s del internet. Ahora falta ver qu\u00e9 sistema se impondr\u00e1 para regular los celulares en los salones. En M\u00e9xico ya hay 16 estados que han controlado su uso para menores de edad. En Sonora todav\u00eda les tiemblan las corvas.<\/p>\n\n\n\n<p class=\"wp-block-paragraph\"><strong>NO PONEN ATENCI\u00d3N\u2026<\/strong> De acuerdo con esta consulta el 48% de los maestros dicen que dificulta mantener la atenci\u00f3n, el 38% que interrumpe las actividades escolares y est\u00e1n detectando ya que conflictos que se generan en las redes se trasladan al aula y a la escuela. Sumen a esto el estudio de Harvard que muestras que por la adicci\u00f3n de las redes sociales los menores de edad han bajado hasta 7 puntos en su coeficiente intelectual.&nbsp; Por lo mismo urge una soluci\u00f3n a este grave problema del abuso de redes, celulares y tabletas.&nbsp; Bien dice la presidenta Sheinbaum, &nbsp;que hay que volver al papel y al l\u00e1piz.<\/p>\n\n\n\n<p class=\"wp-block-paragraph\"><strong>SEGUNDO INFORME\u2026<\/strong> Hoy,&nbsp; la presidenta Sheinbaum presentar\u00e1 su segundo informe de gobierno.&nbsp; Desde luego que como marcan los c\u00e1nones debe destacar lo mejor y maquillar lo malito, que dicho sea de paso es muchito.&nbsp; Pero lo interesante es el mensaje pol\u00edtico donde se ver\u00e1 hasta donde ha tomado el control de gobierno y no depende ya lo que manden desde Palenque. Sin entrar en abierto rompimiento puede dejar en claro quien es la que manda en el pa\u00eds.&nbsp; El mensaje debe ser claro. Ahora que si solo se limita a cifras y datos significa que Palenque sigue mandando. Pero eso lo veremos hoy con la parte pol\u00edtica del informe.&nbsp; No se lo pierdan porque se va a poner muy bueno.<\/p>\n\n\n\n<p class=\"wp-block-paragraph\"><strong>NO HABR\u00c1 DESTAPES\u2026<\/strong> Precisamente para no hacerle sobra a la promoci\u00f3n del informe comentan que esta semana no habr\u00e1 destapes de candidatos a gobernador o como los llamen en Morena.&nbsp; Habr\u00e1 una pausa lo que les da m\u00e1s juego a los aspirantes aunque me dicen que ya se realizaron las encuestas y los resultados ya est\u00e1n en palacio nacional y en la dirigencia de Morena. Pero aseguran que no le va&nbsp; estorbar&nbsp; ganando espacios a la difusi\u00f3n del segundo informe.&nbsp; Pero de que ya el cochito est\u00e1 horneado y bien horneado. Es posible que la nueva lista de candidatos salga el 8 de septiembre y ah\u00ed vaya Sonora. Vivillos para no ser sorprendidos.<\/p>\n\n\n\n<p class=\"wp-block-paragraph\"><strong>En fin, pero como dijo el Chente Uruchurtu: \u00c1rbol que nace torcido, no llega a candidato. Sale.<\/strong><\/p>\n\n\n\n<p class=\"wp-block-paragraph\"><strong>Cuenta de X o Twitter @hilarioolea.<\/strong><\/p>\n\n\n\n<p class=\"wp-block-paragraph\"><strong>Pueden vernos de lunes a viernes de 8 a 9 de la noche en nuestro canal de YouTube \u201cEntre Todos Digital\u201d.<\/strong><\/p>\n\n\n\n<p class=\"wp-block-paragraph\"><strong>Sigan nuestras redes sociales.<\/strong><\/p>\n","protected":false},"excerpt":{"rendered":"<p>Columna Corren Rumores Hilario Olea Adi\u00f3s, celulares en las aulas Martes 1 de septiembre de 2026 MAESTROS DE ACUERDO\u2026 Si se respeta la opini\u00f3n del magisterio hay que decir adi\u00f3s a los celulares en los salones de clases, porque el 81% de los maestros en M\u00e9xico est\u00e1n de acuerdo en que se regule el uso [&hellip;]<\/p>\n","protected":false},"author":1,"featured_media":44571,"comment_status":"open","ping_status":"open","sticky":false,"template":"","format":"standard","meta":{"content-type":"","footnotes":""},"categories":[121],"tags":[],"class_list":["post-44570","post","type-post","status-publish","format-standard","has-post-thumbnail","category-hilarioolea"],"_links":{"self":[{"href":"https:\/\/www.regioncuatronoticias.com\/index.php\/wp-json\/wp\/v2\/posts\/44570","targetHints":{"allow":["GET"]}}],"collection":[{"href":"https:\/\/www.regioncuatronoticias.com\/index.php\/wp-json\/wp\/v2\/posts"}],"about":[{"href":"https:\/\/www.regioncuatronoticias.com\/index.php\/wp-json\/wp\/v2\/types\/post"}],"author":[{"embeddable":true,"href":"https:\/\/www.regioncuatronoticias.com\/index.php\/wp-json\/wp\/v2\/users\/1"}],"replies":[{"embeddable":true,"href":"https:\/\/www.regioncuatronoticias.com\/index.php\/wp-json\/wp\/v2\/comments?post=44570"}],"version-history":[{"count":1,"href":"https:\/\/www.regioncuatronoticias.com\/index.php\/wp-json\/wp\/v2\/posts\/44570\/revisions"}],"predecessor-version":[{"id":44572,"href":"https:\/\/www.regioncuatronoticias.com\/index.php\/wp-json\/wp\/v2\/posts\/44570\/revisions\/44572"}],"wp:featuredmedia":[{"embeddable":true,"href":"https:\/\/www.regioncuatronoticias.com\/index.php\/wp-json\/wp\/v2\/media\/44571"}],"wp:attachment":[{"href":"https:\/\/www.regioncuatronoticias.com\/index.php\/wp-json\/wp\/v2\/media?parent=44570"}],"wp:term":[{"taxonomy":"category","embeddable":true,"href":"https:\/\/www.regioncuatronoticias.com\/index.php\/wp-json\/wp\/v2\/categories?post=44570"},{"taxonomy":"post_tag","embeddable":true,"href":"https:\/\/www.regioncuatronoticias.com\/index.php\/wp-json\/wp\/v2\/tags?post=44570"}],"curies":[{"name":"wp","href":"https:\/\/api.w.org\/{rel}","templated":true}]}}