{"id":44567,"date":"2026-09-01T22:37:36","date_gmt":"2026-09-02T05:37:36","guid":{"rendered":"https:\/\/www.regioncuatronoticias.com\/?p=44567"},"modified":"2026-09-01T22:37:36","modified_gmt":"2026-09-02T05:37:36","slug":"los-datos-contra-la-comentocracia","status":"publish","type":"post","link":"https:\/\/www.regioncuatronoticias.com\/index.php\/2026\/09\/01\/los-datos-contra-la-comentocracia\/","title":{"rendered":"Los datos contra la comentocracia"},"content":{"rendered":"\n<p class=\"wp-block-paragraph\"><strong>Columna Olor A Dinero<\/strong><\/p>\n\n\n\n<p class=\"wp-block-paragraph\"><strong>Feliciano J. Espriella<\/strong><\/p>\n\n\n\n<p class=\"wp-block-paragraph\"><strong>Los datos contra la comentocracia<\/strong><\/p>\n\n\n\n<p class=\"wp-block-paragraph\"><strong>Mi\u00e9rcoles 2 de septiembre de 2026<\/strong><\/p>\n\n\n\n<p class=\"wp-block-paragraph\">Mientras la comentocracia busca las mangas del chaleco para sostener la narrativa del desastre, el Segundo Informe de Claudia Sheinbaum coloca cifras sobre la mesa: salarios, inversi\u00f3n, empleo, programas sociales y seguridad. Se pueden discutir las interpretaciones; los datos, primero hay que confrontarlos.<\/p>\n\n\n\n<p class=\"wp-block-paragraph\">Para los analistas de escritorio especializados en encontrarle mangas al chaleco a cualquier logro gubernamental, el Segundo Informe de Gobierno de Claudia Sheinbaum ser\u00e1 otro magn\u00edfico pretexto para ejercitar el catastrofismo.<\/p>\n\n\n\n<p class=\"wp-block-paragraph\">Nada nuevo bajo el sol.<\/p>\n\n\n\n<p class=\"wp-block-paragraph\">Pero m\u00e1s all\u00e1 del ruido, las filias y las fobias, el periodismo obliga a revisar los datos. Y los presentados por la Presidenta al cumplirse 23 meses de gobierno dibujan un pa\u00eds bastante distinto al que diariamente describen quienes llevan a\u00f1os anunciando que M\u00e9xico est\u00e1 a punto de despe\u00f1arse.<\/p>\n\n\n\n<p class=\"wp-block-paragraph\">Empecemos por el bolsillo.<\/p>\n\n\n\n<p class=\"wp-block-paragraph\">El salario m\u00ednimo mensual pas\u00f3 de alrededor de 2,800 pesos en 2018 a 9,582 pesos en 2026. En t\u00e9rminos reales, su poder adquisitivo aument\u00f3 154 por ciento. En la frontera norte alcanza los 13,409 pesos mensuales, mientras el salario promedio de la econom\u00eda formal lleg\u00f3 a un m\u00e1ximo hist\u00f3rico de 20,212 pesos.<\/p>\n\n\n\n<p class=\"wp-block-paragraph\">No es poca cosa.<\/p>\n\n\n\n<p class=\"wp-block-paragraph\">A ello se suma la reforma que reducir\u00e1 paulatinamente la jornada laboral hasta alcanzar las 40 horas semanales en 2030 y un dato particularmente significativo: la pobreza laboral se encuentra en su menor nivel desde 2005.<\/p>\n\n\n\n<p class=\"wp-block-paragraph\">Luego vienen aquellos capitales que, seg\u00fan algunos augurios, deber\u00edan estar huyendo despavoridos del pa\u00eds.<\/p>\n\n\n\n<p class=\"wp-block-paragraph\">Resulta que hicieron exactamente lo contrario.<\/p>\n\n\n\n<p class=\"wp-block-paragraph\">Durante el primer semestre de 2026 M\u00e9xico recibi\u00f3 alrededor de 35 mil millones de d\u00f3lares de Inversi\u00f3n Extranjera Directa, cifra r\u00e9cord. Y en el segundo trimestre el PIB creci\u00f3 1.4 por ciento respecto al trimestre anterior y 1.9 por ciento frente al mismo periodo de 2025.<\/p>\n\n\n\n<p class=\"wp-block-paragraph\">\u00bfEs un crecimiento espectacular? No.<\/p>\n\n\n\n<p class=\"wp-block-paragraph\">\u00bfEs el desastre tantas veces anunciado? Tampoco.<\/p>\n\n\n\n<p class=\"wp-block-paragraph\">Y aqu\u00ed aparece otra parte interesante del informe.<\/p>\n\n\n\n<p class=\"wp-block-paragraph\">En 2025, los ingresos del Gobierno Federal alcanzaron la cifra hist\u00f3rica de 6 billones 46 mil millones de pesos: 487 mil millones m\u00e1s que en 2024. Para agosto de este a\u00f1o la recaudaci\u00f3n ya superaba en 149 mil millones de pesos la registrada durante el mismo periodo de 2025.<\/p>\n\n\n\n<p class=\"wp-block-paragraph\">Paralelamente, el gobierno reporta una reducci\u00f3n de 200 mil millones de pesos en gasto corriente respecto de 2024, sin afectar las \u00e1reas sustantivas.<\/p>\n\n\n\n<p class=\"wp-block-paragraph\">Ese dinero ayuda a explicar la dimensi\u00f3n alcanzada por la pol\u00edtica social.<\/p>\n\n\n\n<p class=\"wp-block-paragraph\">Al cierre de 2026, los Programas para el Bienestar llegar\u00e1n a 42 millones 860 mil derechohabientes, con una inversi\u00f3n cercana al bill\u00f3n de pesos.<\/p>\n\n\n\n<p class=\"wp-block-paragraph\">Son 13.7 millones de adultos mayores recibiendo una pensi\u00f3n de 6,400 pesos bimestrales; 2.8 millones de mujeres de entre 60 y 64 a\u00f1os incorporadas a Mujeres Bienestar y millones de estudiantes cubiertos por los distintos sistemas de becas.<\/p>\n\n\n\n<p class=\"wp-block-paragraph\">Y queda el terreno m\u00e1s delicado: la seguridad.<\/p>\n\n\n\n<p class=\"wp-block-paragraph\">Aqu\u00ed conviene ser especialmente cuidadosos porque M\u00e9xico est\u00e1 todav\u00eda muy lejos de poder declararse satisfecho.<\/p>\n\n\n\n<p class=\"wp-block-paragraph\">Pero tampoco pueden ignorarse los resultados.<\/p>\n\n\n\n<p class=\"wp-block-paragraph\">Seg\u00fan las cifras presentadas, el promedio diario de homicidios dolosos disminuy\u00f3 51 por ciento desde el inicio de la administraci\u00f3n, equivalente a 44 asesinatos menos cada d\u00eda. Julio registr\u00f3 el promedio diario m\u00e1s bajo de los \u00faltimos 11 a\u00f1os.<\/p>\n\n\n\n<p class=\"wp-block-paragraph\">Adem\u00e1s, entre octubre de 2024 y julio de 2026 fueron detenidas m\u00e1s de 63 mil personas relacionadas con delitos, decomisadas 32,824 armas de fuego y 519 toneladas de droga, y desmantelados 2,725 laboratorios clandestinos y \u00e1reas para elaboraci\u00f3n de metanfetaminas.<\/p>\n\n\n\n<p class=\"wp-block-paragraph\">\u00bfSignifica todo esto que M\u00e9xico ya resolvi\u00f3 sus problemas?<\/p>\n\n\n\n<p class=\"wp-block-paragraph\">Por supuesto que no.<\/p>\n\n\n\n<p class=\"wp-block-paragraph\">Persisten enormes desaf\u00edos en crecimiento, inversi\u00f3n nacional, salud, seguridad, desapariciones, infraestructura y calidad de los servicios p\u00fablicos. Pretender ocultarlos ser\u00eda tan absurdo como negar los avances.<\/p>\n\n\n\n<p class=\"wp-block-paragraph\">Pero existe una diferencia fundamental entre se\u00f1alar pendientes y construir diariamente la narrativa de un pa\u00eds en ruinas.<\/p>\n\n\n\n<p class=\"wp-block-paragraph\">El Segundo Informe ofrece suficiente material para debatir al gobierno de Claudia Sheinbaum. Lo que resulta cada vez m\u00e1s dif\u00edcil es hacerlo desde el apocalipsis permanente.<\/p>\n\n\n\n<p class=\"wp-block-paragraph\">Porque al final, entre el estruendo de la comentocracia y la realidad, existe un \u00e1rbitro bastante inc\u00f3modo.<\/p>\n\n\n\n<p class=\"wp-block-paragraph\">Se llama dato.<\/p>\n\n\n\n<p class=\"wp-block-paragraph\">Y suele ser muy terco.<\/p>\n\n\n\n<p class=\"wp-block-paragraph\">Por hoy fue todo. Gracias por su tolerancia y hasta la pr\u00f3xima.<\/p>\n","protected":false},"excerpt":{"rendered":"<p>Columna Olor A Dinero Feliciano J. Espriella Los datos contra la comentocracia Mi\u00e9rcoles 2 de septiembre de 2026 Mientras la comentocracia busca las mangas del chaleco para sostener la narrativa del desastre, el Segundo Informe de Claudia Sheinbaum coloca cifras sobre la mesa: salarios, inversi\u00f3n, empleo, programas sociales y seguridad. Se pueden discutir las interpretaciones; [&hellip;]<\/p>\n","protected":false},"author":1,"featured_media":44568,"comment_status":"open","ping_status":"open","sticky":false,"template":"","format":"standard","meta":{"content-type":"","footnotes":""},"categories":[127],"tags":[],"class_list":["post-44567","post","type-post","status-publish","format-standard","has-post-thumbnail","category-felicianojespriella"],"_links":{"self":[{"href":"https:\/\/www.regioncuatronoticias.com\/index.php\/wp-json\/wp\/v2\/posts\/44567","targetHints":{"allow":["GET"]}}],"collection":[{"href":"https:\/\/www.regioncuatronoticias.com\/index.php\/wp-json\/wp\/v2\/posts"}],"about":[{"href":"https:\/\/www.regioncuatronoticias.com\/index.php\/wp-json\/wp\/v2\/types\/post"}],"author":[{"embeddable":true,"href":"https:\/\/www.regioncuatronoticias.com\/index.php\/wp-json\/wp\/v2\/users\/1"}],"replies":[{"embeddable":true,"href":"https:\/\/www.regioncuatronoticias.com\/index.php\/wp-json\/wp\/v2\/comments?post=44567"}],"version-history":[{"count":1,"href":"https:\/\/www.regioncuatronoticias.com\/index.php\/wp-json\/wp\/v2\/posts\/44567\/revisions"}],"predecessor-version":[{"id":44569,"href":"https:\/\/www.regioncuatronoticias.com\/index.php\/wp-json\/wp\/v2\/posts\/44567\/revisions\/44569"}],"wp:featuredmedia":[{"embeddable":true,"href":"https:\/\/www.regioncuatronoticias.com\/index.php\/wp-json\/wp\/v2\/media\/44568"}],"wp:attachment":[{"href":"https:\/\/www.regioncuatronoticias.com\/index.php\/wp-json\/wp\/v2\/media?parent=44567"}],"wp:term":[{"taxonomy":"category","embeddable":true,"href":"https:\/\/www.regioncuatronoticias.com\/index.php\/wp-json\/wp\/v2\/categories?post=44567"},{"taxonomy":"post_tag","embeddable":true,"href":"https:\/\/www.regioncuatronoticias.com\/index.php\/wp-json\/wp\/v2\/tags?post=44567"}],"curies":[{"name":"wp","href":"https:\/\/api.w.org\/{rel}","templated":true}]}}