{"id":44564,"date":"2026-09-01T22:33:55","date_gmt":"2026-09-02T05:33:55","guid":{"rendered":"https:\/\/www.regioncuatronoticias.com\/?p=44564"},"modified":"2026-09-01T22:33:55","modified_gmt":"2026-09-02T05:33:55","slug":"el-dia-del-presidente","status":"publish","type":"post","link":"https:\/\/www.regioncuatronoticias.com\/index.php\/2026\/09\/01\/el-dia-del-presidente\/","title":{"rendered":"El d\u00eda del presidente"},"content":{"rendered":"\n<p class=\"wp-block-paragraph\"><strong>Columna Olor A Dinero<\/strong><\/p>\n\n\n\n<p class=\"wp-block-paragraph\"><strong>Feliciano J. Espriella<\/strong><\/p>\n\n\n\n<p class=\"wp-block-paragraph\"><strong>El d\u00eda del presidente<\/strong><\/p>\n\n\n\n<p class=\"wp-block-paragraph\"><strong>Martes 1 de septiembre de 2026<\/strong><\/p>\n\n\n\n<p class=\"wp-block-paragraph\">Sumario: Hubo un tiempo en que cada 1 de septiembre M\u00e9xico pr\u00e1cticamente se deten\u00eda. Era el D\u00eda del Presidente: discursos interminables, aplausos, besamanos y culto al poder. Pero tambi\u00e9n era una jornada esperada con nerviosismo: desde aquella tribuna pod\u00edan anunciarse decisiones capaces de cambiarle la vida al pa\u00eds.<\/p>\n\n\n\n<p class=\"wp-block-paragraph\">Hubo un tiempo en M\u00e9xico en que el 1 de septiembre no era simplemente una fecha en el calendario pol\u00edtico. Era EL D\u00cdA DEL PRESIDENTE.<\/p>\n\n\n\n<p class=\"wp-block-paragraph\">Y as\u00ed, con may\u00fasculas.<\/p>\n\n\n\n<p class=\"wp-block-paragraph\">Era d\u00eda de descanso obligatorio y el pa\u00eds pr\u00e1cticamente se deten\u00eda. Millones de mexicanos aguardaban la jornada con una curiosa mezcla de expectaci\u00f3n, curiosidad, nerviosismo y, en ocasiones, hasta temor.<\/p>\n\n\n\n<p class=\"wp-block-paragraph\">Porque aquel d\u00eda hablaba el Presidente de la Rep\u00fablica.<\/p>\n\n\n\n<p class=\"wp-block-paragraph\">Y cuando hablaba el Presidente, M\u00e9xico escuchaba.<\/p>\n\n\n\n<p class=\"wp-block-paragraph\">La radio y la televisi\u00f3n se encadenaban durante horas; se suspend\u00edan actividades y la jornada adquir\u00eda caracter\u00edsticas de ceremonia nacional. El mandatario recorr\u00eda las calles rumbo al recinto legislativo y alrededor de su figura se desplegaba toda la parafernalia del presidencialismo mexicano.<\/p>\n\n\n\n<p class=\"wp-block-paragraph\">Hoy puede resultar dif\u00edcil imaginar hasta d\u00f3nde llegaba aquella liturgia.<\/p>\n\n\n\n<p class=\"wp-block-paragraph\">Los informes pod\u00edan prolongarse durante horas. Luis Echeverr\u00eda convirti\u00f3 algunos en verdaderas pruebas de resistencia f\u00edsica, con discursos que llegaron a superar las cinco horas y un interminable desfile de vasos de agua sobre la tribuna.<\/p>\n\n\n\n<p class=\"wp-block-paragraph\">Cada determinado n\u00famero de p\u00e1rrafos aparec\u00eda el aplauso.<\/p>\n\n\n\n<p class=\"wp-block-paragraph\">Y otra vez.<\/p>\n\n\n\n<p class=\"wp-block-paragraph\">Y otra.<\/p>\n\n\n\n<p class=\"wp-block-paragraph\">Diputados y senadores de la mayor\u00eda oficialista parec\u00edan competir por demostrar qui\u00e9n celebraba con mayor entusiasmo las palabras del mandatario.<\/p>\n\n\n\n<p class=\"wp-block-paragraph\">Despu\u00e9s ven\u00eda la respuesta del Congreso, durante d\u00e9cadas generalmente respetuosa hasta la obsecuencia. Y posteriormente comenzaba otro espect\u00e1culo: el besamanos.<\/p>\n\n\n\n<p class=\"wp-block-paragraph\">Pol\u00edticos, gobernadores, empresarios, dirigentes sindicales y representantes de pr\u00e1cticamente todos los sectores formaban kilom\u00e9tricas filas para acercarse unos segundos al hombre que concentraba un poder que hoy resulta dif\u00edcil dimensionar.<\/p>\n\n\n\n<p class=\"wp-block-paragraph\">Pero el D\u00eda del Presidente no era solamente boato.<\/p>\n\n\n\n<p class=\"wp-block-paragraph\">Tambi\u00e9n pod\u00eda provocar miedo.<\/p>\n\n\n\n<p class=\"wp-block-paragraph\">Porque desde aquella tribuna pod\u00edan anunciarse decisiones capaces de modificar de golpe la econom\u00eda y, con ella, la vida de millones de mexicanos.<\/p>\n\n\n\n<p class=\"wp-block-paragraph\">Uno de los ejemplos m\u00e1s dram\u00e1ticos ocurri\u00f3 en 1976.<\/p>\n\n\n\n<p class=\"wp-block-paragraph\">Durante 22 a\u00f1os el peso hab\u00eda mantenido una paridad pr\u00e1cticamente sagrada de 12.50 por d\u00f3lar. Era mucho m\u00e1s que un tipo de cambio: se hab\u00eda convertido en s\u00edmbolo de estabilidad y orgullo econ\u00f3mico nacional.<\/p>\n\n\n\n<p class=\"wp-block-paragraph\">El 31 de agosto, unas horas antes del \u00faltimo informe de Echeverr\u00eda, el gobierno anunci\u00f3 que abandonaba aquella paridad y colocaba al peso en \u201cflotaci\u00f3n\u201d.<\/p>\n\n\n\n<p class=\"wp-block-paragraph\">La palabra devaluaci\u00f3n era demasiado desagradable.<\/p>\n\n\n\n<p class=\"wp-block-paragraph\">El resultado no.<\/p>\n\n\n\n<p class=\"wp-block-paragraph\">La moneda pas\u00f3 r\u00e1pidamente de 12.50 a alrededor de 20 y posteriormente 22 pesos por d\u00f3lar. Se desataron compras de p\u00e1nico y millones de mexicanos descubrieron brutalmente que sus pesos pod\u00edan perder valor de la noche a la ma\u00f1ana.<\/p>\n\n\n\n<p class=\"wp-block-paragraph\">Pero si alg\u00fan D\u00eda del Presidente alcanz\u00f3 dimensiones de tragedia econ\u00f3mica fue el 1 de septiembre de 1982.<\/p>\n\n\n\n<p class=\"wp-block-paragraph\">Jos\u00e9 L\u00f3pez Portillo lleg\u00f3 a su Sexto Informe con el pa\u00eds sumergido en una crisis de deuda, fuga de capitales y fuertes devaluaciones.<\/p>\n\n\n\n<p class=\"wp-block-paragraph\">Y solt\u00f3 la bomba.<\/p>\n\n\n\n<p class=\"wp-block-paragraph\">Anunci\u00f3 el control generalizado de cambios y la nacionalizaci\u00f3n de la banca privada.<\/p>\n\n\n\n<p class=\"wp-block-paragraph\">Fue adem\u00e1s uno de los momentos m\u00e1s teatrales del presidencialismo mexicano. L\u00f3pez Portillo golpe\u00f3 la tribuna, denunci\u00f3 el saqueo del pa\u00eds y termin\u00f3 llorando al pedir perd\u00f3n a los pobres por no haber logrado sacarlos de su miseria.<\/p>\n\n\n\n<p class=\"wp-block-paragraph\">Aquella ceremonia que pretend\u00eda mostrar la fortaleza del Presidente termin\u00f3 exhibiendo la magnitud del desastre.<\/p>\n\n\n\n<p class=\"wp-block-paragraph\">Los tiempos, afortunadamente, comenzaron a cambiar.<\/p>\n\n\n\n<p class=\"wp-block-paragraph\">En 1988 ocurri\u00f3 algo que pocos a\u00f1os antes habr\u00eda parecido sacrilegio: Porfirio Mu\u00f1oz Ledo interrumpi\u00f3 el \u00faltimo informe de Miguel de la Madrid y pidi\u00f3 p\u00fablicamente interpelarlo.<\/p>\n\n\n\n<p class=\"wp-block-paragraph\">El recinto estall\u00f3.<\/p>\n\n\n\n<p class=\"wp-block-paragraph\">Los priistas le gritaron \u201c\u00a1traidor!\u201d y el solemne ritual presidencial comenz\u00f3 a resquebrajarse.<\/p>\n\n\n\n<p class=\"wp-block-paragraph\">Despu\u00e9s vendr\u00edan las protestas contra Carlos Salinas, las pancartas, los legisladores dando la espalda y hasta Marco Rasc\u00f3n coloc\u00e1ndose una m\u00e1scara de cerdo durante un informe de Ernesto Zedillo.<\/p>\n\n\n\n<p class=\"wp-block-paragraph\">El presidencialismo ya no pod\u00eda mantener intacta su escenograf\u00eda.<\/p>\n\n\n\n<p class=\"wp-block-paragraph\">En 1997 el PRI perdi\u00f3 la mayor\u00eda absoluta en la C\u00e1mara de Diputados y ocurri\u00f3 algo todav\u00eda m\u00e1s simb\u00f3lico: Mu\u00f1oz Ledo, ahora como presidente de la C\u00e1mara, respondi\u00f3 el informe de Zedillo desde la oposici\u00f3n y le record\u00f3 que gobernar tambi\u00e9n significaba escuchar.<\/p>\n\n\n\n<p class=\"wp-block-paragraph\">El viejo D\u00eda del Presidente agonizaba.<\/p>\n\n\n\n<p class=\"wp-block-paragraph\">Fox ya no pudo siquiera subir a la tribuna en 2006; Calder\u00f3n entreg\u00f3 su informe en 2007 entre protestas y, finalmente, la reforma constitucional de 2008 elimin\u00f3 la obligaci\u00f3n presidencial de acudir al Congreso.<\/p>\n\n\n\n<p class=\"wp-block-paragraph\">M\u00e9xico gan\u00f3 pluralidad y el Presidente dej\u00f3 de ser aquel personaje casi omnipotente ante quien se inclinaba buena parte del sistema pol\u00edtico.<\/p>\n\n\n\n<p class=\"wp-block-paragraph\">Pero quienes vivimos aquellos a\u00f1os dif\u00edcilmente olvidamos los primeros de septiembre.<\/p>\n\n\n\n<p class=\"wp-block-paragraph\">Era d\u00eda feriado.<\/p>\n\n\n\n<p class=\"wp-block-paragraph\">M\u00e9xico descansaba.<\/p>\n\n\n\n<p class=\"wp-block-paragraph\">El \u00fanico que no descansaba era el presidencialismo. Ese d\u00eda se vest\u00eda de gala para recordarnos qui\u00e9n mandaba.<\/p>\n\n\n\n<p class=\"wp-block-paragraph\">Por hoy fue todo. Gracias por su tolerancia y hasta la pr\u00f3xima.<\/p>\n","protected":false},"excerpt":{"rendered":"<p>Columna Olor A Dinero Feliciano J. Espriella El d\u00eda del presidente Martes 1 de septiembre de 2026 Sumario: Hubo un tiempo en que cada 1 de septiembre M\u00e9xico pr\u00e1cticamente se deten\u00eda. Era el D\u00eda del Presidente: discursos interminables, aplausos, besamanos y culto al poder. Pero tambi\u00e9n era una jornada esperada con nerviosismo: desde aquella tribuna [&hellip;]<\/p>\n","protected":false},"author":1,"featured_media":44565,"comment_status":"open","ping_status":"open","sticky":false,"template":"","format":"standard","meta":{"content-type":"","footnotes":""},"categories":[127],"tags":[],"class_list":["post-44564","post","type-post","status-publish","format-standard","has-post-thumbnail","category-felicianojespriella"],"_links":{"self":[{"href":"https:\/\/www.regioncuatronoticias.com\/index.php\/wp-json\/wp\/v2\/posts\/44564","targetHints":{"allow":["GET"]}}],"collection":[{"href":"https:\/\/www.regioncuatronoticias.com\/index.php\/wp-json\/wp\/v2\/posts"}],"about":[{"href":"https:\/\/www.regioncuatronoticias.com\/index.php\/wp-json\/wp\/v2\/types\/post"}],"author":[{"embeddable":true,"href":"https:\/\/www.regioncuatronoticias.com\/index.php\/wp-json\/wp\/v2\/users\/1"}],"replies":[{"embeddable":true,"href":"https:\/\/www.regioncuatronoticias.com\/index.php\/wp-json\/wp\/v2\/comments?post=44564"}],"version-history":[{"count":1,"href":"https:\/\/www.regioncuatronoticias.com\/index.php\/wp-json\/wp\/v2\/posts\/44564\/revisions"}],"predecessor-version":[{"id":44566,"href":"https:\/\/www.regioncuatronoticias.com\/index.php\/wp-json\/wp\/v2\/posts\/44564\/revisions\/44566"}],"wp:featuredmedia":[{"embeddable":true,"href":"https:\/\/www.regioncuatronoticias.com\/index.php\/wp-json\/wp\/v2\/media\/44565"}],"wp:attachment":[{"href":"https:\/\/www.regioncuatronoticias.com\/index.php\/wp-json\/wp\/v2\/media?parent=44564"}],"wp:term":[{"taxonomy":"category","embeddable":true,"href":"https:\/\/www.regioncuatronoticias.com\/index.php\/wp-json\/wp\/v2\/categories?post=44564"},{"taxonomy":"post_tag","embeddable":true,"href":"https:\/\/www.regioncuatronoticias.com\/index.php\/wp-json\/wp\/v2\/tags?post=44564"}],"curies":[{"name":"wp","href":"https:\/\/api.w.org\/{rel}","templated":true}]}}