{"id":44558,"date":"2026-08-31T23:50:55","date_gmt":"2026-09-01T06:50:55","guid":{"rendered":"https:\/\/www.regioncuatronoticias.com\/?p=44558"},"modified":"2026-08-31T23:50:58","modified_gmt":"2026-09-01T06:50:58","slug":"se-descarrila-otra-vez-tren-maya-en-campeche","status":"publish","type":"post","link":"https:\/\/www.regioncuatronoticias.com\/index.php\/2026\/08\/31\/se-descarrila-otra-vez-tren-maya-en-campeche\/","title":{"rendered":"Se descarrila, otra vez, Tren Maya en Campeche"},"content":{"rendered":"\n<p class=\"wp-block-paragraph\">Informaci\u00f3n de REFORMA<\/p>\n\n\n\n<p class=\"wp-block-paragraph\">Tomado de Para los de a Pie<\/p>\n\n\n\n<p class=\"wp-block-paragraph\">Lunes 31 de agosto de 2926<\/p>\n\n\n\n<p class=\"wp-block-paragraph\">El Tren Maya registr\u00f3 este lunes otro percance, apenas 50 metros despu\u00e9s de salir de la estaci\u00f3n San Francisco de Campeche, en un viaje con destino a M\u00e9rida, Yucat\u00e1n. Ninguno de los 123 pasajeros result\u00f3 lesionado.<\/p>\n\n\n\n<p class=\"wp-block-paragraph\">El incidente ocurri\u00f3 alrededor de las 15:30 horas y afect\u00f3 la parte trasera del convoy. El maquinista detuvo la unidad y los pasajeros permanecieron a bordo mientras recib\u00edan agua y alimentos.<\/p>\n\n\n\n<p class=\"wp-block-paragraph\">Media hora despu\u00e9s, cerca de las 16:00 horas, los usuarios comenzaron a descender en la estaci\u00f3n San Francisco de Campeche con apoyo de personal del Tren Maya.<\/p>\n\n\n\n<p class=\"wp-block-paragraph\">Los pasajeros fueron trasladados por tierra hasta la estaci\u00f3n Edzn\u00e1, donde abordaron otro tren para continuar su recorrido hacia M\u00e9rida.<\/p>\n\n\n\n<p class=\"wp-block-paragraph\">El Tren Maya inform\u00f3 que una comisi\u00f3n especializada ya investiga las causas del percance, aunque hasta ahora no ha precisado qu\u00e9 lo provoc\u00f3.<\/p>\n\n\n\n<p class=\"wp-block-paragraph\">La empresa asegur\u00f3 que el resto de los servicios opera con normalidad, aunque advirti\u00f3 que podr\u00edan registrarse ajustes en horarios o recorridos mientras se realizan las maniobras de revisi\u00f3n.<\/p>\n\n\n\n<p class=\"wp-block-paragraph\">Con el incidente de este lunes, el Tren Maya suma al menos tres percances de v\u00eda con trenes de pasajeros desde el inicio de operaciones. El primero ocurri\u00f3 el 25 de marzo de 2024, cuando un vag\u00f3n se sali\u00f3 de las v\u00edas al pasar por un cambio en Tixkokob, Yucat\u00e1n.<\/p>\n\n\n\n<p class=\"wp-block-paragraph\">El 19 de agosto de 2025, otro vag\u00f3n tuvo un \u201cpercance de v\u00eda\u201d al ingresar a la estaci\u00f3n de Izamal y termin\u00f3 impactando contra otro tren que se encontraba estacionado. En ambos casos no hubo pasajeros lesionados.<\/p>\n\n\n\n<p class=\"wp-block-paragraph\">A estos hechos se suma el descarrilamiento de vagones de carga ocurrido el 30 de enero de 2025 en las inmediaciones de Limones, Quintana Roo, que dej\u00f3 al menos un trabajador lesionado. <\/p>\n\n\n\n<p class=\"wp-block-paragraph\"><strong>https:\/\/paralosdeapie.com.mx\/2026\/08\/31\/se-descarrila-otra-vez-tren-maya-en-campeche<\/strong><\/p>\n","protected":false},"excerpt":{"rendered":"<p>Informaci\u00f3n de REFORMA Tomado de Para los de a Pie Lunes 31 de agosto de 2926 El Tren Maya registr\u00f3 este lunes otro percance, apenas 50 metros despu\u00e9s de salir de la estaci\u00f3n San Francisco de Campeche, en un viaje con destino a M\u00e9rida, Yucat\u00e1n. Ninguno de los 123 pasajeros result\u00f3 lesionado. El incidente ocurri\u00f3 [&hellip;]<\/p>\n","protected":false},"author":1,"featured_media":44559,"comment_status":"open","ping_status":"open","sticky":false,"template":"","format":"standard","meta":{"content-type":"","footnotes":""},"categories":[117,3,105],"tags":[],"class_list":["post-44558","post","type-post","status-publish","format-standard","has-post-thumbnail","category-general","category-mexico","category-principal"],"_links":{"self":[{"href":"https:\/\/www.regioncuatronoticias.com\/index.php\/wp-json\/wp\/v2\/posts\/44558","targetHints":{"allow":["GET"]}}],"collection":[{"href":"https:\/\/www.regioncuatronoticias.com\/index.php\/wp-json\/wp\/v2\/posts"}],"about":[{"href":"https:\/\/www.regioncuatronoticias.com\/index.php\/wp-json\/wp\/v2\/types\/post"}],"author":[{"embeddable":true,"href":"https:\/\/www.regioncuatronoticias.com\/index.php\/wp-json\/wp\/v2\/users\/1"}],"replies":[{"embeddable":true,"href":"https:\/\/www.regioncuatronoticias.com\/index.php\/wp-json\/wp\/v2\/comments?post=44558"}],"version-history":[{"count":1,"href":"https:\/\/www.regioncuatronoticias.com\/index.php\/wp-json\/wp\/v2\/posts\/44558\/revisions"}],"predecessor-version":[{"id":44560,"href":"https:\/\/www.regioncuatronoticias.com\/index.php\/wp-json\/wp\/v2\/posts\/44558\/revisions\/44560"}],"wp:featuredmedia":[{"embeddable":true,"href":"https:\/\/www.regioncuatronoticias.com\/index.php\/wp-json\/wp\/v2\/media\/44559"}],"wp:attachment":[{"href":"https:\/\/www.regioncuatronoticias.com\/index.php\/wp-json\/wp\/v2\/media?parent=44558"}],"wp:term":[{"taxonomy":"category","embeddable":true,"href":"https:\/\/www.regioncuatronoticias.com\/index.php\/wp-json\/wp\/v2\/categories?post=44558"},{"taxonomy":"post_tag","embeddable":true,"href":"https:\/\/www.regioncuatronoticias.com\/index.php\/wp-json\/wp\/v2\/tags?post=44558"}],"curies":[{"name":"wp","href":"https:\/\/api.w.org\/{rel}","templated":true}]}}