{"id":44549,"date":"2026-08-31T23:42:16","date_gmt":"2026-09-01T06:42:16","guid":{"rendered":"https:\/\/www.regioncuatronoticias.com\/?p=44549"},"modified":"2026-08-31T23:42:16","modified_gmt":"2026-09-01T06:42:16","slug":"victimas-de-desaparicion-forzada-en-sonora-tienen-plaza-de-la-memoria-viva-para-ser-recordadas","status":"publish","type":"post","link":"https:\/\/www.regioncuatronoticias.com\/index.php\/2026\/08\/31\/victimas-de-desaparicion-forzada-en-sonora-tienen-plaza-de-la-memoria-viva-para-ser-recordadas\/","title":{"rendered":"V\u00edctimas de desaparici\u00f3n forzada en Sonora tienen \u201cPlaza de la Memoria Viva\u201d para ser recordadas"},"content":{"rendered":"\n<p class=\"wp-block-paragraph\"><strong>Las desapariciones no han disminuido, se\u00f1ala Cecilia Flores tras la marcha realizada en el marco del D\u00eda Internacional de la Desaparici\u00f3n Forzada<\/strong><\/p>\n\n\n\n<p class=\"wp-block-paragraph\">Tomado de Dossier Pol\u00edtico<\/p>\n\n\n\n<p class=\"wp-block-paragraph\">Santiago Garc\u00eda C.<\/p>\n\n\n\n<p class=\"wp-block-paragraph\">Domingo 30 de agosto de 2026<\/p>\n\n\n\n<p class=\"wp-block-paragraph\">Hermosillo, Sonora.- En la Plaza Zaragoza, ubicada frente a Palacio de Gobierno se inaugur\u00f3 por parte de los colectivos de Madres Buscadoras de Sonora \u201cEl Paseo de la Memoria Viva\u201d, donde se colocaron fotos m\u00e1s de 60 v\u00edctimas de desaparici\u00f3n para recordarlas.<\/p>\n\n\n\n<p class=\"wp-block-paragraph\">Esta actividad se realiza en el marco del D\u00eda Internacional de la Desaparici\u00f3n Forzada donde los colectivos de b\u00fasqueda realizaron una marcha desde la plaza Zubeld\u00eda a la Plaza Zaragoza.<\/p>\n\n\n\n<p class=\"wp-block-paragraph\">Cecilia Flores, manifest\u00f3 que no se han visto avances en materia de desapariciones en Sonora y en el pa\u00eds por parte de las autoridades.<\/p>\n\n\n\n<p class=\"wp-block-paragraph\">\u201cLa desaparici\u00f3n no aminora en nada, ustedes pueden ver nuestras redes como est\u00e1n saturadas de personas desaparecidas, no aminoran los homicidios ni las desapariciones, ni el apoyo ha aumentado para las v\u00edctimas en la b\u00fasqueda y en las investigaciones. No hay el apoyo que necesitamos, las b\u00fasquedas las hemos hecho las v\u00edctimas\u201d, manifest\u00f3.<\/p>\n\n\n\n<p class=\"wp-block-paragraph\">Dijo que ya es momento de que la autoridad empiece a realizar las b\u00fasquedas de las personas desaparecidas y ser los colectivos quienes los acompa\u00f1en en esas jornadas,<\/p>\n\n\n\n<p class=\"wp-block-paragraph\"><a href=\"https:\/\/dossierpolitico.com\/2026\/08\/30\/victimas-de-la-desaparicion-forzada-en-sonora-tienen-plaza-de-la-memoria-viva-para-ser-recordadas\/\">https:\/\/dossierpolitico.com\/2026\/08\/30\/victimas-de-la-desaparicion-forzada-en-sonora-tienen-plaza-de-la-memoria-viva-para-ser-recordadas\/<\/a><\/p>\n","protected":false},"excerpt":{"rendered":"<p>Las desapariciones no han disminuido, se\u00f1ala Cecilia Flores tras la marcha realizada en el marco del D\u00eda Internacional de la Desaparici\u00f3n Forzada Tomado de Dossier Pol\u00edtico Santiago Garc\u00eda C. Domingo 30 de agosto de 2026 Hermosillo, Sonora.- En la Plaza Zaragoza, ubicada frente a Palacio de Gobierno se inaugur\u00f3 por parte de los colectivos de [&hellip;]<\/p>\n","protected":false},"author":1,"featured_media":44550,"comment_status":"open","ping_status":"open","sticky":false,"template":"","format":"standard","meta":{"content-type":"","footnotes":""},"categories":[117,8,105],"tags":[],"class_list":["post-44549","post","type-post","status-publish","format-standard","has-post-thumbnail","category-general","category-hermosillo","category-principal"],"_links":{"self":[{"href":"https:\/\/www.regioncuatronoticias.com\/index.php\/wp-json\/wp\/v2\/posts\/44549","targetHints":{"allow":["GET"]}}],"collection":[{"href":"https:\/\/www.regioncuatronoticias.com\/index.php\/wp-json\/wp\/v2\/posts"}],"about":[{"href":"https:\/\/www.regioncuatronoticias.com\/index.php\/wp-json\/wp\/v2\/types\/post"}],"author":[{"embeddable":true,"href":"https:\/\/www.regioncuatronoticias.com\/index.php\/wp-json\/wp\/v2\/users\/1"}],"replies":[{"embeddable":true,"href":"https:\/\/www.regioncuatronoticias.com\/index.php\/wp-json\/wp\/v2\/comments?post=44549"}],"version-history":[{"count":1,"href":"https:\/\/www.regioncuatronoticias.com\/index.php\/wp-json\/wp\/v2\/posts\/44549\/revisions"}],"predecessor-version":[{"id":44551,"href":"https:\/\/www.regioncuatronoticias.com\/index.php\/wp-json\/wp\/v2\/posts\/44549\/revisions\/44551"}],"wp:featuredmedia":[{"embeddable":true,"href":"https:\/\/www.regioncuatronoticias.com\/index.php\/wp-json\/wp\/v2\/media\/44550"}],"wp:attachment":[{"href":"https:\/\/www.regioncuatronoticias.com\/index.php\/wp-json\/wp\/v2\/media?parent=44549"}],"wp:term":[{"taxonomy":"category","embeddable":true,"href":"https:\/\/www.regioncuatronoticias.com\/index.php\/wp-json\/wp\/v2\/categories?post=44549"},{"taxonomy":"post_tag","embeddable":true,"href":"https:\/\/www.regioncuatronoticias.com\/index.php\/wp-json\/wp\/v2\/tags?post=44549"}],"curies":[{"name":"wp","href":"https:\/\/api.w.org\/{rel}","templated":true}]}}