{"id":44543,"date":"2026-08-30T23:45:07","date_gmt":"2026-08-31T06:45:07","guid":{"rendered":"https:\/\/www.regioncuatronoticias.com\/?p=44543"},"modified":"2026-08-30T23:45:07","modified_gmt":"2026-08-31T06:45:07","slug":"siguen-los-destapes","status":"publish","type":"post","link":"https:\/\/www.regioncuatronoticias.com\/index.php\/2026\/08\/30\/siguen-los-destapes\/","title":{"rendered":"Siguen los destapes"},"content":{"rendered":"\n<p class=\"wp-block-paragraph\"><strong>Columna Corren Rumores<\/strong><\/p>\n\n\n\n<p class=\"wp-block-paragraph\"><strong>Hilario Olea<\/strong><\/p>\n\n\n\n<p class=\"wp-block-paragraph\"><strong>Siguen los destapes<\/strong><\/p>\n\n\n\n<p class=\"wp-block-paragraph\"><strong>Lunes 31 de agosto de 2026<\/strong><\/p>\n\n\n\n<p class=\"wp-block-paragraph\"><strong>LE TOCA A SONORA\u2026.<\/strong> Este fin de semana hubo varios que no pudieron dormir porque saben que seguir\u00e1n los destapes a candidatos a gobernador por Morena. Y muy posible le toque a Sonora, sobre todo porque los aspirantes est\u00e1n bien alineados y no hay riesgo de que vaya a crearse una rebeli\u00f3n o una estampida a otros partidos. Esto lo sabr\u00e1n pronto porque de acuerdo a las reglas del partido, antes de a conocer la identidad del tapado o tapada, los citan para darles a conocer los resultados de las encuestas. Luego viene la formalidad del destape. Por eso hay quienes dicen que en la ronda le toca esta semana a Sonora. Se pondr\u00e1 bueno porque hay mucha disparidad en las encuestas, pero la que vale es la que hace el partido, que dicho sea de paso nadie sabe cuando se hace ni el como. Pero es la que manda.<\/p>\n\n\n\n<p class=\"wp-block-paragraph\"><strong>SEGUNDO INFORME\u2026.<\/strong> La presidenta Claudia Sheinbaum se prepara para presentar su segundo informe de gobierno con n\u00fameros color de rosa. Obvio que solo se hablar\u00e1 de logros y no de fracasos como pasa en el sector salud y casos como el fiascos de la megafarmacia. O el asunto del litio, que llevan gastados millones y no han sacado un gramo de mineral. Seguro reportar\u00e1 que se han construido miles de kil\u00f3metros de v\u00edas f\u00e9rreas; pero no dir\u00e1 cuanto se ha perdido en el Tren Maya. A su favor tiene que no hay una oposici\u00f3n que la confronte o bien \u00f3rganos aut\u00f3nomos que investiguen a la administraci\u00f3n federal. Pero as\u00ed es la cosa. Ya veremos y comentaremos.<\/p>\n\n\n\n<p class=\"wp-block-paragraph\"><strong>MEXICANA PIERDE MILLONES\u2026<\/strong>Mexicana de Aviaci\u00f3n contin\u00faa operando con p\u00e9rdidas y recursos p\u00fablicos a casi tres a\u00f1os de su regreso. En 2025 perdi\u00f3 941 millones de pesos, unos 2.5 millones diarios, y durante el primer semestre de 2026 acumul\u00f3 una p\u00e9rdida operativa de 513 millones, equivalente a cerca de 2.8 millones por d\u00eda. Al mismo tiempo, datos de la Agencia Federal de Aviaci\u00f3n Civil (AFAC) ubican su participaci\u00f3n en alrededor de 0.8% de los pasajeros nacionales. Todo esto sin contar lo que se ha gastado en compra y renta de aviones. Un fracaso m\u00e1s de lo negocios del gobierno federal.<\/p>\n\n\n\n<p class=\"wp-block-paragraph\"><strong>BUZONES DE PAZ\u2026<\/strong> El Episcopado Mexicano anunci\u00f3 que planea instalar Buzones de Paz en las diez mil parroquias del pa\u00eds para que la gente en total anonimato pueda informar sobre los casos de desaparecidos. Los buzones estar\u00e1n en los templos pero ser\u00e1n atendidos por colectivos o familiares de los desaparecidos. La Iglesia record\u00f3 que hay 135 mil desaparecidos y por lo mismo mucha informaci\u00f3n que se puede obtener. Sin duda que es una gran idea que seguramente dar\u00e1 buenos resultados.<\/p>\n\n\n\n<p class=\"wp-block-paragraph\"><strong>Cuenta de X o Twitter @hilarioolea.<\/strong><\/p>\n\n\n\n<p class=\"wp-block-paragraph\"><strong>Pueden vernos de lunes a viernes de 8 a 9 de la noche en nuestro canal de YouTube \u201cEntre Todos Digital\u201d.<\/strong><\/p>\n\n\n\n<p class=\"wp-block-paragraph\"><strong>Sigan nuestras redes sociales.<\/strong><\/p>\n","protected":false},"excerpt":{"rendered":"<p>Columna Corren Rumores Hilario Olea Siguen los destapes Lunes 31 de agosto de 2026 LE TOCA A SONORA\u2026. Este fin de semana hubo varios que no pudieron dormir porque saben que seguir\u00e1n los destapes a candidatos a gobernador por Morena. Y muy posible le toque a Sonora, sobre todo porque los aspirantes est\u00e1n bien alineados [&hellip;]<\/p>\n","protected":false},"author":1,"featured_media":44544,"comment_status":"open","ping_status":"open","sticky":false,"template":"","format":"standard","meta":{"content-type":"","footnotes":""},"categories":[121],"tags":[],"class_list":["post-44543","post","type-post","status-publish","format-standard","has-post-thumbnail","category-hilarioolea"],"_links":{"self":[{"href":"https:\/\/www.regioncuatronoticias.com\/index.php\/wp-json\/wp\/v2\/posts\/44543","targetHints":{"allow":["GET"]}}],"collection":[{"href":"https:\/\/www.regioncuatronoticias.com\/index.php\/wp-json\/wp\/v2\/posts"}],"about":[{"href":"https:\/\/www.regioncuatronoticias.com\/index.php\/wp-json\/wp\/v2\/types\/post"}],"author":[{"embeddable":true,"href":"https:\/\/www.regioncuatronoticias.com\/index.php\/wp-json\/wp\/v2\/users\/1"}],"replies":[{"embeddable":true,"href":"https:\/\/www.regioncuatronoticias.com\/index.php\/wp-json\/wp\/v2\/comments?post=44543"}],"version-history":[{"count":1,"href":"https:\/\/www.regioncuatronoticias.com\/index.php\/wp-json\/wp\/v2\/posts\/44543\/revisions"}],"predecessor-version":[{"id":44545,"href":"https:\/\/www.regioncuatronoticias.com\/index.php\/wp-json\/wp\/v2\/posts\/44543\/revisions\/44545"}],"wp:featuredmedia":[{"embeddable":true,"href":"https:\/\/www.regioncuatronoticias.com\/index.php\/wp-json\/wp\/v2\/media\/44544"}],"wp:attachment":[{"href":"https:\/\/www.regioncuatronoticias.com\/index.php\/wp-json\/wp\/v2\/media?parent=44543"}],"wp:term":[{"taxonomy":"category","embeddable":true,"href":"https:\/\/www.regioncuatronoticias.com\/index.php\/wp-json\/wp\/v2\/categories?post=44543"},{"taxonomy":"post_tag","embeddable":true,"href":"https:\/\/www.regioncuatronoticias.com\/index.php\/wp-json\/wp\/v2\/tags?post=44543"}],"curies":[{"name":"wp","href":"https:\/\/api.w.org\/{rel}","templated":true}]}}