{"id":44540,"date":"2026-08-30T23:39:17","date_gmt":"2026-08-31T06:39:17","guid":{"rendered":"https:\/\/www.regioncuatronoticias.com\/?p=44540"},"modified":"2026-08-30T23:39:17","modified_gmt":"2026-08-31T06:39:17","slug":"morena-y-verde-son-hermanos-de-que-se-extranan","status":"publish","type":"post","link":"https:\/\/www.regioncuatronoticias.com\/index.php\/2026\/08\/30\/morena-y-verde-son-hermanos-de-que-se-extranan\/","title":{"rendered":"MORENA y Verde son hermanos, \u00bfde qu\u00e9 se extra\u00f1an?"},"content":{"rendered":"\n<p class=\"wp-block-paragraph\"><strong>Columna De Primera Mano<\/strong><\/p>\n\n\n\n<p class=\"wp-block-paragraph\"><strong>Francisco Javier Ruiz Quirr\u00edn<\/strong><\/p>\n\n\n\n<p class=\"wp-block-paragraph\"><strong>MORENA y Verde son hermanos, \u00bfde qu\u00e9 se extra\u00f1an?<\/strong><\/p>\n\n\n\n<p class=\"wp-block-paragraph\"><strong>Lunes 31 de agosto de 2026<\/strong><\/p>\n\n\n\n<p class=\"wp-block-paragraph\"><strong>LA PRIMERA<\/strong> plenaria del Partido verde Ecologista de M\u00e9xico en Sonora se llev\u00f3 a cabo el pasado s\u00e1bado con la presencia de la plana mayor de ese instituto pol\u00edtico, encabezado ahora por Manuel Ignacio \u201cMaloro\u201d Acosta.<\/p>\n\n\n\n<p class=\"wp-block-paragraph\">A algunos extra\u00f1\u00f3 la presencia del secretario de gobierno, Adolfo Salazar Razo y de la jefa de la oficina del Gobernador Durazo, Paulina Oca\u00f1a Encinas, invitados especiales como expositores.<\/p>\n\n\n\n<p class=\"wp-block-paragraph\">Tambi\u00e9n se atrevieron a decir que Paulina Oca\u00f1a estaba buscando una diputaci\u00f3n plurinominal, precisamente arropada por el Partido Verde y as\u00ed garantizar su salida exitosa del actual gabinete estatal.<\/p>\n\n\n\n<p class=\"wp-block-paragraph\">\u00bfQu\u00e9 pensar\u00edan esos despistados cuando pudieron observar horas despu\u00e9s una reuni\u00f3n de ese comit\u00e9 estatal del Verde con el gobernador Alfonso Durazo?<\/p>\n\n\n\n<p class=\"wp-block-paragraph\">Seguramente apostaban a que el titular del Ejecutivo estatal jam\u00e1s se reunir\u00eda con \u201cMaloro\u201d Acosta, dadas las ra\u00edces pri\u00edstas del tambi\u00e9n expresidente municipal de Hermosillo y sus a\u00fan buenas relaciones con personajes que pod\u00edan ser adversarios de la \u201ccuarta transformaci\u00f3n\u201d<\/p>\n\n\n\n<p class=\"wp-block-paragraph\">Quiz\u00e1 no pensaron que existe la institucionalidad y si existe el acuerdo de que MORENA y el Partido Verde ir\u00e1n en alianza en las elecciones del 2027, lo menos que pod\u00eda hacerse ser\u00eda ofrecer una evidencia de que el \u00e1nimo incluye a Sonora.<\/p>\n\n\n\n<p class=\"wp-block-paragraph\">\u00bfQu\u00e9 extra\u00f1o ser\u00eda que Adolfo Salazar o Paulina Oca\u00f1a aparecieran en le papeleta electoral en el recuadro del Verde?<\/p>\n\n\n\n<p class=\"wp-block-paragraph\">Ninguna. Y no hay que olvidar que parte de la hermandad pol\u00edtica tambi\u00e9n es el Partido del Trabajo. Si no me creen pregunten a C\u00e9lida L\u00f3pez C\u00e1rdenas y a Froyl\u00e1n G\u00e1mez Gamboa.<\/p>\n\n\n\n<p class=\"wp-block-paragraph\"><strong>POR CIERTO,<\/strong> en la semana que acaba de pasar, el secretario Salazar Razo tuvo dos invitaciones reporteriles a hacer declaraciones, a lo que accedi\u00f3 amablemente\u2026 Primero habl\u00f3 del gusano barrenador del ganado como todo un conocedor en la materia, dejando en claro que existen los suficientes recursos gubernamentales para atender el problema\u2026 Y el s\u00e1bado, obligado por el cuestionamiento, neg\u00f3 la existencia del \u201ccobro de piso\u201d por parte de la delincuencia organizada en Hermosillo\u2026 Trat\u00f3 de ser tajante al recordar la trascendencia de la incursi\u00f3n de hombres armados al Centro de Usos M\u00faltiples el viernes por la noche los que se atrevieron \u2013se dice- a efectuar disparos y dejar evidencia p\u00fablica del incendio del ring preparado para una funci\u00f3n box\u00edstica el s\u00e1bado siguiente, la cual debi\u00f3 suspenderse ante estos hechos\u2026 Aqu\u00ed habr\u00eda que decirlo\u2026 La rumorolog\u00eda respecto a la intervenci\u00f3n de delincuentes en ese \u201cataque\u201d super\u00f3 a cualquier versi\u00f3n oficial.<\/p>\n\n\n\n<p class=\"wp-block-paragraph\"><strong>LA DIRECTIVA<\/strong> del equipo de f\u00fatbol \u201cCimarrones\u201d de Sonora, anunci\u00f3 de manera formal suspender la participaci\u00f3n de este popular equipo en la temporada 2026-2027\u2026 No expresa las razones por las que procedi\u00f3 a tomar esa decisi\u00f3n, pero adelant\u00f3 que en los meses por venir ser\u00e1 prioritaria la b\u00fasqueda de talentos j\u00f3venes y la capacitaci\u00f3n necesaria que permita pensar en las nuevas generaciones para el f\u00fatbol sonorenses y de M\u00e9xico\u2026 Habr\u00e1 que recordar que en nuestra tierra existe un gran talento, como lo demuestran figureas como \u201cTecatito\u201d Corona, Johan V\u00e1zquez y C\u00e9sar Montes, estos dos \u00faltimos conforman la defensa de nuestra selecci\u00f3n nacional.<\/p>\n\n\n\n<p class=\"wp-block-paragraph\"><strong>COMO TEN\u00cdA<\/strong> que ser, el coordinador nacional de Movimiento Ciudadano, Jorge \u00c1lvarez M\u00e1ynez, no le dio mucha importancia a la renuncia de Natalia Rivera Grijalva a la dirigencia de su partido en Sonora\u2026 Al due\u00f1o de esa franquicia, Dante Delgado Rannauro, mucho menos, pero s\u00ed pens\u00f3 en que no pod\u00eda darse el lujo de dejar cabos sueltos a pesar de que el gobernador Alfonso Durazo es su amigo\u2026 Lo anterior lo llev\u00f3 a tomar la decisi\u00f3n de enviar un delegado especial en la persona de Isaac Barrios, integrante de su comit\u00e9 ejecutivo nacional\u2026 Ese se\u00f1or que de repente maneja los pesos y los centavos de MC se encargar\u00e1 de atar los cabos que pudieran salirse, como en los hechos se ha estado viendo\u2026 Por lo pronto, tras Natalia tambi\u00e9n dimiti\u00f3 el representante de MC en Empalme, Roberto Romero Guerrero\u2026 Y los que siguen\u2026 Por su lado, el tesorero Barrios ha comenzado a llamar por tel\u00e9fono a sus conocidos en Sonora y a quienes por alg\u00fan motivo se han alejado en los \u00faltimos a\u00f1os\u2026 Les est\u00e1 invitando un caf\u00e9.<\/p>\n\n\n\n<p class=\"wp-block-paragraph\"><strong>\u00bfPODR\u00cdAMOS<\/strong> decir que el coraz\u00f3n de Luis Donaldo Colosio Riojas ha empezado a dar resultados de sus gestiones a favor de las y los sonorenses?&#8230; Es que el pasado fin de semana, este joven neoleon\u00e9s difundi\u00f3 una informaci\u00f3n donde se pudo observar que gracias a sus amigos quedaron instalados dos ba\u00f1os en la Casa \u201cGuadalupe Libre\u201d, instituci\u00f3n hermosillense que apoya a personas vulnerables\u2026Si el joven hijo de Luis Donaldo Colosio Murrieta fue capaz de lograr esta gran gesti\u00f3n, entonces es capaz de mejores cosas\u2026 Por lo dem\u00e1s, la ahora exdirigente estatal de Movimiento Ciudadano, Natalia Rivera, podr\u00eda esperar sentada a que este muchacho le llame\u2026 La verdad es que ajeno al Estado, dif\u00edcilmente se va a interesar en problemas al interior de Sonora.<\/p>\n","protected":false},"excerpt":{"rendered":"<p>Columna De Primera Mano Francisco Javier Ruiz Quirr\u00edn MORENA y Verde son hermanos, \u00bfde qu\u00e9 se extra\u00f1an? Lunes 31 de agosto de 2026 LA PRIMERA plenaria del Partido verde Ecologista de M\u00e9xico en Sonora se llev\u00f3 a cabo el pasado s\u00e1bado con la presencia de la plana mayor de ese instituto pol\u00edtico, encabezado ahora por [&hellip;]<\/p>\n","protected":false},"author":1,"featured_media":44541,"comment_status":"open","ping_status":"open","sticky":false,"template":"","format":"standard","meta":{"content-type":"","footnotes":""},"categories":[124],"tags":[],"class_list":["post-44540","post","type-post","status-publish","format-standard","has-post-thumbnail","category-francisco-javier-ruiz-quirrin"],"_links":{"self":[{"href":"https:\/\/www.regioncuatronoticias.com\/index.php\/wp-json\/wp\/v2\/posts\/44540","targetHints":{"allow":["GET"]}}],"collection":[{"href":"https:\/\/www.regioncuatronoticias.com\/index.php\/wp-json\/wp\/v2\/posts"}],"about":[{"href":"https:\/\/www.regioncuatronoticias.com\/index.php\/wp-json\/wp\/v2\/types\/post"}],"author":[{"embeddable":true,"href":"https:\/\/www.regioncuatronoticias.com\/index.php\/wp-json\/wp\/v2\/users\/1"}],"replies":[{"embeddable":true,"href":"https:\/\/www.regioncuatronoticias.com\/index.php\/wp-json\/wp\/v2\/comments?post=44540"}],"version-history":[{"count":1,"href":"https:\/\/www.regioncuatronoticias.com\/index.php\/wp-json\/wp\/v2\/posts\/44540\/revisions"}],"predecessor-version":[{"id":44542,"href":"https:\/\/www.regioncuatronoticias.com\/index.php\/wp-json\/wp\/v2\/posts\/44540\/revisions\/44542"}],"wp:featuredmedia":[{"embeddable":true,"href":"https:\/\/www.regioncuatronoticias.com\/index.php\/wp-json\/wp\/v2\/media\/44541"}],"wp:attachment":[{"href":"https:\/\/www.regioncuatronoticias.com\/index.php\/wp-json\/wp\/v2\/media?parent=44540"}],"wp:term":[{"taxonomy":"category","embeddable":true,"href":"https:\/\/www.regioncuatronoticias.com\/index.php\/wp-json\/wp\/v2\/categories?post=44540"},{"taxonomy":"post_tag","embeddable":true,"href":"https:\/\/www.regioncuatronoticias.com\/index.php\/wp-json\/wp\/v2\/tags?post=44540"}],"curies":[{"name":"wp","href":"https:\/\/api.w.org\/{rel}","templated":true}]}}