{"id":44534,"date":"2026-08-30T23:29:59","date_gmt":"2026-08-31T06:29:59","guid":{"rendered":"https:\/\/www.regioncuatronoticias.com\/?p=44534"},"modified":"2026-08-30T23:30:00","modified_gmt":"2026-08-31T06:30:00","slug":"acaban-narcos-con-noche-suprema-de-box-en-hermosillo","status":"publish","type":"post","link":"https:\/\/www.regioncuatronoticias.com\/index.php\/2026\/08\/30\/acaban-narcos-con-noche-suprema-de-box-en-hermosillo\/","title":{"rendered":"Acaban narcos con Noche Suprema de Box en Hermosillo"},"content":{"rendered":"\n<p class=\"wp-block-paragraph\"><strong>Columna Cr\u00edtica<\/strong><\/p>\n\n\n\n<p class=\"wp-block-paragraph\"><strong>Gaspar Nacarro Ru\u00edz<\/strong><\/p>\n\n\n\n<p class=\"wp-block-paragraph\"><strong>Acaban narcos con Noche Suprema de Box en Hermosillo<\/strong><\/p>\n\n\n\n<p class=\"wp-block-paragraph\"><strong>Lunes 31 de agosto de 2026<\/strong><\/p>\n\n\n\n<p class=\"wp-block-paragraph\">La tranquilidad que gozaba Hermosillo en eventos masivos se rompi\u00f3 el pasado viernes al irrumpir un grupo del crimen organizado en el Centro de Usos M\u00faltiples para incendiar el ring y hacer disparos al aire por lo que fue cancelada la Noche Suprema de Box del s\u00e1bado donde participar\u00edan en peleas de exhibici\u00f3n exboxeadores y un grupo de influencers.<\/p>\n\n\n\n<p class=\"wp-block-paragraph\">Contrario al vandalismo que se registr\u00f3 en el CUM para acabar con la Noche Suprema de Box, esa misma noche en Hermosillo m\u00e1s de cinco mil hermosillenses disfrutaron en paz y bailaron al ritmo musical del grupo Los Apson en la explanada de la Plaza Alonso Vidal.<\/p>\n\n\n\n<p class=\"wp-block-paragraph\">El vandalismo que acab\u00f3 con la Noche Suprema gener\u00f3 reacciones negativas entre los sectores empresariales, en redes sociales y organizaciones civiles por el temor de que se generalicen esos actos vand\u00e1licos por posibles \u201ccobro de piso\u201d o por disputas entre narcos, y terminen con la imagen que ha tenido Hermosillo como la ciudad m\u00e1s segura del noroeste de M\u00e9xico provocando que se espanten inversiones.<\/p>\n\n\n\n<p class=\"wp-block-paragraph\">La fiscal\u00eda estatal inform\u00f3 que el vandalismo en el CUM del pasado viernes al incendiar el ring sin que se registraran muertos o heridos, solo da\u00f1os materiales, fue por una disputa entre grupos criminales y el rechazo de uno de los c\u00e1rteles en la presentaci\u00f3n de box de algunos influencer relacionados con personajes pol\u00e9micos.<\/p>\n\n\n\n<p class=\"wp-block-paragraph\">Por fortuna el vandalismo y balacera se realiz\u00f3 un d\u00eda antes de la Noche Suprema de Box, y no el mismo d\u00eda en que el CUM estar\u00eda abarrotado con 16 mil personas para ver en peleas de exhibici\u00f3n a los excampeones de box profesional Miguel \u201cAlacr\u00e1n\u201d Berchelt y Jos\u00e9 Luis Castillo, y para divertirse en las peleas entre los creadores de contenido e influencers.<\/p>\n\n\n\n<p class=\"wp-block-paragraph\">La Fiscal\u00eda de Sonora inform\u00f3 que la l\u00ednea de investigaci\u00f3n les ha permitido identificar al grupo delictivo y los autores del incendio del CUM en Hermosillo, ya que tambi\u00e9n est\u00e1n relacionados con otros hechos cometidos tanto de manera previa como posterior al siniestro.<\/p>\n\n\n\n<p class=\"wp-block-paragraph\">Un d\u00eda despu\u00e9s del ataque al CUM se registr\u00f3 el homicidio de una persona cuyo cuerpo fue abandonado en la v\u00eda p\u00fablica. Junto al cad\u00e1ver, el grupo delictivo responsable dej\u00f3 un narcomensaje con se\u00f1alamientos directos contra una banda rival y contra un cantante de \u201ccorridos tumbados\u201d con residencia en Sonora, aunque no se report\u00f3 de quien se trat\u00f3.<\/p>\n\n\n\n<p class=\"wp-block-paragraph\">Seg\u00fan la FGJES, este hecho refuerza la hip\u00f3tesis de enfrentamiento entre bandas, ya que el mismo grupo identificado como autor del ataque a las instalaciones deportivas se reivindica ambos hechos.<\/p>\n\n\n\n<p class=\"wp-block-paragraph\">Otra de las versiones en redes sociales fue que el incendio del ring del CUM fue por un posible cobro de piso de los narcos a los organizadores del evento, pero la fiscal\u00eda estatal descart\u00f3 que los hechos tuvieran relaci\u00f3n con ese delito.<\/p>\n\n\n\n<p class=\"wp-block-paragraph\">Las diligencias de la Fiscal\u00eda del Estado tambi\u00e9n permitieron establecer que algunas de las personas anunciadas en la cartelera de Noche Suprema cuentan con registros policiales, procesos penales y \u00f3rdenes de aprehensi\u00f3n vigentes por delitos ajenos a la realizaci\u00f3n del espect\u00e1culo, por lo que proceder\u00e1 contra ellas conforme a derecho.<\/p>\n\n\n\n<p class=\"wp-block-paragraph\">Entre los participantes anunciados figuraba El Vitolias, identificado p\u00fablicamente como examigo del influencer Markitos Toys. Su nombre apareci\u00f3 en narcovolantes lanzados desde una avioneta en Sinaloa, en el que lo se\u00f1alaron por presuntos v\u00ednculos con integrantes de Los Chapitos.<\/p>\n\n\n\n<p class=\"wp-block-paragraph\">La Fiscal\u00eda de Sonora tambi\u00e9n subray\u00f3 que la informaci\u00f3n sobre la presentaci\u00f3n de personas con procesos abiertos no fue proporcionada previamente al Gabinete de Seguridad del Estado para la correspondiente evaluaci\u00f3n de riesgo.<\/p>\n\n\n\n<p class=\"wp-block-paragraph\">Aunque contaban con permisos de Protecci\u00f3n Civil del Ayuntamiento de Hermosillo, los organizadores no ten\u00edan un Plan de Seguridad F\u00edsica que garantizara la cobertura para asistentes y participantes, documento que deb\u00eda ser presentado para las autorizaciones correspondientes.<\/p>\n\n\n\n<p class=\"wp-block-paragraph\">Como vemos, hubo muchas fallas en la organizaci\u00f3n de la Noche de Box Suprema, al incluir a participantes de dudosa trayectoria o relaciones con grupos criminales que al parecer fueron un agravio para sus rivales que se sienten due\u00f1os de esta plaza.<\/p>\n\n\n\n<p class=\"wp-block-paragraph\">Otra falla fue confiarse los organizadores del evento en que las funciones de box y lucha al igual que los espect\u00e1culos musicales y deportivos como futbol, basquetbol y beisbol se han realizado de mero tr\u00e1mite sin medidas de seguridad previas al evento.<\/p>\n\n\n\n<p class=\"wp-block-paragraph\">El narco vandalismo en el CUM deja tambi\u00e9n claro que se debe de continuar con el veto de las autoridades de Sonora a las presentaciones de grupos musicales o cantantes que hacen una apolog\u00eda de la violencia como son los \u201ccorridos tumbados\u201d.<\/p>\n\n\n\n<p class=\"wp-block-paragraph\">Como dice la canci\u00f3n: \u201cque te sirva de experiencia lo que esta vez te pas\u00f3\u201d. Las autoridades estatales de seguridad ahora deber\u00e1n de estar m\u00e1s cuidadosos hasta de los espect\u00e1culos que se presenten en Sonora para evitar que participen personas de dudosa trayectoria a fin de evitar otra \u201cNoche Suprema\u201d con riesgo de que por disputas de grupos criminales \u201cquemen el rancho\u201d y haya p\u00e9rdidas humanas que lamentar.<\/p>\n\n\n\n<p class=\"wp-block-paragraph\">Salvo esa Noche Suprema en el CUM, en lo general en Hermosillo y en todo Sonora los eventos masivos se han realizado con toda tranquilidad, pero que sirva esta lecci\u00f3n para que las autoridades no bajen la guardia, por lo que este lunes de seguro habr\u00e1 \u201cjal\u00f3n de orejas\u201d para algunas autoridades estatales en la reuni\u00f3n de la Mesa de Seguridad en Palacio de Gobierno. <strong>(g_navarro_ruiz@hotmail.com)<\/strong><\/p>\n","protected":false},"excerpt":{"rendered":"<p>Columna Cr\u00edtica Gaspar Nacarro Ru\u00edz Acaban narcos con Noche Suprema de Box en Hermosillo Lunes 31 de agosto de 2026 La tranquilidad que gozaba Hermosillo en eventos masivos se rompi\u00f3 el pasado viernes al irrumpir un grupo del crimen organizado en el Centro de Usos M\u00faltiples para incendiar el ring y hacer disparos al aire [&hellip;]<\/p>\n","protected":false},"author":1,"featured_media":44535,"comment_status":"open","ping_status":"open","sticky":false,"template":"","format":"standard","meta":{"content-type":"","footnotes":""},"categories":[131],"tags":[],"class_list":["post-44534","post","type-post","status-publish","format-standard","has-post-thumbnail","category-gaspar-navarro-ruiz"],"_links":{"self":[{"href":"https:\/\/www.regioncuatronoticias.com\/index.php\/wp-json\/wp\/v2\/posts\/44534","targetHints":{"allow":["GET"]}}],"collection":[{"href":"https:\/\/www.regioncuatronoticias.com\/index.php\/wp-json\/wp\/v2\/posts"}],"about":[{"href":"https:\/\/www.regioncuatronoticias.com\/index.php\/wp-json\/wp\/v2\/types\/post"}],"author":[{"embeddable":true,"href":"https:\/\/www.regioncuatronoticias.com\/index.php\/wp-json\/wp\/v2\/users\/1"}],"replies":[{"embeddable":true,"href":"https:\/\/www.regioncuatronoticias.com\/index.php\/wp-json\/wp\/v2\/comments?post=44534"}],"version-history":[{"count":1,"href":"https:\/\/www.regioncuatronoticias.com\/index.php\/wp-json\/wp\/v2\/posts\/44534\/revisions"}],"predecessor-version":[{"id":44536,"href":"https:\/\/www.regioncuatronoticias.com\/index.php\/wp-json\/wp\/v2\/posts\/44534\/revisions\/44536"}],"wp:featuredmedia":[{"embeddable":true,"href":"https:\/\/www.regioncuatronoticias.com\/index.php\/wp-json\/wp\/v2\/media\/44535"}],"wp:attachment":[{"href":"https:\/\/www.regioncuatronoticias.com\/index.php\/wp-json\/wp\/v2\/media?parent=44534"}],"wp:term":[{"taxonomy":"category","embeddable":true,"href":"https:\/\/www.regioncuatronoticias.com\/index.php\/wp-json\/wp\/v2\/categories?post=44534"},{"taxonomy":"post_tag","embeddable":true,"href":"https:\/\/www.regioncuatronoticias.com\/index.php\/wp-json\/wp\/v2\/tags?post=44534"}],"curies":[{"name":"wp","href":"https:\/\/api.w.org\/{rel}","templated":true}]}}