{"id":44527,"date":"2026-08-30T23:16:55","date_gmt":"2026-08-31T06:16:55","guid":{"rendered":"https:\/\/www.regioncuatronoticias.com\/?p=44527"},"modified":"2026-08-30T23:20:48","modified_gmt":"2026-08-31T06:20:48","slug":"reconoce-lorenia-valles-el-compromiso-de-la-4t-con-las-personas-mayores","status":"publish","type":"post","link":"https:\/\/www.regioncuatronoticias.com\/index.php\/2026\/08\/30\/reconoce-lorenia-valles-el-compromiso-de-la-4t-con-las-personas-mayores\/","title":{"rendered":"Reconoce Lorenia Valles el compromiso de la 4T con las personas mayores"},"content":{"rendered":"\n<p class=\"wp-block-paragraph\">Hermosillo, Sonora, a 29 de agosto de 2026.- \u201cLas personas mayores han trabajo mucho por el bienestar de sus familias y del pa\u00eds. Nuestra responsabilidad es retribuirles un poco por lo que han hecho, acompa\u00f1\u00e1ndoles para que disfruten plenamente esta etapa de sus vidas. La solidaridad con las personas mayores es parte del humanismo\u201d, afirm\u00f3 Lorenia Valles.<\/p>\n\n\n\n<p class=\"wp-block-paragraph\">En el marco del D\u00eda de las Personas Mayores en M\u00e9xico, la legisladora con licencia reconoci\u00f3 que la Cuarta Transformaci\u00f3n ha priorizado el bienestar de esta poblaci\u00f3n a trav\u00e9s de diferentes programas que atienden sus necesidades.<\/p>\n\n\n\n<p class=\"wp-block-paragraph\">\u201cGracias a la iniciativa del presidente Andr\u00e9s Manuel L\u00f3pez Obrador, todas las personas mayores pueden acceder a una pensi\u00f3n no contributiva, la cual ya es un derecho constitucional. En Sonora, 330 mil personas reciben la Pensi\u00f3n para el Bienestar de las Personas Mayores; adem\u00e1s, 85 mil mujeres de 60 a 64 a\u00f1os cuentan con la Pensi\u00f3n Mujeres Bienestar, que cre\u00f3 el gobierno de la presidenta Claudia Sheinbaum\u201d, destac\u00f3.<\/p>\n\n\n\n<p class=\"wp-block-paragraph\">Finalmente, la aspirante a la Coordinaci\u00f3n de los Comit\u00e9s de la Transformaci\u00f3n expres\u00f3 que en los recorridos casa por casa platic\u00f3 con muchas personas mayores sobre los avances de los gobiernos de la Cuarta Transformaci\u00f3n.<\/p>\n\n\n\n<p class=\"wp-block-paragraph\">\u201cEn los recorridos casa por casa, sobre todo, platiqu\u00e9 con muchas personas mayores, quienes est\u00e1n satisfechas con la Cuarta Transformaci\u00f3n y comentan que con la pensi\u00f3n de $6,400 pesos bimestrales que ahora reciben del Gobierno de M\u00e9xico, les sirve para los gastos del d\u00eda a d\u00eda y vivir mejor. Este es el sentir de la gente que respalda a la transformaci\u00f3n\u201d.<\/p>\n\n\n\n<figure class=\"wp-block-image size-large\"><img loading=\"lazy\" loading=\"lazy\" decoding=\"async\" width=\"1279\" height=\"852\" src=\"https:\/\/www.regioncuatronoticias.com\/wp-content\/uploads\/2026\/08\/image-137-1279x852.png\" alt=\"\" class=\"wp-image-44529\" srcset=\"https:\/\/www.regioncuatronoticias.com\/wp-content\/uploads\/2026\/08\/image-137-1279x852.png 1279w, https:\/\/www.regioncuatronoticias.com\/wp-content\/uploads\/2026\/08\/image-137-639x426.png 639w, https:\/\/www.regioncuatronoticias.com\/wp-content\/uploads\/2026\/08\/image-137-420x280.png 420w, https:\/\/www.regioncuatronoticias.com\/wp-content\/uploads\/2026\/08\/image-137-330x220.png 330w, https:\/\/www.regioncuatronoticias.com\/wp-content\/uploads\/2026\/08\/image-137-767x511.png 767w, https:\/\/www.regioncuatronoticias.com\/wp-content\/uploads\/2026\/08\/image-137-615x410.png 615w, https:\/\/www.regioncuatronoticias.com\/wp-content\/uploads\/2026\/08\/image-137-1535x1023.png 1535w, https:\/\/www.regioncuatronoticias.com\/wp-content\/uploads\/2026\/08\/image-137-859x572.png 859w, https:\/\/www.regioncuatronoticias.com\/wp-content\/uploads\/2026\/08\/image-137-1536x1023.png 1536w, https:\/\/www.regioncuatronoticias.com\/wp-content\/uploads\/2026\/08\/image-137.png 1600w\" sizes=\"auto, (max-width: 1279px) 100vw, 1279px\" \/><\/figure>\n\n\n\n<p class=\"wp-block-paragraph\"><strong>EL TIEMPO DE LAS MUJERES LO CONSTRUIMOS JUNTAS<\/strong><\/p>\n\n\n\n<p class=\"wp-block-paragraph\">&nbsp;El jueves anterior, dijo que en su trayectoria pol\u00edtica ha conocido a grandes mujeres, que son brillantes, solidarias, comprometidas con la transformaci\u00f3n y que a varias las conoce desde la infancia y la juventud; con otras ha coincidido en diferentes momentos de la vida.<\/p>\n\n\n\n<p class=\"wp-block-paragraph\">\u201cHay gente que me dec\u00eda que en la pol\u00edtica no existe la amistad, pero en mi experiencia he encontrado muchas personas queridas y, justamente, la amistad es un valor que debemos reivindicar\u201d, declar\u00f3 la senadora con licencia Lorenia Valles.<\/p>\n\n\n\n<p class=\"wp-block-paragraph\">Durante su participaci\u00f3n en un encuentro con mujeres en la ciudad de Hermosillo, la aspirante a la Coordinaci\u00f3n de los Comit\u00e9s de la Transformaci\u00f3n y la Soberan\u00eda Nacional record\u00f3 que dos mujeres la convencieron de participar en la pol\u00edtica en su juventud.<\/p>\n\n\n\n<p class=\"wp-block-paragraph\">\u201cDos mujeres me convencieron de dar mis primeros pasos en el activismo social y, m\u00e1s adelante, fueron mi inspiraci\u00f3n para participar en la pol\u00edtica. En primer lugar, mi mam\u00e1, quien me motiv\u00f3 mucho para estudiar y superarme. Luego, Do\u00f1a Rosa Ch\u00e1vez, -en paz descanse-, con quien trabaj\u00e9 en la colonia Las Ladrilleras y valoro mucho el cari\u00f1o que demostraba al servir a la gente\u201d, dijo.<\/p>\n\n\n\n<p class=\"wp-block-paragraph\">Finalmente, Valles Sampedro invit\u00f3 a las asistentes a seguir construyendo el segundo piso de la Cuarta Transformaci\u00f3n promoviendo la amistad y la sororidad.<\/p>\n\n\n\n<p class=\"wp-block-paragraph\">\u201cGracias por su confianza y su cari\u00f1o, que yo tambi\u00e9n las quiero mucho. Como bien dice la presidenta de la Rep\u00fablica, nuestro ejemplo a seguir: \u2018no llega una, llegamos todas\u2019. Cada vez que una logra algo, pone su granito de arena para inspirar e impulsar a las dem\u00e1s. El tiempo de las mujeres lo construimos juntas con amistad y sororidad, es decir, la solidaridad entre nosotras mismas\u201d, finaliz\u00f3.<\/p>\n\n\n\n<figure class=\"wp-block-image size-large\"><img loading=\"lazy\" loading=\"lazy\" decoding=\"async\" width=\"1279\" height=\"953\" src=\"https:\/\/www.regioncuatronoticias.com\/wp-content\/uploads\/2026\/08\/image-138-1279x953.png\" alt=\"\" class=\"wp-image-44530\" srcset=\"https:\/\/www.regioncuatronoticias.com\/wp-content\/uploads\/2026\/08\/image-138-1279x953.png 1279w, https:\/\/www.regioncuatronoticias.com\/wp-content\/uploads\/2026\/08\/image-138-639x476.png 639w, https:\/\/www.regioncuatronoticias.com\/wp-content\/uploads\/2026\/08\/image-138-375x279.png 375w, https:\/\/www.regioncuatronoticias.com\/wp-content\/uploads\/2026\/08\/image-138-768x572.png 768w, https:\/\/www.regioncuatronoticias.com\/wp-content\/uploads\/2026\/08\/image-138-550x410.png 550w, https:\/\/www.regioncuatronoticias.com\/wp-content\/uploads\/2026\/08\/image-138-295x220.png 295w, https:\/\/www.regioncuatronoticias.com\/wp-content\/uploads\/2026\/08\/image-138-859x640.png 859w, https:\/\/www.regioncuatronoticias.com\/wp-content\/uploads\/2026\/08\/image-138-1536x1144-1.png 1536w, https:\/\/www.regioncuatronoticias.com\/wp-content\/uploads\/2026\/08\/image-138.png 1600w\" sizes=\"auto, (max-width: 1279px) 100vw, 1279px\" \/><\/figure>\n\n\n\n<p class=\"wp-block-paragraph\"><strong>\u201cEN SONORA EST\u00c1 GARANTIZADA LA CONTINUIDAD DE LA 4T\u201d: LORENIA VALLES<\/strong><\/p>\n\n\n\n<p class=\"wp-block-paragraph\">En la Ciudad de M\u00e9xico, en varias entrevistas con medios de comunicaci\u00f3n nacionales, la senadora con licencia, reconoci\u00f3 la sensibilidad de la 4T para construir gobiernos humanistas. \u201cEn Sonora est\u00e1 garantizada la continuidad de la Cuarta Transformaci\u00f3n. No solo porque morena sea la fuerza pol\u00edtica con mejor aprobaci\u00f3n entre la gente, sino porque contamos con una presidenta y un gobernador que han cumplido sus compromisos y cuyos buenos gobiernos se est\u00e1n reflejando en el bienestar social, sobre todo en la econom\u00eda del hogar\u201d.<\/p>\n\n\n\n<p class=\"wp-block-paragraph\">\u201cRecientemente, INEGI public\u00f3 los resultados de la Encuesta de Bienestar Autorreportado, destacando que en 2025 las y los mexicanos tuvieron un nivel de satisfacci\u00f3n con sus vidas de 8.62 sobre 10, el cual ha estado creciendo en los \u00faltimos a\u00f1os y es mayor en Sonora. En gran medida, esta mejora en la satisfacci\u00f3n personal tiene que ver con la existencia de gobiernos que atienden sus necesidades y se preocupan por su bienestar\u201d, expres\u00f3 la sonorense.<\/p>\n\n\n\n<p class=\"wp-block-paragraph\">En cuanto al proceso interno para designar a quien coordinar\u00e1 los Comit\u00e9s de Defensa de la Transformaci\u00f3n y la Soberan\u00eda Nacional, Valles Sampedro reiter\u00f3 el cumplimiento del acuerdo de unidad que celebraron las y los aspirantes de Sonora.<\/p>\n\n\n\n<p class=\"wp-block-paragraph\">\u201cEl proceso se dio en un marco de respeto, equidad y di\u00e1logo, gracias al acuerdo de unidad que suscribimos. Cada aspirante hizo sus actividades libremente y, en ocasiones, nos reunimos para compartir opiniones; incluso, realizamos en conjunto algunas actividades. Esto habla de la madurez pol\u00edtica que caracteriza a nuestro movimiento en el pa\u00eds y, particularmente, en Sonora\u201d, afirm\u00f3.<\/p>\n\n\n\n<p class=\"wp-block-paragraph\">\u201cLa importancia de este esfuerzo es que todas y todos cerremos filas por el segundo piso de la Cuarta Transformaci\u00f3n en el estado, independientemente de quien llegue a la coordinaci\u00f3n. Nuestro proyecto de naci\u00f3n es fuerte porque cuenta con el apoyo de la gente, as\u00ed como la convicci\u00f3n de quienes diariamente nos ponemos el chaleco para recorrer las calles\u201d, concluy\u00f3 Lorenia Valles.<\/p>\n","protected":false},"excerpt":{"rendered":"<p>Hermosillo, Sonora, a 29 de agosto de 2026.- \u201cLas personas mayores han trabajo mucho por el bienestar de sus familias y del pa\u00eds. Nuestra responsabilidad es retribuirles un poco por lo que han hecho, acompa\u00f1\u00e1ndoles para que disfruten plenamente esta etapa de sus vidas. La solidaridad con las personas mayores es parte del humanismo\u201d, afirm\u00f3 [&hellip;]<\/p>\n","protected":false},"author":1,"featured_media":44528,"comment_status":"open","ping_status":"open","sticky":false,"template":"","format":"standard","meta":{"content-type":"","footnotes":""},"categories":[8,115,9],"tags":[],"class_list":["post-44527","post","type-post","status-publish","format-standard","has-post-thumbnail","category-hermosillo","category-politica","category-sonora"],"_links":{"self":[{"href":"https:\/\/www.regioncuatronoticias.com\/index.php\/wp-json\/wp\/v2\/posts\/44527","targetHints":{"allow":["GET"]}}],"collection":[{"href":"https:\/\/www.regioncuatronoticias.com\/index.php\/wp-json\/wp\/v2\/posts"}],"about":[{"href":"https:\/\/www.regioncuatronoticias.com\/index.php\/wp-json\/wp\/v2\/types\/post"}],"author":[{"embeddable":true,"href":"https:\/\/www.regioncuatronoticias.com\/index.php\/wp-json\/wp\/v2\/users\/1"}],"replies":[{"embeddable":true,"href":"https:\/\/www.regioncuatronoticias.com\/index.php\/wp-json\/wp\/v2\/comments?post=44527"}],"version-history":[{"count":1,"href":"https:\/\/www.regioncuatronoticias.com\/index.php\/wp-json\/wp\/v2\/posts\/44527\/revisions"}],"predecessor-version":[{"id":44531,"href":"https:\/\/www.regioncuatronoticias.com\/index.php\/wp-json\/wp\/v2\/posts\/44527\/revisions\/44531"}],"wp:featuredmedia":[{"embeddable":true,"href":"https:\/\/www.regioncuatronoticias.com\/index.php\/wp-json\/wp\/v2\/media\/44528"}],"wp:attachment":[{"href":"https:\/\/www.regioncuatronoticias.com\/index.php\/wp-json\/wp\/v2\/media?parent=44527"}],"wp:term":[{"taxonomy":"category","embeddable":true,"href":"https:\/\/www.regioncuatronoticias.com\/index.php\/wp-json\/wp\/v2\/categories?post=44527"},{"taxonomy":"post_tag","embeddable":true,"href":"https:\/\/www.regioncuatronoticias.com\/index.php\/wp-json\/wp\/v2\/tags?post=44527"}],"curies":[{"name":"wp","href":"https:\/\/api.w.org\/{rel}","templated":true}]}}