{"id":44522,"date":"2026-08-30T23:01:13","date_gmt":"2026-08-31T06:01:13","guid":{"rendered":"https:\/\/www.regioncuatronoticias.com\/?p=44522"},"modified":"2026-08-30T23:01:14","modified_gmt":"2026-08-31T06:01:14","slug":"miles-de-mujeres-del-sur-de-sonora-se-unen-por-la-soberania-y-respaldan-a-javier-lamarque","status":"publish","type":"post","link":"https:\/\/www.regioncuatronoticias.com\/index.php\/2026\/08\/30\/miles-de-mujeres-del-sur-de-sonora-se-unen-por-la-soberania-y-respaldan-a-javier-lamarque\/","title":{"rendered":"Miles de mujeres del sur de Sonora se unen por la soberan\u00eda y respaldan a Javier Lamarque"},"content":{"rendered":"\n<p class=\"wp-block-paragraph\">Cajeme, Sonora; 30 de agosto de 2026.- Miles de mujeres provenientes de distintos municipios del sur de Sonora se congregaron en Cajeme durante el encuentro \u201cMujeres de Sonora Unidas por Nuestra Soberan\u00eda\u201d, para respaldar a Javier Lamarque en una jornada centrada en la defensa de la soberan\u00eda, la transformaci\u00f3n y la unidad.<\/p>\n\n\n\n<p class=\"wp-block-paragraph\">Durante el encuentro, las asistentes expresaron su respaldo a Javier Lamarque para coordinar los Comit\u00e9s de Defensa de la Transformaci\u00f3n y la Soberan\u00eda Nacional en Sonora, y reiteraron su apoyo al proyecto de naci\u00f3n encabezado por Claudia Sheinbaum, destacando a las mujeres como una fuerza fundamental en la vida p\u00fablica y comunitaria del estado.<\/p>\n\n\n\n<p class=\"wp-block-paragraph\">\u201cLas mujeres son el coraz\u00f3n vibrante de nuestros valles, del desierto, de la sierra; el coraz\u00f3n vibrante de Sonora, el coraz\u00f3n vibrante de nuestra patria, de M\u00e9xico. Las mujeres son la fuerza transformadora de la historia\u201d, expres\u00f3 Javier Lamarque.<\/p>\n\n\n\n<p class=\"wp-block-paragraph\">Lamarque explic\u00f3 que \u201cEs tiempo de mujeres\u201d representa igualdad, reconocimiento de derechos y una vida libre de discriminaci\u00f3n y violencia. Tambi\u00e9n resalt\u00f3 en Claudia Sheinbaum su preparaci\u00f3n, inteligencia, firmeza, serenidad y prudencia, as\u00ed como su capacidad para mantener el di\u00e1logo sin subordinaci\u00f3n y defender la soberan\u00eda nacional.<\/p>\n\n\n\n<p class=\"wp-block-paragraph\">En representaci\u00f3n de las mujeres de Sonora, Vicky Espinoza tom\u00f3 la palabra con un mensaje sobre su papel en la transformaci\u00f3n del pa\u00eds, la defensa de la soberan\u00eda y una vida p\u00fablica con mayor participaci\u00f3n e igualdad. La jornada concluy\u00f3 con expresiones de unidad y respaldo a Javier Lamarque en esta etapa de definici\u00f3n de la coordinaci\u00f3n en Sonora.<\/p>\n\n\n\n<p class=\"wp-block-paragraph\"><strong>DIALOGA CON FAMILIAS DE PALO VERDE: ESCUCHAR AL PUEBLO ES LA BASE DE LA TRANSFORMACI\u00d3N<\/strong><\/p>\n\n\n\n<figure class=\"wp-block-image size-full\"><img loading=\"lazy\" loading=\"lazy\" decoding=\"async\" width=\"1280\" height=\"853\" src=\"https:\/\/www.regioncuatronoticias.com\/wp-content\/uploads\/2026\/08\/image-135.png\" alt=\"\" class=\"wp-image-44523\" srcset=\"https:\/\/www.regioncuatronoticias.com\/wp-content\/uploads\/2026\/08\/image-135.png 1280w, https:\/\/www.regioncuatronoticias.com\/wp-content\/uploads\/2026\/08\/image-135-615x410.png 615w, https:\/\/www.regioncuatronoticias.com\/wp-content\/uploads\/2026\/08\/image-135-330x220.png 330w, https:\/\/www.regioncuatronoticias.com\/wp-content\/uploads\/2026\/08\/image-135-420x280.png 420w, https:\/\/www.regioncuatronoticias.com\/wp-content\/uploads\/2026\/08\/image-135-639x426.png 639w, https:\/\/www.regioncuatronoticias.com\/wp-content\/uploads\/2026\/08\/image-135-860x573.png 860w, https:\/\/www.regioncuatronoticias.com\/wp-content\/uploads\/2026\/08\/image-135-767x511.png 767w\" sizes=\"auto, (max-width: 1280px) 100vw, 1280px\" \/><\/figure>\n\n\n\n<p class=\"wp-block-paragraph\">El s\u00e1bado, en la colonia Palo Verde de Hermosillo se realiz\u00f3 la Asamblea Informativa \u201cTejiendo Redes\u201d, donde Javier Lamarque sostuvo un encuentro cercano con vecinas y vecinos para escuchar las necesidades de la comunidad y dialogar sobre los principios que dan fuerza a la transformaci\u00f3n.<\/p>\n\n\n\n<p class=\"wp-block-paragraph\">Durante el encuentro, Lamarque destac\u00f3 que el contacto directo con las familias permite conocer de primera mano lo que viven las comunidades y mantener una forma de trabajo basada en la presencia territorial, la escucha y la cercan\u00eda con la gente.<\/p>\n\n\n\n<p class=\"wp-block-paragraph\">Lamarque destac\u00f3 que recorrer y escuchar directamente a las familias permite conocer las necesidades reales de cada colonia, desde los servicios b\u00e1sicos hasta las condiciones del entorno, y entender que cada comunidad enfrenta retos distintos que deben conocerse desde el territorio.<\/p>\n\n\n\n<p class=\"wp-block-paragraph\">Se\u00f1al\u00f3 que la organizaci\u00f3n desde abajo y el di\u00e1logo permanente con las comunidades han sido fundamentales para fortalecer la transformaci\u00f3n, y record\u00f3 que el movimiento creci\u00f3 a partir del trabajo de mujeres y hombres que durante a\u00f1os recorrieron el territorio, escucharon al pueblo y defendieron sus causas.<\/p>\n\n\n\n<p class=\"wp-block-paragraph\">Javier Lamarque contin\u00faa con una intensa agenda de acercamiento en la etapa final para la designaci\u00f3n del coordinador o coordinadora de los Comit\u00e9s de Defensa de la Transformaci\u00f3n y la Soberan\u00eda Nacional. La pr\u00f3xima semana estar\u00e1 en San Luis R\u00edo Colorado, Caborca y Navojoa, dando continuidad a sus encuentros territoriales.<\/p>\n\n\n\n<figure class=\"wp-block-image size-full\"><img loading=\"lazy\" loading=\"lazy\" decoding=\"async\" width=\"1280\" height=\"853\" src=\"https:\/\/www.regioncuatronoticias.com\/wp-content\/uploads\/2026\/08\/image-136.png\" alt=\"\" class=\"wp-image-44524\" srcset=\"https:\/\/www.regioncuatronoticias.com\/wp-content\/uploads\/2026\/08\/image-136.png 1280w, https:\/\/www.regioncuatronoticias.com\/wp-content\/uploads\/2026\/08\/image-136-767x511.png 767w, https:\/\/www.regioncuatronoticias.com\/wp-content\/uploads\/2026\/08\/image-136-330x220.png 330w, https:\/\/www.regioncuatronoticias.com\/wp-content\/uploads\/2026\/08\/image-136-420x280.png 420w, https:\/\/www.regioncuatronoticias.com\/wp-content\/uploads\/2026\/08\/image-136-639x426.png 639w, https:\/\/www.regioncuatronoticias.com\/wp-content\/uploads\/2026\/08\/image-136-615x410.png 615w, https:\/\/www.regioncuatronoticias.com\/wp-content\/uploads\/2026\/08\/image-136-860x573.png 860w\" sizes=\"auto, (max-width: 1280px) 100vw, 1280px\" \/><\/figure>\n\n\n\n<p class=\"wp-block-paragraph\"><strong>RECONOCE LA FUERZA DE LAS MUJERES DE SONORA EN DEFENSA DE LA SOBERAN\u00cdA NACIONAL<\/strong><\/p>\n\n\n\n<p class=\"wp-block-paragraph\">En Hermosillo, ante m\u00e1s de dos mil asistentes en el encuentro \u201cMujeres de Sonora Unidas Por Nuestra Soberan\u00eda\u201d, Javier Lamarque reconoci\u00f3 la fuerza, organizaci\u00f3n y participaci\u00f3n de las mujeres sonorenses como parte fundamental de la Transformaci\u00f3n.<\/p>\n\n\n\n<p class=\"wp-block-paragraph\">Al encuentro acudieron mujeres provenientes de diversos municipios de Sonora, entre ellas integrantes de colectivos como Mujeres al 100, Juntas Haciendo Camino y Mujeres Tejiendo Historias, quienes participaron en una jornada de di\u00e1logo y reconocimiento al papel que han desempe\u00f1ado desde los or\u00edgenes del movimiento, especialmente en la organizaci\u00f3n territorial y comunitaria.<\/p>\n\n\n\n<p class=\"wp-block-paragraph\">\u201cLas mujeres de Sonora han sido defensoras fundamentales de la Transformaci\u00f3n. En el origen de este movimiento siempre estuvieron ustedes: organizando, participando, sosteniendo. Nos une una historia de lucha y la soberan\u00eda de nuestra naci\u00f3n se protege con la convicci\u00f3n y la fuerza que ustedes representan\u201d, expres\u00f3 Lamarque durante su mensaje.<\/p>\n\n\n\n<p class=\"wp-block-paragraph\">Tambi\u00e9n participaron como ponentes los senadores Heriberto Aguilar y Guadalupe Chavira, en una jornada centrada en el reconocimiento a las mujeres, la defensa de la soberan\u00eda y la unidad. Lamarque destac\u00f3 que esta \u00faltima se construye todos los d\u00edas mediante el respeto, el trabajo, el di\u00e1logo y la congruencia.<\/p>\n\n\n\n<p class=\"wp-block-paragraph\">Como parte del encuentro, Lamarque subray\u00f3 que la participaci\u00f3n de las mujeres ha sido clave para mantener viva la organizaci\u00f3n en territorio y fortalecer las causas que dieron origen al movimiento. A\u00f1adi\u00f3 que esa presencia resulta indispensable para preservar la unidad, la soberan\u00eda y el sentido social de la Transformaci\u00f3n.<\/p>\n","protected":false},"excerpt":{"rendered":"<p>Cajeme, Sonora; 30 de agosto de 2026.- Miles de mujeres provenientes de distintos municipios del sur de Sonora se congregaron en Cajeme durante el encuentro \u201cMujeres de Sonora Unidas por Nuestra Soberan\u00eda\u201d, para respaldar a Javier Lamarque en una jornada centrada en la defensa de la soberan\u00eda, la transformaci\u00f3n y la unidad. Durante el encuentro, [&hellip;]<\/p>\n","protected":false},"author":1,"featured_media":44525,"comment_status":"open","ping_status":"open","sticky":false,"template":"","format":"standard","meta":{"content-type":"","footnotes":""},"categories":[8,115,9],"tags":[],"class_list":["post-44522","post","type-post","status-publish","format-standard","has-post-thumbnail","category-hermosillo","category-politica","category-sonora"],"_links":{"self":[{"href":"https:\/\/www.regioncuatronoticias.com\/index.php\/wp-json\/wp\/v2\/posts\/44522","targetHints":{"allow":["GET"]}}],"collection":[{"href":"https:\/\/www.regioncuatronoticias.com\/index.php\/wp-json\/wp\/v2\/posts"}],"about":[{"href":"https:\/\/www.regioncuatronoticias.com\/index.php\/wp-json\/wp\/v2\/types\/post"}],"author":[{"embeddable":true,"href":"https:\/\/www.regioncuatronoticias.com\/index.php\/wp-json\/wp\/v2\/users\/1"}],"replies":[{"embeddable":true,"href":"https:\/\/www.regioncuatronoticias.com\/index.php\/wp-json\/wp\/v2\/comments?post=44522"}],"version-history":[{"count":1,"href":"https:\/\/www.regioncuatronoticias.com\/index.php\/wp-json\/wp\/v2\/posts\/44522\/revisions"}],"predecessor-version":[{"id":44526,"href":"https:\/\/www.regioncuatronoticias.com\/index.php\/wp-json\/wp\/v2\/posts\/44522\/revisions\/44526"}],"wp:featuredmedia":[{"embeddable":true,"href":"https:\/\/www.regioncuatronoticias.com\/index.php\/wp-json\/wp\/v2\/media\/44525"}],"wp:attachment":[{"href":"https:\/\/www.regioncuatronoticias.com\/index.php\/wp-json\/wp\/v2\/media?parent=44522"}],"wp:term":[{"taxonomy":"category","embeddable":true,"href":"https:\/\/www.regioncuatronoticias.com\/index.php\/wp-json\/wp\/v2\/categories?post=44522"},{"taxonomy":"post_tag","embeddable":true,"href":"https:\/\/www.regioncuatronoticias.com\/index.php\/wp-json\/wp\/v2\/tags?post=44522"}],"curies":[{"name":"wp","href":"https:\/\/api.w.org\/{rel}","templated":true}]}}