{"id":44517,"date":"2026-08-30T22:51:45","date_gmt":"2026-08-31T05:51:45","guid":{"rendered":"https:\/\/www.regioncuatronoticias.com\/?p=44517"},"modified":"2026-08-30T23:17:59","modified_gmt":"2026-08-31T06:17:59","slug":"coerra-celida-lopez-con-historica-asamblea-ante-mas-de-8000-sonorenses","status":"publish","type":"post","link":"https:\/\/www.regioncuatronoticias.com\/index.php\/2026\/08\/30\/coerra-celida-lopez-con-historica-asamblea-ante-mas-de-8000-sonorenses\/","title":{"rendered":"Cierra Celida L\u00f3pez con hist\u00f3rica asamblea ante m\u00e1s de 8,000 sonorenses"},"content":{"rendered":"\n<p class=\"wp-block-paragraph\"><strong>-En su \u00faltima asamblea informativa, la morenista cerr\u00f3 fuerte esta etapa con la presencia y conexi\u00f3n virtual de miles de sonorenses, adem\u00e1s del respaldo de empresarios, productores y distintos sectores sociales.<\/strong><\/p>\n\n\n\n<p class=\"wp-block-paragraph\">Hermosillo, Sonora; 30 de agosto de 2026.- \u201cLa continuidad de la Cuarta Transformaci\u00f3n, con el ejemplo y liderazgo del gobernador Alfonso Durazo, es Celida a L\u00f3pez. Vamos a defender los resultados alcanzados y a seguir construyendo, junto al pueblo, el segundo piso de la transformaci\u00f3n en Sonora\u201d, destac\u00f3 la aspirante a la coordinaci\u00f3n de los Comit\u00e9 de la Defensa de la 4T ante m\u00e1s de ocho mil personas.<\/p>\n\n\n\n<p class=\"wp-block-paragraph\">En una hist\u00f3rica asamblea informativa realizada en la capital sonorense, con miles de asistentes de manera presencial y conectados virtualmente, Celida L\u00f3pez afirm\u00f3 que la fuerza del movimiento est\u00e1 en el pueblo y en la defensa de una lucha que convirti\u00f3 la justicia social en derechos para millones de mexicanos.<\/p>\n\n\n\n<p class=\"wp-block-paragraph\">\u201cCon Andr\u00e9s Manuel L\u00f3pez Obrador se demostr\u00f3 que gobernar para el pueblo s\u00ed cambia vidas: el salario m\u00ednimo creci\u00f3 como nunca, m\u00e1s de 13 millones de mexicanos y mexicanas salieron de la pobreza; los apoyos a los adultos mayores, personas con discapacidad y estudiantes ya est\u00e1n en la Constituci\u00f3n. En Sonora con el gobernador Alfonso Durazo la transformaci\u00f3n tambi\u00e9n tiene resultados hist\u00f3ricos, donde ser\u00e1 recordado como el gobernador de la educaci\u00f3n\u201d, expres\u00f3.<\/p>\n\n\n\n<p class=\"wp-block-paragraph\">Ante una contundente demostraci\u00f3n de respaldo ciudadano, asegur\u00f3 que llegar\u00e1 fortalecida a la etapa definitiva del proceso interno. \u201cLa oposici\u00f3n no nos quiere al frente de la defensa del movimiento porque sabe que somos los m\u00e1s competitivos, vamos a ganar la encuesta y Morena seguir\u00e1 ganando\u201d, sostuvo.<\/p>\n\n\n\n<p class=\"wp-block-paragraph\">Celida L\u00f3pez subray\u00f3 que la presidenta Claudia Sheinbaum tiene en Sonora una aliada transformadora y humanista, una mujer de territorio, con experiencia y valent\u00eda para defender los principios de la Cuarta Transformaci\u00f3n y continuar el trabajo encabezado en el estado por el gobernador Alfonso Durazo.<\/p>\n\n\n\n<p class=\"wp-block-paragraph\">\u201cHoy podemos decir con orgullo que ganamos la encuesta. Como pr\u00f3xima coordinadora, mi compromiso es sumar a todos y todas, porque debemos estar unidos para que la 4T siga transformando Sonora, la transformaci\u00f3n es m\u00e1s grande que cualquiera de nosotros ganar este proceso interno y saldremos en unidad a sumar a todas y todos. Pase lo que pase en la encuesta, nunca me ir\u00e9 de este movimiento; aqu\u00ed seguir\u00e9 trabajando, defendiendo la transformaci\u00f3n y caminando junto al pueblo\u201d, manifest\u00f3.<\/p>\n\n\n\n<p class=\"wp-block-paragraph\">La aspirante agradeci\u00f3 el respaldo de ciudadanos, empresarios, productores, mujeres, j\u00f3venes, profesionistas y liderazgos sociales de todo Sonora. \u201cEsta lucha no es por una persona ni por un cargo; es por un proyecto de naci\u00f3n. estoy lista para caminar, para escuchar, para defender la 4T y para seguir trabajando por Sonora\u201d, concluy\u00f3.<\/p>\n\n\n\n<figure class=\"wp-block-image size-full\"><img loading=\"lazy\" loading=\"lazy\" decoding=\"async\" width=\"1280\" height=\"854\" src=\"https:\/\/www.regioncuatronoticias.com\/wp-content\/uploads\/2026\/08\/image-133.png\" alt=\"\" class=\"wp-image-44518\" srcset=\"https:\/\/www.regioncuatronoticias.com\/wp-content\/uploads\/2026\/08\/image-133.png 1280w, https:\/\/www.regioncuatronoticias.com\/wp-content\/uploads\/2026\/08\/image-133-640x427.png 640w, https:\/\/www.regioncuatronoticias.com\/wp-content\/uploads\/2026\/08\/image-133-859x573.png 859w, https:\/\/www.regioncuatronoticias.com\/wp-content\/uploads\/2026\/08\/image-133-329x220.png 329w, https:\/\/www.regioncuatronoticias.com\/wp-content\/uploads\/2026\/08\/image-133-614x410.png 614w, https:\/\/www.regioncuatronoticias.com\/wp-content\/uploads\/2026\/08\/image-133-419x280.png 419w, https:\/\/www.regioncuatronoticias.com\/wp-content\/uploads\/2026\/08\/image-133-767x512.png 767w\" sizes=\"auto, (max-width: 1280px) 100vw, 1280px\" \/><\/figure>\n\n\n\n<p class=\"wp-block-paragraph\"><strong>CANACINTRA RECONOCE CAPACIDAD Y EXPERIENCIA DE CELIDA L\u00d3PEZ<\/strong><\/p>\n\n\n\n<p class=\"wp-block-paragraph\">Cananea.- El viernes, Celida L\u00f3pez se reuni\u00f3 con integrantes de la C\u00e1mara Nacional de la Industria de la Transformaci\u00f3n (Canacintra), donde destacaron su trayectoria y atendieron su aspiraci\u00f3n para coordinar los Comit\u00e9s de Defensa de la Transformaci\u00f3n y la Soberan\u00eda Nacional en Sonora.<\/p>\n\n\n\n<p class=\"wp-block-paragraph\">Iv\u00e1n Contreras Tapia, presidente de la Delegaci\u00f3n Hermosillo de Canacintra, resalt\u00f3 la experiencia de Celida L\u00f3pez como alcaldesa de la capital del estado y su aportaci\u00f3n al frente de la Secretar\u00eda de Turismo, la Sagarhpa y la Oficina del Ejecutivo, responsabilidades desde las cuales fortaleci\u00f3 su capacidad administrativa y conocimiento integral del estado.<\/p>\n\n\n\n<p class=\"wp-block-paragraph\">Durante el encuentro se destac\u00f3 que la aspirante a la coordinaci\u00f3n de los Comit\u00e9s en Defensa de la Transformaci\u00f3n cuenta con m\u00e1s de 16 a\u00f1os de experiencia profesional y pol\u00edtica, durante los cuales ha asumido responsabilidades p\u00fablicas que le permitieron conocer las necesidades de los sectores productivos y sociales.<\/p>\n\n\n\n<p class=\"wp-block-paragraph\">Record\u00f3 los resultados alcanzados como alcaldesa de Hermosillo, donde administr\u00f3 recursos p\u00fablicos, mejor\u00f3 servicios y encabez\u00f3 un gobierno cercano, abierto al di\u00e1logo y comprometido con el combate a la corrupci\u00f3n.<\/p>\n\n\n\n<p class=\"wp-block-paragraph\">\u201cSabemos administrar recursos, tomar decisiones y ofrecer resultados, nuestra trayectoria, sin se\u00f1alamientos de corrupci\u00f3n, representa una garant\u00eda para coordinar este movimiento con honestidad, experiencia y unidad\u201d, expres\u00f3 Celida L\u00f3pez.<\/p>\n\n\n\n<figure class=\"wp-block-image size-full\"><img loading=\"lazy\" loading=\"lazy\" decoding=\"async\" width=\"1280\" height=\"854\" src=\"https:\/\/www.regioncuatronoticias.com\/wp-content\/uploads\/2026\/08\/image-134.png\" alt=\"\" class=\"wp-image-44519\" srcset=\"https:\/\/www.regioncuatronoticias.com\/wp-content\/uploads\/2026\/08\/image-134.png 1280w, https:\/\/www.regioncuatronoticias.com\/wp-content\/uploads\/2026\/08\/image-134-614x410.png 614w, https:\/\/www.regioncuatronoticias.com\/wp-content\/uploads\/2026\/08\/image-134-329x220.png 329w, https:\/\/www.regioncuatronoticias.com\/wp-content\/uploads\/2026\/08\/image-134-640x427.png 640w, https:\/\/www.regioncuatronoticias.com\/wp-content\/uploads\/2026\/08\/image-134-859x573.png 859w, https:\/\/www.regioncuatronoticias.com\/wp-content\/uploads\/2026\/08\/image-134-419x280.png 419w, https:\/\/www.regioncuatronoticias.com\/wp-content\/uploads\/2026\/08\/image-134-767x512.png 767w\" sizes=\"auto, (max-width: 1280px) 100vw, 1280px\" \/><\/figure>\n\n\n\n<p class=\"wp-block-paragraph\"><strong>EL TRABAJO EN TERRITORIO FORTALECE EL CRECIMIENTO DE CELIDA L\u00d3PEZ<\/strong><\/p>\n\n\n\n<p class=\"wp-block-paragraph\">En la capital de Sonora, mujeres, productores, empresarios, alcaldes, legisladores, fundadores de Morena y liderazgos sociales han expresado su respaldo a Celida L\u00f3pez para coordinar los Comit\u00e9s de Defensa de la Transformaci\u00f3n y la Soberan\u00eda Nacional.<\/p>\n\n\n\n<p class=\"wp-block-paragraph\">Durante sus recorridos por Sonora ha recibido el apoyo de fundadores de Morena de distintos municipios, legisladores locales y federales como Elly Sallard, Anabel Acosta, Yazm\u00edn G\u00f3mez Liz\u00e1rraga, Ram\u00f3n Flores, David Figueroa y diversos presidentes municipales.<\/p>\n\n\n\n<p class=\"wp-block-paragraph\">Los respaldos reconocen sus m\u00e1s de 16 a\u00f1os de experiencia en el servicio p\u00fablico y su trayectoria como diputada local, alcaldesa de Hermosillo, secretaria de Turismo, jefa de la Oficina del Ejecutivo y titular de la Sagarhpa.<\/p>\n\n\n\n<p class=\"wp-block-paragraph\">Como alcaldesa de Hermosillo encabez\u00f3 un gobierno cercano, mejor\u00f3 los servicios p\u00fablicos, administr\u00f3 responsablemente los recursos y tom\u00f3 decisiones escuchando a la ciudadan\u00eda. En Turismo y Sagarhpa impuls\u00f3 gestiones para fortalecer las actividades econ\u00f3micas y atender al sector primario.<\/p>\n\n\n\n<p class=\"wp-block-paragraph\">\u201cLa confianza recibida representa una gran responsabilidad, tenemos experiencia, conocemos Sonora y sabemos escuchar; queremos fortalecer la unidad y defender los logros de la transformaci\u00f3n encabezada por Claudia Sheinbaum y Alfonso Durazo\u201d, destac\u00f3 Celida L\u00f3pez.<\/p>\n\n\n\n<p class=\"wp-block-paragraph\">La aspirante a coordinar los Comit\u00e9s de la Defensa de la Transformaci\u00f3n y la Soberan\u00eda Nacional puntualiz\u00f3 que la inclusi\u00f3n de las mujeres ha sido una constante en sus responsabilidades p\u00fablicas, desde la integraci\u00f3n paritaria de su gabinete municipal hasta su participaci\u00f3n en puestos estrat\u00e9gicos, porque es tiempo de mujeres con capacidad, experiencia y poder de decisi\u00f3n.<\/p>\n","protected":false},"excerpt":{"rendered":"<p>-En su \u00faltima asamblea informativa, la morenista cerr\u00f3 fuerte esta etapa con la presencia y conexi\u00f3n virtual de miles de sonorenses, adem\u00e1s del respaldo de empresarios, productores y distintos sectores sociales. Hermosillo, Sonora; 30 de agosto de 2026.- \u201cLa continuidad de la Cuarta Transformaci\u00f3n, con el ejemplo y liderazgo del gobernador Alfonso Durazo, es Celida [&hellip;]<\/p>\n","protected":false},"author":1,"featured_media":44520,"comment_status":"open","ping_status":"open","sticky":false,"template":"","format":"standard","meta":{"content-type":"","footnotes":""},"categories":[8,115,9],"tags":[],"class_list":["post-44517","post","type-post","status-publish","format-standard","has-post-thumbnail","category-hermosillo","category-politica","category-sonora"],"_links":{"self":[{"href":"https:\/\/www.regioncuatronoticias.com\/index.php\/wp-json\/wp\/v2\/posts\/44517","targetHints":{"allow":["GET"]}}],"collection":[{"href":"https:\/\/www.regioncuatronoticias.com\/index.php\/wp-json\/wp\/v2\/posts"}],"about":[{"href":"https:\/\/www.regioncuatronoticias.com\/index.php\/wp-json\/wp\/v2\/types\/post"}],"author":[{"embeddable":true,"href":"https:\/\/www.regioncuatronoticias.com\/index.php\/wp-json\/wp\/v2\/users\/1"}],"replies":[{"embeddable":true,"href":"https:\/\/www.regioncuatronoticias.com\/index.php\/wp-json\/wp\/v2\/comments?post=44517"}],"version-history":[{"count":2,"href":"https:\/\/www.regioncuatronoticias.com\/index.php\/wp-json\/wp\/v2\/posts\/44517\/revisions"}],"predecessor-version":[{"id":44532,"href":"https:\/\/www.regioncuatronoticias.com\/index.php\/wp-json\/wp\/v2\/posts\/44517\/revisions\/44532"}],"wp:featuredmedia":[{"embeddable":true,"href":"https:\/\/www.regioncuatronoticias.com\/index.php\/wp-json\/wp\/v2\/media\/44520"}],"wp:attachment":[{"href":"https:\/\/www.regioncuatronoticias.com\/index.php\/wp-json\/wp\/v2\/media?parent=44517"}],"wp:term":[{"taxonomy":"category","embeddable":true,"href":"https:\/\/www.regioncuatronoticias.com\/index.php\/wp-json\/wp\/v2\/categories?post=44517"},{"taxonomy":"post_tag","embeddable":true,"href":"https:\/\/www.regioncuatronoticias.com\/index.php\/wp-json\/wp\/v2\/tags?post=44517"}],"curies":[{"name":"wp","href":"https:\/\/api.w.org\/{rel}","templated":true}]}}