{"id":44509,"date":"2026-08-30T22:35:25","date_gmt":"2026-08-31T05:35:25","guid":{"rendered":"https:\/\/www.regioncuatronoticias.com\/?p=44509"},"modified":"2026-08-30T22:35:26","modified_gmt":"2026-08-31T05:35:26","slug":"estamos-frente-a-un-regreso-a-clases-historico-en-sonora-maria-dolores-del-rio","status":"publish","type":"post","link":"https:\/\/www.regioncuatronoticias.com\/index.php\/2026\/08\/30\/estamos-frente-a-un-regreso-a-clases-historico-en-sonora-maria-dolores-del-rio\/","title":{"rendered":"&#8220;Estamos frente a un regreso a clases hist\u00f3rico en Sonora\u201d- Mar\u00eda Dolores del R\u00edo"},"content":{"rendered":"\n<p class=\"wp-block-paragraph\">Hermosillo, Sonora; 30 de agosto de 2026.- Sonora vive un regreso a clases hist\u00f3rico: m\u00e1s de 500 mil estudiantes de preescolar, primaria y secundaria retoman las aulas en un estado que se convierte en el primero del pa\u00eds en contar con cobertura universal en becas, desde preescolar hasta la universidad, en instituciones p\u00fablicas, afirm\u00f3 Mar\u00eda Dolores del R\u00edo.<\/p>\n\n\n\n<p class=\"wp-block-paragraph\">La aspirante a la Coordinaci\u00f3n de los Comit\u00e9s de Defensa de la Transformaci\u00f3n y la Soberan\u00eda Nacional en Sonora reconoci\u00f3 el impulso de la presidenta Claudia Sheinbaum a los programas federales de becas, que garantizan cobertura desde preescolar hasta preparatoria, entre ellos la Beca Rita Cetina, para que ninguna ni\u00f1a, ni\u00f1o o joven deje de estudiar por falta de recursos. A este esfuerzo se suma la decisi\u00f3n del gobernador Alfonso Durazo de impulsar la beca universal de nivel superior para las y los estudiantes de universidades p\u00fablicas del estado, con lo que Sonora se convierte en el primer estado del pa\u00eds en contar con cobertura universal en becas, desde preescolar hasta la universidad, en instituciones p\u00fablicas.<\/p>\n\n\n\n<p class=\"wp-block-paragraph\">As\u00ed mismo, Del R\u00edo record\u00f3 los programas de desayunos escolares, uniformes y \u00fatiles escolares gratuitos, as\u00ed como la rehabilitaci\u00f3n y construcci\u00f3n de escuelas, con una inversi\u00f3n conjunta que supera los 5,927 millones de pesos para que las y los estudiantes sonorenses inicien el ciclo escolar en mejores condiciones.<\/p>\n\n\n\n<p class=\"wp-block-paragraph\">&#8220;En cada asamblea que hemos realizado en el estado, las familias sonorenses me han compartido lo que significa comenzar el ciclo escolar con menos preocupaciones y m\u00e1s certeza. Ese alivio, aunque parezca peque\u00f1o en el d\u00eda a d\u00eda, cambia la manera en que una ni\u00f1a o un ni\u00f1o llega a su primer d\u00eda de clases&#8221;, se\u00f1al\u00f3 Del R\u00edo.<\/p>\n\n\n\n<p class=\"wp-block-paragraph\">Del R\u00edo destac\u00f3 que esta coordinaci\u00f3n entre la federaci\u00f3n y el estado confirma la manera en que el gobierno de Durazo ha entendido la educaci\u00f3n no como un gasto, sino como una inversi\u00f3n directa en el bienestar y las oportunidades de las nuevas generaciones sonorenses.<\/p>\n\n\n\n<p class=\"wp-block-paragraph\">&#8220;Un gobierno cercano no solo abre las puertas de las escuelas: se asegura de que cada estudiante cruce ese umbral con lo necesario para aprender, no con carencias que se van acumulando en silencio&#8221;, afirm\u00f3.<\/p>\n\n\n\n<p class=\"wp-block-paragraph\">La aspirante subray\u00f3 que este esfuerzo ha tenido un alcance particular en comunidades rurales e ind\u00edgenas del estado, donde la cercan\u00eda del gobierno estatal y federal ha significado que miles de estudiantes que antes enfrentaban mayores rezagos hoy inicien el ciclo escolar en mejores condiciones.<\/p>\n\n\n\n<p class=\"wp-block-paragraph\">&#8220;Que cada mochila, cada libro y cada beca sean parte de una misma convicci\u00f3n: en Sonora ninguna ni\u00f1a, ni\u00f1o o joven se queda atr\u00e1s. Ese es el compromiso que seguir\u00e9 impulsando junto a las familias sonorenses.&#8221;<\/p>\n\n\n\n<p class=\"wp-block-paragraph\">Con este nuevo ciclo escolar, Sonora refrenda un modelo de gobierno cercano a la gente que acompa\u00f1a a las familias desde el primer d\u00eda de clases y consolida a la educaci\u00f3n, con cobertura universal en becas, como uno de los ejes del bienestar en el estado.<\/p>\n\n\n\n<figure class=\"wp-block-image size-large\"><img loading=\"lazy\" loading=\"lazy\" decoding=\"async\" width=\"1279\" height=\"852\" src=\"https:\/\/www.regioncuatronoticias.com\/wp-content\/uploads\/2026\/08\/image-131-1279x852.png\" alt=\"\" class=\"wp-image-44513\" srcset=\"https:\/\/www.regioncuatronoticias.com\/wp-content\/uploads\/2026\/08\/image-131-1279x852.png 1279w, https:\/\/www.regioncuatronoticias.com\/wp-content\/uploads\/2026\/08\/image-131-639x426.png 639w, https:\/\/www.regioncuatronoticias.com\/wp-content\/uploads\/2026\/08\/image-131-330x220.png 330w, https:\/\/www.regioncuatronoticias.com\/wp-content\/uploads\/2026\/08\/image-131-615x410.png 615w, https:\/\/www.regioncuatronoticias.com\/wp-content\/uploads\/2026\/08\/image-131-767x511.png 767w, https:\/\/www.regioncuatronoticias.com\/wp-content\/uploads\/2026\/08\/image-131-420x280.png 420w, https:\/\/www.regioncuatronoticias.com\/wp-content\/uploads\/2026\/08\/image-131-859x572.png 859w, https:\/\/www.regioncuatronoticias.com\/wp-content\/uploads\/2026\/08\/image-131-1535x1023.png 1535w, https:\/\/www.regioncuatronoticias.com\/wp-content\/uploads\/2026\/08\/image-131-1536x1023.png 1536w, https:\/\/www.regioncuatronoticias.com\/wp-content\/uploads\/2026\/08\/image-131.png 1600w\" sizes=\"auto, (max-width: 1279px) 100vw, 1279px\" \/><\/figure>\n\n\n\n<p class=\"wp-block-paragraph\"><strong>&#8220;CUANDO AL CAMPO LE VA BIEN, A SONORA LE VA BIEN&#8221;<\/strong><\/p>\n\n\n\n<p class=\"wp-block-paragraph\">Hermosillo, Sonora; 28 de agosto de 2026.- Fortalecer al campo sonorense significa respaldar a miles de familias que todos los d\u00edas trabajan para producir alimentos, generar empleos y mantener viva la actividad econ\u00f3mica de sus comunidades, afirm\u00f3 Mar\u00eda Dolores del R\u00edo.<\/p>\n\n\n\n<p class=\"wp-block-paragraph\">La aspirante a la Coordinaci\u00f3n de los Comit\u00e9s de Defensa de la Transformaci\u00f3n y la Soberan\u00eda Nacional en Sonora reconoci\u00f3 el impulso de la presidenta Claudia Sheinbaum al Programa Integral para la Producci\u00f3n de Carne de Alta Calidad, que contempla una inversi\u00f3n de 831 millones de pesos para Sonora y acciones como la entrega de sementales bovinos y financiamiento para la engorda de ganado.<\/p>\n\n\n\n<p class=\"wp-block-paragraph\">&#8220;Sonora tiene una enorme vocaci\u00f3n ganadera y tenemos productores con experiencia, capacidad y conocimiento. En municipios como Sonoyta, agricultores y ganaderos me comentaron la necesidad de dar continuidad a la transformaci\u00f3n para mejorar sus condiciones y encontrar mejores oportunidades para sus familias.&#8221;<\/p>\n\n\n\n<p class=\"wp-block-paragraph\">Del R\u00edo se\u00f1al\u00f3 que esta estrategia nacional se suma al trabajo que el gobernador Alfonso Durazo ha impulsado en el estado, como la tecnificaci\u00f3n de riego con energ\u00eda solar, que ya beneficia de manera directa a 12 mil productores de los Valles del Yaqui y del Mayo, as\u00ed como el apoyo de 628 mil pesos para proyectos de forraje en las regiones de Tres R\u00edos y Cuatro Sierras.<\/p>\n\n\n\n<p class=\"wp-block-paragraph\">&#8220;Cuando una pol\u00edtica p\u00fablica llega al productor y le permite mejorar su ganado, invertir en su unidad de producci\u00f3n y darle mayor valor a lo que hace, estamos hablando de bienestar que se queda en las comunidades, no de apoyos que se deciden lejos de ellas.&#8221;<\/p>\n\n\n\n<p class=\"wp-block-paragraph\">La aspirante destac\u00f3 que fortalecer el campo es una forma de generar oportunidades y arraigo, en especial para las nuevas generaciones que viven en las regiones rurales de Sonora.<\/p>\n\n\n\n<p class=\"wp-block-paragraph\">&#8220;En las asambleas las personas mayores me hablaron mucho sobre inculcar en los j\u00f3venes los conocimientos de quienes trabajan en los campos y los ranchos. Antes, muchos ten\u00edan que irse para encontrar una oportunidad; queremos un Sonora donde producir, emprender y trabajar en el campo sea una opci\u00f3n de futuro sin tener que salir de su tierra.&#8221;<\/p>\n\n\n\n<p class=\"wp-block-paragraph\">Del R\u00edo afirm\u00f3 que la transformaci\u00f3n debe seguir acompa\u00f1ando a quienes todos los d\u00edas sostienen una de <\/p>\n\n\n\n<figure class=\"wp-block-image size-large\"><img loading=\"lazy\" loading=\"lazy\" decoding=\"async\" width=\"1279\" height=\"852\" src=\"https:\/\/www.regioncuatronoticias.com\/wp-content\/uploads\/2026\/08\/image-132-1279x852.png\" alt=\"\" class=\"wp-image-44514\" srcset=\"https:\/\/www.regioncuatronoticias.com\/wp-content\/uploads\/2026\/08\/image-132-1279x852.png 1279w, https:\/\/www.regioncuatronoticias.com\/wp-content\/uploads\/2026\/08\/image-132-639x426.png 639w, https:\/\/www.regioncuatronoticias.com\/wp-content\/uploads\/2026\/08\/image-132-615x410.png 615w, https:\/\/www.regioncuatronoticias.com\/wp-content\/uploads\/2026\/08\/image-132-330x220.png 330w, https:\/\/www.regioncuatronoticias.com\/wp-content\/uploads\/2026\/08\/image-132-859x572.png 859w, https:\/\/www.regioncuatronoticias.com\/wp-content\/uploads\/2026\/08\/image-132-767x511.png 767w, https:\/\/www.regioncuatronoticias.com\/wp-content\/uploads\/2026\/08\/image-132-420x280.png 420w, https:\/\/www.regioncuatronoticias.com\/wp-content\/uploads\/2026\/08\/image-132-1536x1023.png 1536w, https:\/\/www.regioncuatronoticias.com\/wp-content\/uploads\/2026\/08\/image-132-1535x1023.png 1535w, https:\/\/www.regioncuatronoticias.com\/wp-content\/uploads\/2026\/08\/image-132.png 1600w\" sizes=\"auto, (max-width: 1279px) 100vw, 1279px\" \/><\/figure>\n\n\n\n<p class=\"wp-block-paragraph\"><strong>CUANDO EL GOBIERNO INVIERTE EN LA SALUD DE SU GENTE, INVIERTE EN EL FUTURO DE SONORA<\/strong><\/p>\n\n\n\n<p class=\"wp-block-paragraph\">Hermosillo, Sonora; 26 de agosto de 2026.- La inversi\u00f3n hist\u00f3rica en infraestructura y servicios de salud p\u00fablica que hoy transforma al estado responde a una visi\u00f3n de gobierno que pone el bienestar de las familias sonorenses en el centro de las prioridades, afirm\u00f3 Mar\u00eda Dolores del R\u00edo.<\/p>\n\n\n\n<p class=\"wp-block-paragraph\">La aspirante a la Coordinaci\u00f3n de los Comit\u00e9s de Defensa de la Transformaci\u00f3n y la Soberan\u00eda Nacional en Sonora reconoci\u00f3 el impulso de la presidenta Claudia Sheinbaum y del gobernador Alfonso Durazo en la construcci\u00f3n de 10 nuevos hospitales en el estado \u2014cuatro en Hermosillo y uno en Navojoa, San Luis R\u00edo Colorado, Guaymas, Etchojoa, V\u00edcam Switch y Ures\u2014, con una inversi\u00f3n superior a los 40 mil millones de pesos. A esto se suma, dentro del programa IMSS-Bienestar, la garant\u00eda de atenci\u00f3n m\u00e9dica gratuita y universal para m\u00e1s de 900 mil sonorenses sin seguridad social, as\u00ed como una inversi\u00f3n de 3,287.79 millones de pesos en medicamentos que ha beneficiado a m\u00e1s de un mill\u00f3n de personas.<\/p>\n\n\n\n<p class=\"wp-block-paragraph\">&#8220;En las asambleas que realizamos en la regi\u00f3n en el sur del Estado me han hablado del hospital que se construye en V\u00edcam Switch, y lo que m\u00e1s me conmueve es escuchar a las mujeres decir que por primera vez sienten que el gobierno llega hasta donde ellas est\u00e1n, y no al rev\u00e9s&#8221;, relat\u00f3 Del R\u00edo.<\/p>\n\n\n\n<p class=\"wp-block-paragraph\">Del R\u00edo destac\u00f3 que este esfuerzo federal encuentra en el gobierno de Alfonso Durazo un aliado que lo ha llevado a cada rinc\u00f3n de Sonora, con obras como el Primer Centro Coordinador Estatal de Salud y Bienestar del pa\u00eds \u2014el primero en su tipo en el Pa\u00eds\u2014, con una inversi\u00f3n de 53.3 millones de pesos, adem\u00e1s de tres nuevos Centros Reguladores de Urgencias M\u00e9dicas en Moctezuma, Tecoripa y Hermosillo, con 39.4 millones de pesos, y la incorporaci\u00f3n de 16 nuevas unidades m\u00f3viles de salud que ya cubren los 72 municipios del estado.<\/p>\n\n\n\n<p class=\"wp-block-paragraph\">&#8220;La verdadera transformaci\u00f3n no espera a que alguien enferme para actuar: se construye con prevenci\u00f3n, con hospitales, con m\u00e9dicos, con medicamentos y con cercan\u00eda, no cuando ya es demasiado tarde&#8221;, subray\u00f3.<\/p>\n\n\n\n<p class=\"wp-block-paragraph\">La aspirante resalt\u00f3 adem\u00e1s que el programa Salud Casa por Casa ya atiende en sus propios hogares a 330 mil adultos mayores y personas con discapacidad, mientras que el nuevo Centro de Vacunaci\u00f3n Rural de Santa Ana, con capacidad para 56 mil dosis, ampl\u00eda la cobertura a 27 municipios y beneficia a m\u00e1s de 315 mil personas.<\/p>\n\n\n\n<p class=\"wp-block-paragraph\">&#8220;Vamos a seguir caminando junto a la gente, porque estoy convencida de que ninguna familia sonorense debe quedarse sin atenci\u00f3n m\u00e9dica por vivir lejos de la capital\u201d, expres\u00f3 Del R\u00edo.<\/p>\n\n\n\n<p class=\"wp-block-paragraph\">Con obras como estas, Sonora consolida un modelo de salud p\u00fablica m\u00e1s justo, cercano y con arraigo en cada comunidad, prueba de que la transformaci\u00f3n sigue avanzando en Sonora.<\/p>\n\n\n\n<figure class=\"wp-block-image size-large\"><img loading=\"lazy\" loading=\"lazy\" decoding=\"async\" width=\"1279\" height=\"852\" src=\"https:\/\/www.regioncuatronoticias.com\/wp-content\/uploads\/2026\/08\/image-128-1279x852.png\" alt=\"\" class=\"wp-image-44510\" srcset=\"https:\/\/www.regioncuatronoticias.com\/wp-content\/uploads\/2026\/08\/image-128-1279x852.png 1279w, https:\/\/www.regioncuatronoticias.com\/wp-content\/uploads\/2026\/08\/image-128-639x426.png 639w, https:\/\/www.regioncuatronoticias.com\/wp-content\/uploads\/2026\/08\/image-128-767x511.png 767w, https:\/\/www.regioncuatronoticias.com\/wp-content\/uploads\/2026\/08\/image-128-330x220.png 330w, https:\/\/www.regioncuatronoticias.com\/wp-content\/uploads\/2026\/08\/image-128-615x410.png 615w, https:\/\/www.regioncuatronoticias.com\/wp-content\/uploads\/2026\/08\/image-128-859x572.png 859w, https:\/\/www.regioncuatronoticias.com\/wp-content\/uploads\/2026\/08\/image-128-420x280.png 420w, https:\/\/www.regioncuatronoticias.com\/wp-content\/uploads\/2026\/08\/image-128-1536x1023.png 1536w, https:\/\/www.regioncuatronoticias.com\/wp-content\/uploads\/2026\/08\/image-128-1535x1023.png 1535w, https:\/\/www.regioncuatronoticias.com\/wp-content\/uploads\/2026\/08\/image-128.png 1600w\" sizes=\"auto, (max-width: 1279px) 100vw, 1279px\" \/><\/figure>\n\n\n\n<p class=\"wp-block-paragraph\">I<strong>NTEGRIDAD, CONVICCI\u00d3N Y AMOR POR EL PUEBLO DE M\u00c9XICO ES LO QUE VEO EN LAS Y LOS J\u00d3VENES DE SONORA<\/strong><\/p>\n\n\n\n<p class=\"wp-block-paragraph\">Hermosillo, Sonora. 22 de agosto de 2026.- Ante j\u00f3venes de Hermosillo, Mar\u00eda Dolores del R\u00edo sostuvo que la juventud sonorense representa el relevo generacional que dar\u00e1 continuidad al proyecto de transformaci\u00f3n en el estado.<\/p>\n\n\n\n<p class=\"wp-block-paragraph\">La aspirante a la Coordinaci\u00f3n de los Comit\u00e9s de Defensa de la Transformaci\u00f3n y la Soberan\u00eda Nacional en Sonora encabez\u00f3 una Asamblea Informativa con j\u00f3venes de la capital del estado, donde comparti\u00f3 su aspiraci\u00f3n al frente de los comit\u00e9s y escuch\u00f3 sus inquietudes sobre el papel de las nuevas generaciones en la vida p\u00fablica y pol\u00edtica de Sonora.<\/p>\n\n\n\n<p class=\"wp-block-paragraph\">Durante el encuentro, las y los j\u00f3venes le preguntaron directamente sobre su experiencia y trayectoria, as\u00ed como qu\u00e9 deben tener quienes buscan iniciar una carrera en la pol\u00edtica.<\/p>\n\n\n\n<p class=\"wp-block-paragraph\">&#8220;Integridad, convicci\u00f3n, amor al pueblo y vocaci\u00f3n de servicio es lo que veo en las y los j\u00f3venes de Sonora, y es lo primero que deben tener para hacer pol\u00edtica&#8221;, comparti\u00f3 Del R\u00edo.<\/p>\n\n\n\n<p class=\"wp-block-paragraph\">Un joven asistente le pregunt\u00f3 puntualmente qu\u00e9 consejo le dar\u00eda a las y los j\u00f3venes que quieren incursionar en la pol\u00edtica. Del R\u00edo respondi\u00f3 con una reflexi\u00f3n sobre la importancia de construir con paso firme y no con prisa.<\/p>\n\n\n\n<p class=\"wp-block-paragraph\">&#8220;A veces cuando se corre muy r\u00e1pido, tambi\u00e9n se termina muy r\u00e1pido. Es mejor el paso seguro, que se preparen, que se rodeen de buenos liderazgos. Esa es la gran ventaja de los j\u00f3venes: tienen tiempo&#8221;, expres\u00f3 Del R\u00edo.<\/p>\n\n\n\n<p class=\"wp-block-paragraph\">Del R\u00edo se\u00f1al\u00f3 que ese relevo generacional no se construye solo con discurso, sino con preparaci\u00f3n, acompa\u00f1amiento y oportunidades reales para que las juventudes se involucren desde ahora en las causas del pueblo de M\u00e9xico.<\/p>\n\n\n\n<p class=\"wp-block-paragraph\">&#8220;Los j\u00f3venes son el presente que sigue y la continuidad de la transformaci\u00f3n&#8221;, afirm\u00f3, al subrayar que a quienes se acercan a la pol\u00edtica no solo se les debe pedir tenacidad, sino tambi\u00e9n compromiso para abrir puertas a otras y otros j\u00f3venes que vienen detr\u00e1s.<\/p>\n\n\n\n<p class=\"wp-block-paragraph\">Con encuentros como esta Asamblea Informativa en Hermosillo, Mar\u00eda Dolores del R\u00edo refrenda su compromiso de caminar junto a la juventud sonorense.<\/p>\n","protected":false},"excerpt":{"rendered":"<p>Hermosillo, Sonora; 30 de agosto de 2026.- Sonora vive un regreso a clases hist\u00f3rico: m\u00e1s de 500 mil estudiantes de preescolar, primaria y secundaria retoman las aulas en un estado que se convierte en el primero del pa\u00eds en contar con cobertura universal en becas, desde preescolar hasta la universidad, en instituciones p\u00fablicas, afirm\u00f3 Mar\u00eda [&hellip;]<\/p>\n","protected":false},"author":1,"featured_media":44515,"comment_status":"open","ping_status":"open","sticky":false,"template":"","format":"standard","meta":{"content-type":"","footnotes":""},"categories":[8,115],"tags":[],"class_list":["post-44509","post","type-post","status-publish","format-standard","has-post-thumbnail","category-hermosillo","category-politica"],"_links":{"self":[{"href":"https:\/\/www.regioncuatronoticias.com\/index.php\/wp-json\/wp\/v2\/posts\/44509","targetHints":{"allow":["GET"]}}],"collection":[{"href":"https:\/\/www.regioncuatronoticias.com\/index.php\/wp-json\/wp\/v2\/posts"}],"about":[{"href":"https:\/\/www.regioncuatronoticias.com\/index.php\/wp-json\/wp\/v2\/types\/post"}],"author":[{"embeddable":true,"href":"https:\/\/www.regioncuatronoticias.com\/index.php\/wp-json\/wp\/v2\/users\/1"}],"replies":[{"embeddable":true,"href":"https:\/\/www.regioncuatronoticias.com\/index.php\/wp-json\/wp\/v2\/comments?post=44509"}],"version-history":[{"count":1,"href":"https:\/\/www.regioncuatronoticias.com\/index.php\/wp-json\/wp\/v2\/posts\/44509\/revisions"}],"predecessor-version":[{"id":44516,"href":"https:\/\/www.regioncuatronoticias.com\/index.php\/wp-json\/wp\/v2\/posts\/44509\/revisions\/44516"}],"wp:featuredmedia":[{"embeddable":true,"href":"https:\/\/www.regioncuatronoticias.com\/index.php\/wp-json\/wp\/v2\/media\/44515"}],"wp:attachment":[{"href":"https:\/\/www.regioncuatronoticias.com\/index.php\/wp-json\/wp\/v2\/media?parent=44509"}],"wp:term":[{"taxonomy":"category","embeddable":true,"href":"https:\/\/www.regioncuatronoticias.com\/index.php\/wp-json\/wp\/v2\/categories?post=44509"},{"taxonomy":"post_tag","embeddable":true,"href":"https:\/\/www.regioncuatronoticias.com\/index.php\/wp-json\/wp\/v2\/tags?post=44509"}],"curies":[{"name":"wp","href":"https:\/\/api.w.org\/{rel}","templated":true}]}}