{"id":44503,"date":"2026-08-30T22:05:44","date_gmt":"2026-08-31T05:05:44","guid":{"rendered":"https:\/\/www.regioncuatronoticias.com\/?p=44503"},"modified":"2026-08-30T22:05:44","modified_gmt":"2026-08-31T05:05:44","slug":"participa-omar-del-valle-en-reunion-de-trabajo-del-pvem-sonora-con-alfonso-durazo","status":"publish","type":"post","link":"https:\/\/www.regioncuatronoticias.com\/index.php\/2026\/08\/30\/participa-omar-del-valle-en-reunion-de-trabajo-del-pvem-sonora-con-alfonso-durazo\/","title":{"rendered":"Participa Omar Del Valle en reuni\u00f3n de trabajo del PVEM Sonora con Alfonso Durazo"},"content":{"rendered":"\n<p class=\"wp-block-paragraph\">Hermosillo, Sonora, 30 de agosto de 2026.- Omar Del Valle Colosio se sum\u00f3 a la reuni\u00f3n de trabajo del Partido Verde Ecologista de M\u00e9xico en Sonora, junto a legisladores, presidentes municipales, la dirigencia estatal y liderazgos del Verde, con el gobernador Alfonso Durazo. Ah\u00ed el Verde ratific\u00f3 su decisi\u00f3n de seguir construyendo acuerdos y de sumar esfuerzos por el bienestar de las familias sonorenses.<\/p>\n\n\n\n<p class=\"wp-block-paragraph\">En el encuentro, el Partido Verde puso sobre la mesa c\u00f3mo fortalecer su trabajo en los municipios y seguir aportando al proyecto de transformaci\u00f3n que encabeza el gobernador Durazo en Sonora.<\/p>\n\n\n\n<p class=\"wp-block-paragraph\">Del Valle Colosio empuj\u00f3 por acercar a las distintas expresiones de este proyecto y tender puentes entre ellas, con las necesidades de las y los sonorenses siempre por delante.<\/p>\n\n\n\n<p class=\"wp-block-paragraph\">Reconoci\u00f3 el trabajo del gobernador Alfonso Durazo y plante\u00f3 que Sonora vive una etapa de transformaci\u00f3n que pide unidad, responsabilidad y la participaci\u00f3n activa de quienes, desde cada espacio, trabajan por el estado.<\/p>\n\n\n\n<p class=\"wp-block-paragraph\">Reconoci\u00f3 tambi\u00e9n a la presidenta Claudia Sheinbaum Pardo y al gobernador Alfonso Durazo por conducir la transformaci\u00f3n hacia mejores condiciones de bienestar y desarrollo para las familias sonorenses.<\/p>\n\n\n\n<p class=\"wp-block-paragraph\">Omar Del Valle Colosio ratific\u00f3 su compromiso de seguir trabajando de cerca con la gente, construyendo acuerdos y sumando esfuerzos por el desarrollo de Sonora.<\/p>\n\n\n\n<figure class=\"wp-block-image size-full\"><img loading=\"lazy\" loading=\"lazy\" decoding=\"async\" width=\"1280\" height=\"853\" src=\"https:\/\/www.regioncuatronoticias.com\/wp-content\/uploads\/2026\/08\/image-126.png\" alt=\"\" class=\"wp-image-44504\" srcset=\"https:\/\/www.regioncuatronoticias.com\/wp-content\/uploads\/2026\/08\/image-126.png 1280w, https:\/\/www.regioncuatronoticias.com\/wp-content\/uploads\/2026\/08\/image-126-639x426.png 639w, https:\/\/www.regioncuatronoticias.com\/wp-content\/uploads\/2026\/08\/image-126-615x410.png 615w, https:\/\/www.regioncuatronoticias.com\/wp-content\/uploads\/2026\/08\/image-126-330x220.png 330w, https:\/\/www.regioncuatronoticias.com\/wp-content\/uploads\/2026\/08\/image-126-767x511.png 767w, https:\/\/www.regioncuatronoticias.com\/wp-content\/uploads\/2026\/08\/image-126-420x280.png 420w, https:\/\/www.regioncuatronoticias.com\/wp-content\/uploads\/2026\/08\/image-126-860x573.png 860w\" sizes=\"auto, (max-width: 1280px) 100vw, 1280px\" \/><\/figure>\n\n\n\n<p class=\"wp-block-paragraph\"><strong>CONVOCA AL PVEM A FORTALECERSE EN EL TERRITORIO, CON UNIDAD Y TRABAJO<\/strong><\/p>\n\n\n\n<p class=\"wp-block-paragraph\">El s\u00e1bado anterior, en la primera Reuni\u00f3n Plenaria Estatal del Partido Verde Ecologista de M\u00e9xico en Sonora, Omar Del Valle convoc\u00f3 a fortalecer la presencia del partido en el territorio, con unidad, con responsabilidad y con la mirada puesta en el largo plazo del estado.<\/p>\n\n\n\n<p class=\"wp-block-paragraph\">Ante diputadas y diputados locales, dirigencias municipales y liderazgos del Partido Verde, Del Valle Colosio comparti\u00f3 lo que dejaron nueve semanas recorriendo Sonora. En ese tiempo sum\u00f3 m\u00e1s de 200 actividades en 24 municipios.<\/p>\n\n\n\n<p class=\"wp-block-paragraph\">&#8220;Este proceso no se trata de eventos, ni de fotograf\u00edas, ni de aplausos. Se trata de estar donde est\u00e1 la gente, entender lo que necesita y regresar con respuestas&#8221;, expres\u00f3.<\/p>\n\n\n\n<p class=\"wp-block-paragraph\">Los recorridos lo llevaron a sentarse con comerciantes, j\u00f3venes, empresarios, estudiantes, mujeres, deportistas, artistas, ambientalistas, profesionistas y familias de distintas regiones, desde municipios de la frontera y la costa hasta comunidades rurales y ejidos.<\/p>\n\n\n\n<p class=\"wp-block-paragraph\">Del Valle Colosio se\u00f1al\u00f3 que Sonora tiene retos grandes en agua, en el crecimiento de las ciudades, en movilidad, en medio ambiente y en la econom\u00eda, y llam\u00f3 a construir respuestas con capacidad, con innovaci\u00f3n y de cerca con la gente.<\/p>\n\n\n\n<p class=\"wp-block-paragraph\">Reconoci\u00f3 el trabajo de la presidenta Claudia Sheinbaum Pardo y del gobernador Alfonso Durazo, y ratific\u00f3 que el Partido Verde es parte del proyecto de transformaci\u00f3n, con una voz propia dedicada al cuidado del agua, la tierra y el aire.<\/p>\n\n\n\n<p class=\"wp-block-paragraph\">&#8220;Este es el proyecto del Verde en el proceso interno, y esta ser\u00e1 nuestra ruta de aqu\u00ed en adelante: recorrer el territorio una y otra vez, tender puentes y construir acuerdos&#8221;, afirm\u00f3.<\/p>\n\n\n\n<p class=\"wp-block-paragraph\">Cerr\u00f3 con un compromiso: seguir trabajando con responsabilidad y poner su experiencia al servicio de Sonora. &#8220;El futuro no se improvisa; se construye con capacidad, con visi\u00f3n y con innovaci\u00f3n&#8221;, sostuvo.<\/p>\n\n\n\n<figure class=\"wp-block-image size-full\"><img loading=\"lazy\" loading=\"lazy\" decoding=\"async\" width=\"1280\" height=\"1091\" src=\"https:\/\/www.regioncuatronoticias.com\/wp-content\/uploads\/2026\/08\/image-127.png\" alt=\"\" class=\"wp-image-44505\" srcset=\"https:\/\/www.regioncuatronoticias.com\/wp-content\/uploads\/2026\/08\/image-127.png 1280w, https:\/\/www.regioncuatronoticias.com\/wp-content\/uploads\/2026\/08\/image-127-767x654.png 767w, https:\/\/www.regioncuatronoticias.com\/wp-content\/uploads\/2026\/08\/image-127-258x220.png 258w, https:\/\/www.regioncuatronoticias.com\/wp-content\/uploads\/2026\/08\/image-127-639x545.png 639w, https:\/\/www.regioncuatronoticias.com\/wp-content\/uploads\/2026\/08\/image-127-860x733.png 860w, https:\/\/www.regioncuatronoticias.com\/wp-content\/uploads\/2026\/08\/image-127-328x280.png 328w, https:\/\/www.regioncuatronoticias.com\/wp-content\/uploads\/2026\/08\/image-127-481x410.png 481w\" sizes=\"auto, (max-width: 1280px) 100vw, 1280px\" \/><\/figure>\n\n\n\n<p class=\"wp-block-paragraph\"><strong>LLEVA A LAS MESAS DE AN\u00c1LISIS LOS TEMAS QUE TRABAJA EN EL TERRITORIO<\/strong><\/p>\n\n\n\n<p class=\"wp-block-paragraph\">Omar Del Valle Colosio se mueve. De una entrevista pasa a una mesa de an\u00e1lisis, y de ah\u00ed a una banca de colonia. A todas llega con los temas que la gente le pone enfrente en el territorio. No cambia el discurso seg\u00fan el p\u00fablico. Habla igual frente a un micr\u00f3fono que sentado con los vecinos.<\/p>\n\n\n\n<p class=\"wp-block-paragraph\">En esos espacios respondi\u00f3 por igual preguntas de periodistas, del sector empresarial y de las organizaciones sociales. Con todos habla el mismo idioma: directo y de frente.<\/p>\n\n\n\n<p class=\"wp-block-paragraph\">En las mesas tambi\u00e9n se habla del proceso interno que hoy vive la coalici\u00f3n. Omar Del Valle Colosio no esquiva ese tema. Explica de qu\u00e9 se trata, qu\u00e9 se est\u00e1 definiendo y qu\u00e9 pone \u00e9l sobre la mesa: su experiencia, su forma de trabajar y el manejo de los asuntos que a Sonora le urgen, empezando por el agua.<\/p>\n\n\n\n<p class=\"wp-block-paragraph\">\u201cYo voy a donde haya que hablar de lo que importa. No me hago a un lado con ninguna pregunta\u201d, dijo. \u201cLlego a plantear lo que la gente necesita.\u201d<\/p>\n\n\n\n<p class=\"wp-block-paragraph\">En cada conversaci\u00f3n no se qued\u00f3 en se\u00f1alar el problema. Explic\u00f3 c\u00f3mo se destraban las cosas cuando junta en una misma mesa a quien tiene la necesidad con quien puede resolverla.<\/p>\n\n\n\n<p class=\"wp-block-paragraph\">Y en todas insisti\u00f3 en lo mismo: hay que trabajar con unidad. Lo que est\u00e1 en juego es la continuidad del Movimiento, y eso pide sumar.<\/p>\n\n\n\n<p class=\"wp-block-paragraph\">\u201cHablar est\u00e1 bien. A m\u00ed me interesa resolver\u201d, afirm\u00f3 Omar Del Valle Colosio. \u201cY eso se logra convocando, juntando a la gente correcta y no soltando el asunto hasta que camina.\u201d<\/p>\n\n\n\n<p class=\"wp-block-paragraph\">\u201cAqu\u00ed no sobra nadie. Si vamos juntos, el Movimiento sigue\u201d, agreg\u00f3.<\/p>\n\n\n\n<p class=\"wp-block-paragraph\">Va a seguir en esos espacios. Y va a seguir con la misma agenda: la que trabaja todos los d\u00edas en el territorio.<\/p>\n","protected":false},"excerpt":{"rendered":"<p>Hermosillo, Sonora, 30 de agosto de 2026.- Omar Del Valle Colosio se sum\u00f3 a la reuni\u00f3n de trabajo del Partido Verde Ecologista de M\u00e9xico en Sonora, junto a legisladores, presidentes municipales, la dirigencia estatal y liderazgos del Verde, con el gobernador Alfonso Durazo. Ah\u00ed el Verde ratific\u00f3 su decisi\u00f3n de seguir construyendo acuerdos y de [&hellip;]<\/p>\n","protected":false},"author":1,"featured_media":44506,"comment_status":"open","ping_status":"open","sticky":false,"template":"","format":"standard","meta":{"content-type":"","footnotes":""},"categories":[8,115],"tags":[],"class_list":["post-44503","post","type-post","status-publish","format-standard","has-post-thumbnail","category-hermosillo","category-politica"],"_links":{"self":[{"href":"https:\/\/www.regioncuatronoticias.com\/index.php\/wp-json\/wp\/v2\/posts\/44503","targetHints":{"allow":["GET"]}}],"collection":[{"href":"https:\/\/www.regioncuatronoticias.com\/index.php\/wp-json\/wp\/v2\/posts"}],"about":[{"href":"https:\/\/www.regioncuatronoticias.com\/index.php\/wp-json\/wp\/v2\/types\/post"}],"author":[{"embeddable":true,"href":"https:\/\/www.regioncuatronoticias.com\/index.php\/wp-json\/wp\/v2\/users\/1"}],"replies":[{"embeddable":true,"href":"https:\/\/www.regioncuatronoticias.com\/index.php\/wp-json\/wp\/v2\/comments?post=44503"}],"version-history":[{"count":1,"href":"https:\/\/www.regioncuatronoticias.com\/index.php\/wp-json\/wp\/v2\/posts\/44503\/revisions"}],"predecessor-version":[{"id":44507,"href":"https:\/\/www.regioncuatronoticias.com\/index.php\/wp-json\/wp\/v2\/posts\/44503\/revisions\/44507"}],"wp:featuredmedia":[{"embeddable":true,"href":"https:\/\/www.regioncuatronoticias.com\/index.php\/wp-json\/wp\/v2\/media\/44506"}],"wp:attachment":[{"href":"https:\/\/www.regioncuatronoticias.com\/index.php\/wp-json\/wp\/v2\/media?parent=44503"}],"wp:term":[{"taxonomy":"category","embeddable":true,"href":"https:\/\/www.regioncuatronoticias.com\/index.php\/wp-json\/wp\/v2\/categories?post=44503"},{"taxonomy":"post_tag","embeddable":true,"href":"https:\/\/www.regioncuatronoticias.com\/index.php\/wp-json\/wp\/v2\/tags?post=44503"}],"curies":[{"name":"wp","href":"https:\/\/api.w.org\/{rel}","templated":true}]}}