{"id":44500,"date":"2026-08-30T20:58:29","date_gmt":"2026-08-31T03:58:29","guid":{"rendered":"https:\/\/www.regioncuatronoticias.com\/?p=44500"},"modified":"2026-08-30T20:58:30","modified_gmt":"2026-08-31T03:58:30","slug":"casos-de-huachicol-fiscal-rocha-moya-y-visa-de-andy-lopez-beltran-no-afectan-negociacion-con-eeuurumbo-al-t-mec","status":"publish","type":"post","link":"https:\/\/www.regioncuatronoticias.com\/index.php\/2026\/08\/30\/casos-de-huachicol-fiscal-rocha-moya-y-visa-de-andy-lopez-beltran-no-afectan-negociacion-con-eeuurumbo-al-t-mec\/","title":{"rendered":"Casos de huachicol fiscal, Rocha Moya y visa de Andy L\u00f3pez Beltr\u00e1n no afectan negociaci\u00f3n con EEUUrumbo al T-MEC"},"content":{"rendered":"\n<p class=\"wp-block-paragraph\"><strong>El secretario de Econom\u00eda asegur\u00f3 que los asuntos pol\u00edticos y de seguridad no han sido incorporados a la mesa comercial con Washington; mientras M\u00e9xico prepara una cuarta ronda bilateral, la discusi\u00f3n se concentra en aranceles, autos, acero, barreras comerciales y otros puntos de la relaci\u00f3n econ\u00f3mica.<\/strong><\/p>\n\n\n\n<p class=\"wp-block-paragraph\">Tomado de El Imparcial<\/p>\n\n\n\n<p class=\"wp-block-paragraph\">Ana Karen Celaya&nbsp;<\/p>\n\n\n\n<p class=\"wp-block-paragraph\">Domingo 30 de agosto de 2026<\/p>\n\n\n\n<p class=\"wp-block-paragraph\">CIUDAD DE M\u00c9XICO.- El secretario de Econom\u00eda, Marcelo Ebrard, rechaz\u00f3 este domingo 30 de agosto que las investigaciones relacionadas con huachicol fiscal, las acusaciones de Estados Unidos contra el gobernador con licencia de Sinaloa, Rub\u00e9n Rocha Moya, y la revocaci\u00f3n de la visa estadounidense de Andr\u00e9s Manuel L\u00f3pez Beltr\u00e1n hayan debilitado las conversaciones comerciales entre M\u00e9xico y Estados Unidos. La declaraci\u00f3n importa porque ambos pa\u00edses se preparan para una nueva ronda de negociaciones vinculadas con la revisi\u00f3n del T-MEC, un proceso que afecta directamente a exportadores, fabricantes, trabajadores e inversionistas.<\/p>\n\n\n\n<p class=\"wp-block-paragraph\">Lo confirmado hasta ahora es que esos casos existen en \u00e1mbitos pol\u00edticos, judiciales o migratorios distintos, pero no hay evidencia p\u00fablica de que Washington los haya utilizado como condici\u00f3n en la mesa comercial; tampoco se conoce oficialmente la causa por la que Estados Unidos retir\u00f3 la visa a L\u00f3pez Beltr\u00e1n.<\/p>\n\n\n\n<p class=\"wp-block-paragraph\">Ebrard hizo sus declaraciones durante la plenaria de Morena en la C\u00e1mara de Diputados, mientras que la Oficina del Representante Comercial de Estados Unidos (USTR) ha confirmado que las negociaciones econ\u00f3micas se han concentrado en temas comerciales espec\u00edficos.<\/p>\n\n\n\n<p class=\"wp-block-paragraph\">Cancelaci\u00f3n de visa a hijo de L\u00f3pez Obrador tiene un \u201csentido pol\u00edtico\u201d, afirma Sheinbaum y pide a EEUU respetar decisiones internas de M\u00e9xico: \u201cSon b\u00fasquedas de interferir\u201d, afirma<\/p>\n\n\n\n<p class=\"wp-block-paragraph\">La postura del funcionario fue que M\u00e9xico y Estados Unidos mantienen canales separados para abordar comercio, seguridad, agua y otros asuntos bilaterales. De acuerdo con Ebrard, mezclar esos temas impedir\u00eda ordenar una relaci\u00f3n que calific\u00f3 como una de las m\u00e1s complejas para ambos pa\u00edses.<\/p>\n\n\n\n<p class=\"wp-block-paragraph\">No ha tenido ning\u00fan peso en las negociaciones y conversaciones comerciales, no son parte de la conversaci\u00f3n\u201d, afirm\u00f3 Ebrard.<\/p>\n\n\n\n<p class=\"wp-block-paragraph\">\u00bfPor qu\u00e9 Ebrard dice que estos casos no afectan las negociaciones con Estados Unidos?<\/p>\n\n\n\n<p class=\"wp-block-paragraph\">Ebrard explic\u00f3 que ninguno de los asuntos mencionados le ha sido planteado por su contraparte estadounidense durante las conversaciones econ\u00f3micas.<\/p>\n\n\n\n<p class=\"wp-block-paragraph\">Seg\u00fan su explicaci\u00f3n, cada \u00e1rea de la relaci\u00f3n M\u00e9xico-Estados Unidos funciona mediante mesas distintas. La Secretar\u00eda de Econom\u00eda atiende los asuntos comerciales; los temas de seguridad se procesan por otros canales del gobierno federal, y lo mismo ocurre con asuntos como agua, migraci\u00f3n o cooperaci\u00f3n fronteriza.<\/p>\n\n\n\n<p class=\"wp-block-paragraph\">\u201cNo, no los han planteado en la mesa, no est\u00e1n en la mesa\u201d, respondi\u00f3 al ser cuestionado sobre si estos casos pod\u00edan debilitar la posici\u00f3n mexicana.<\/p>\n\n\n\n<p class=\"wp-block-paragraph\">El secretario utiliz\u00f3 adem\u00e1s el avance de las negociaciones como argumento para descartar un efecto directo.<\/p>\n\n\n\n<p class=\"wp-block-paragraph\">\u201cSi todos esos aspectos u otros fueran importantes, no estar\u00edamos ah\u00ed\u201d, se\u00f1al\u00f3.<\/p>\n\n\n\n<p class=\"wp-block-paragraph\">Ebrard afirm\u00f3 que M\u00e9xico ya prepara una cuarta ronda de conversaciones comerciales con Estados Unidos y sostuvo que el pa\u00eds se encuentra entre los m\u00e1s avanzados en el proceso rumbo a la revisi\u00f3n del tratado.<\/p>\n\n\n\n<p class=\"wp-block-paragraph\"><strong>\u00bfQu\u00e9 temas s\u00ed est\u00e1n en la mesa comercial entre M\u00e9xico y Estados Unidos?<\/strong><\/p>\n\n\n\n<p class=\"wp-block-paragraph\">Los documentos oficiales estadounidenses respaldan que la agenda bilateral se ha concentrado en asuntos econ\u00f3micos concretos.<\/p>\n\n\n\n<p class=\"wp-block-paragraph\">Durante la tercera ronda bilateral, realizada en julio, USTR inform\u00f3 que los equipos negociadores abordar\u00edan:<\/p>\n\n\n\n<p class=\"wp-block-paragraph\"><strong>Acero y aluminio<\/strong><\/p>\n\n\n\n<p class=\"wp-block-paragraph\"><strong>Industria automotriz<\/strong><\/p>\n\n\n\n<p class=\"wp-block-paragraph\"><strong>Seguridad econ\u00f3mica<\/strong><\/p>\n\n\n\n<p class=\"wp-block-paragraph\"><strong>Asuntos laborales<\/strong><\/p>\n\n\n\n<p class=\"wp-block-paragraph\"><strong>Agricultura<\/strong><\/p>\n\n\n\n<p class=\"wp-block-paragraph\"><strong>Servicios de pagos electr\u00f3nicos<\/strong><\/p>\n\n\n\n<p class=\"wp-block-paragraph\"><strong>Propiedad intelectual<\/strong><\/p>\n\n\n\n<p class=\"wp-block-paragraph\"><strong>Aduanas y facilitaci\u00f3n comercial<\/strong><\/p>\n\n\n\n<p class=\"wp-block-paragraph\"><strong>Barreras al comercio<\/strong><\/p>\n\n\n\n<p class=\"wp-block-paragraph\">La oficina estadounidense tambi\u00e9n reconoci\u00f3 avances de M\u00e9xico en controles de exportaciones, propiedad intelectual, tr\u00e1mites aduaneros, temas ambientales y requisitos para equipos de telecomunicaciones. Al mismo tiempo, indic\u00f3 que continuar\u00eda trabajando con la Secretar\u00eda de Econom\u00eda para resolver barreras comerciales identificadas por Estados Unidos.<\/p>\n\n\n\n<p class=\"wp-block-paragraph\">Esto significa que, hasta la informaci\u00f3n oficial disponible, la agenda comercial sigue enfocada en reglas, aranceles y condiciones de acceso a los mercados, no en los casos pol\u00edticos mencionados durante la conferencia de Ebrard.<\/p>\n\n\n\n<p class=\"wp-block-paragraph\">\u00bfSiguen pendientes las 54 barreras comerciales se\u00f1aladas por Estados Unidos?<\/p>\n\n\n\n<p class=\"wp-block-paragraph\">Ebrard se refiri\u00f3 durante su participaci\u00f3n a los asuntos que Estados Unidos ha identificado como barreras no arancelarias, pero el n\u00famero de 54 temas requiere contexto, debido a que la lista ha cambiado conforme avanzaron las negociaciones.<\/p>\n\n\n\n<p class=\"wp-block-paragraph\">En marzo de 2026, la presidenta Claudia Sheinbaum explic\u00f3 que Estados Unidos hab\u00eda planteado 54 medidas que consideraba barreras o posibles incumplimientos y asegur\u00f3 que la mayor\u00eda ya hab\u00eda sido atendida. Entre los asuntos discutidos aparec\u00edan el sector energ\u00e9tico, productos agr\u00edcolas, organismos y regulaciones mexicanas.<\/p>\n\n\n\n<p class=\"wp-block-paragraph\">Posteriormente surgieron nuevos puntos de discusi\u00f3n. Para julio, USTR inform\u00f3 oficialmente que continuaba trabajando con M\u00e9xico sobre las barreras incluidas en su reporte comercial, aunque tambi\u00e9n reconoci\u00f3 avances en varias \u00e1reas.<\/p>\n\n\n\n<p class=\"wp-block-paragraph\">Por ello, no debe entenderse que actualmente existen exactamente 54 problemas pendientes sin resolver. La cifra corresponde a una etapa de las conversaciones y la agenda ha evolucionado durante 2026.<\/p>\n\n\n\n<p class=\"wp-block-paragraph\">\u00bfQu\u00e9 se sabe sobre Rub\u00e9n Rocha Moya y por qu\u00e9 su caso fue mencionado?<\/p>\n\n\n\n<p class=\"wp-block-paragraph\">Rub\u00e9n Rocha Moya enfrenta acusaciones presentadas por fiscales estadounidenses relacionadas con presuntos v\u00ednculos con el C\u00e1rtel de Sinaloa.<\/p>\n\n\n\n<p class=\"wp-block-paragraph\">Rub\u00e9n Rocha Moya en una fotograf\u00eda de archivo. | Cr\u00e9dito: X @rochamoya_<\/p>\n\n\n\n<p class=\"wp-block-paragraph\">Rub\u00e9n Rocha Moya en una fotograf\u00eda de archivo. | Cr\u00e9dito: X @rochamoya_<\/p>\n\n\n\n<p class=\"wp-block-paragraph\">Reuters inform\u00f3 que fiscales de Estados Unidos lo acusaron en abril de conspirar con esa organizaci\u00f3n para el tr\u00e1fico de drogas a cambio de sobornos y apoyo pol\u00edtico. Rocha ha negado las acusaciones y sostiene que tienen motivaciones pol\u00edticas. En M\u00e9xico existe adem\u00e1s una investigaci\u00f3n sobre el caso.<\/p>\n\n\n\n<p class=\"wp-block-paragraph\">El gobernador solicit\u00f3 licencia, regres\u00f3 brevemente al cargo durante agosto y posteriormente volvi\u00f3 a separarse de sus funciones. La presidenta Sheinbaum consider\u00f3 que su reincorporaci\u00f3n no hab\u00eda sido apropiada mientras continuaba la investigaci\u00f3n.<\/p>\n\n\n\n<p class=\"wp-block-paragraph\">Ebrard no entr\u00f3 al fondo de estas acusaciones. Su argumento se limit\u00f3 a se\u00f1alar que el caso Rocha no ha formado parte de sus conversaciones comerciales con Washington.<\/p>\n\n\n\n<p class=\"wp-block-paragraph\">\u00bfQu\u00e9 est\u00e1 confirmado sobre la visa de Andr\u00e9s Manuel L\u00f3pez Beltr\u00e1n?<\/p>\n\n\n\n<p class=\"wp-block-paragraph\">La revocaci\u00f3n de la visa estadounidense de Andr\u00e9s Manuel L\u00f3pez Beltr\u00e1n s\u00ed fue confirmada por el propio hijo del expresidente Andr\u00e9s Manuel L\u00f3pez Obrador, quien hizo p\u00fablica la decisi\u00f3n en agosto.<\/p>\n\n\n\n<p class=\"wp-block-paragraph\">El Subsecretario de Estado de EEUU, Christopher Landau, defendi\u00f3 la revocaci\u00f3n de su visa a Andr\u00e9s Manuel L\u00f3pez Beltr\u00e1n, hijo de AMLO. | Cr\u00e9dito: Especial\/Agencia Reforma<\/p>\n\n\n\n<p class=\"wp-block-paragraph\">El Subsecretario de Estado de EEUU, Christopher Landau, defendi\u00f3 la revocaci\u00f3n de su visa a Andr\u00e9s Manuel L\u00f3pez Beltr\u00e1n, hijo de AMLO. | Cr\u00e9dito: Especial\/Agencia Reforma<\/p>\n\n\n\n<p class=\"wp-block-paragraph\">Lo que no est\u00e1 confirmado p\u00fablicamente es la raz\u00f3n espec\u00edfica.<\/p>\n\n\n\n<p class=\"wp-block-paragraph\">La presidenta Claudia Sheinbaum explic\u00f3 el 18 de agosto que el gobierno mexicano no recibe informaci\u00f3n de la Embajada o del Departamento de Estado sobre las razones particulares para otorgar o cancelar visas personales. Tambi\u00e9n record\u00f3 que L\u00f3pez Beltr\u00e1n decidi\u00f3 informar p\u00fablicamente sobre su caso.<\/p>\n\n\n\n<p class=\"wp-block-paragraph\">Por ello, no existe informaci\u00f3n oficial p\u00fablica que permita atribuir la cancelaci\u00f3n de la visa a investigaciones por huachicol fiscal u otro delito espec\u00edfico.<\/p>\n\n\n\n<p class=\"wp-block-paragraph\">Ebrard sostuvo que ese asunto tampoco ha sido incorporado a la negociaci\u00f3n econ\u00f3mica.<\/p>\n\n\n\n<p class=\"wp-block-paragraph\">\u00bfQu\u00e9 papel tiene Claudia Sheinbaum en las conversaciones con Donald Trump?<\/p>\n\n\n\n<p class=\"wp-block-paragraph\">Ebrard afirm\u00f3 durante la plenaria que la comunicaci\u00f3n entre la presidenta Claudia Sheinbaum y el mandatario estadounidense Donald Trump ha sido constante durante las negociaciones.<\/p>\n\n\n\n<p class=\"wp-block-paragraph\">La presidenta Claudia Sheinbaum Pardo se refiri\u00f3 a Estados Unidos durante su &#8216;Conferencia del Pueblo&#8217;. | Cr\u00e9dito: Presidencia\/REUTERS<\/p>\n\n\n\n<p class=\"wp-block-paragraph\">La presidenta Claudia Sheinbaum Pardo se refiri\u00f3 a Estados Unidos durante su &#8216;Conferencia del Pueblo&#8217;. | Cr\u00e9dito: Presidencia\/REUTERS<\/p>\n\n\n\n<p class=\"wp-block-paragraph\">De acuerdo con el secretario de Econom\u00eda, ambos mandatarios han sostenido alrededor de 20 conversaciones telef\u00f3nicas y Sheinbaum revisa directamente la estrategia del gobierno mexicano frente a Estados Unidos. La cifra corresponde al balance presentado por Ebrard durante su exposici\u00f3n de este domingo.<\/p>\n\n\n\n<p class=\"wp-block-paragraph\">Para Econom\u00eda, esta comunicaci\u00f3n presidencial corre en paralelo a las rondas t\u00e9cnicas encabezadas por los equipos comerciales.<\/p>\n\n\n\n<p class=\"wp-block-paragraph\">La siguiente referencia ser\u00e1 la cuarta ronda bilateral que M\u00e9xico prepara con Washington, mientras contin\u00faa el proceso asociado con la revisi\u00f3n del T-MEC.<\/p>\n\n\n\n<p class=\"wp-block-paragraph\">\u00bfPor qu\u00e9 Ebrard considera que la innovaci\u00f3n es otro reto para M\u00e9xico?<\/p>\n\n\n\n<p class=\"wp-block-paragraph\">M\u00e1s all\u00e1 de las negociaciones con Estados Unidos, Ebrard utiliz\u00f3 su intervenci\u00f3n ante los diputados de Morena para plantear un segundo problema econ\u00f3mico: la baja capacidad de M\u00e9xico para transformar innovaci\u00f3n y tecnolog\u00eda en riqueza.<\/p>\n\n\n\n<p class=\"wp-block-paragraph\">El secretario advirti\u00f3 que el pa\u00eds no puede depender \u00fanicamente de un modelo basado en manufactura y ensamble mientras otras econom\u00edas avanzan en inteligencia artificial, automatizaci\u00f3n, centros de datos y rob\u00f3tica.<\/p>\n\n\n\n<p class=\"wp-block-paragraph\">M\u00e9xico tiene que modificar esta variable que se llama innovaci\u00f3n, no vamos a poder mejorar la riqueza pensando en un modelo de ensamblaje y manufactura cuando estamos en un mundo de inteligencia artificial y robots\u201d, se\u00f1al\u00f3.<\/p>\n\n\n\n<p class=\"wp-block-paragraph\">Su planteamiento es que la capacidad tecnol\u00f3gica determinar\u00e1 una parte creciente de la competitividad econ\u00f3mica durante la pr\u00f3xima d\u00e9cada.<\/p>\n\n\n\n<p class=\"wp-block-paragraph\">\u00bfM\u00e9xico registra muchas menos patentes que China y Estados Unidos?<\/p>\n\n\n\n<p class=\"wp-block-paragraph\">Ebrard utiliz\u00f3 una comparaci\u00f3n para dimensionar la brecha. Afirm\u00f3 que por cada patente otorgada en M\u00e9xico, China concedi\u00f3 alrededor de 800 y Estados Unidos 270.<\/p>\n\n\n\n<p class=\"wp-block-paragraph\">La comparaci\u00f3n debe entenderse como una cifra expuesta por el secretario, ya que el resultado exacto depende de si se comparan solicitudes, patentes concedidas, oficinas nacionales o residencia de los inventores.<\/p>\n\n\n\n<p class=\"wp-block-paragraph\">Los datos de la Organizaci\u00f3n Mundial de la Propiedad Intelectual s\u00ed confirman una diferencia considerable. En 2023, la oficina china concedi\u00f3 920 mil 797 patentes, mientras Estados Unidos otorg\u00f3 315 mil 245. La OMPI tambi\u00e9n registr\u00f3 a China como el pa\u00eds con mayor volumen de solicitudes de patentes en ese a\u00f1o.<\/p>\n\n\n\n<p class=\"wp-block-paragraph\">Para Ebrard, reducir esa distancia requiere conectar universidades, inventores, empresas, capital y mercados.<\/p>\n\n\n\n<p class=\"wp-block-paragraph\">Eso lo tenemos que modificar s\u00ed o s\u00ed, no es para el a\u00f1o que entra, pero esto es lo que va a determinar nuestra riqueza en 10 a\u00f1os\u201d, afirm\u00f3.<\/p>\n\n\n\n<p class=\"wp-block-paragraph\">\u00bfQu\u00e9 pas\u00f3 con los nuevos aranceles aplicados por M\u00e9xico a importaciones?<\/p>\n\n\n\n<p class=\"wp-block-paragraph\">El secretario tambi\u00e9n defendi\u00f3 la modificaci\u00f3n de 1,463 fracciones arancelarias aprobada previamente por el Congreso y puesta en marcha en 2026.<\/p>\n\n\n\n<p class=\"wp-block-paragraph\">La Secretar\u00eda de Econom\u00eda confirma que el esquema abarca productos de sectores como:<\/p>\n\n\n\n<p class=\"wp-block-paragraph\"><strong>Automotriz y autopartes<\/strong><\/p>\n\n\n\n<p class=\"wp-block-paragraph\"><strong>Textil y vestido<\/strong><\/p>\n\n\n\n<p class=\"wp-block-paragraph\"><strong>Calzado<\/strong><\/p>\n\n\n\n<p class=\"wp-block-paragraph\"><strong>Electrodom\u00e9sticos<\/strong><\/p>\n\n\n\n<p class=\"wp-block-paragraph\"><strong>Acero y aluminio<\/strong><\/p>\n\n\n\n<p class=\"wp-block-paragraph\"><strong>Pl\u00e1sticos<\/strong><\/p>\n\n\n\n<p class=\"wp-block-paragraph\"><strong>Juguetes<\/strong><\/p>\n\n\n\n<p class=\"wp-block-paragraph\"><strong>Muebles<\/strong><\/p>\n\n\n\n<p class=\"wp-block-paragraph\"><strong>Motocicletas<\/strong><\/p>\n\n\n\n<p class=\"wp-block-paragraph\"><strong>Papel y cart\u00f3n<\/strong><\/p>\n\n\n\n<p class=\"wp-block-paragraph\"><strong>Vidrio<\/strong><\/p>\n\n\n\n<p class=\"wp-block-paragraph\">Las modificaciones se aplican a mercanc\u00edas provenientes de pa\u00edses con los que M\u00e9xico no cuenta con un acuerdo comercial internacional, por lo que las importaciones que cumplen las reglas de tratados vigentes conservan el trato preferencial correspondiente.<\/p>\n\n\n\n<p class=\"wp-block-paragraph\">Ebrard present\u00f3 adem\u00e1s cifras sobre el comportamiento de algunas de esas importaciones durante 2026. Seg\u00fan los datos expuestos por el funcionario, disminuyeron:<\/p>\n\n\n\n<p class=\"wp-block-paragraph\"><strong>59% en calzado<\/strong><\/p>\n\n\n\n<p class=\"wp-block-paragraph\"><strong>35% en autos ligeros<\/strong><\/p>\n\n\n\n<p class=\"wp-block-paragraph\"><strong>27% en electrodom\u00e9sticos<\/strong><\/p>\n\n\n\n<p class=\"wp-block-paragraph\"><strong>13.9% en textiles<\/strong><\/p>\n\n\n\n<p class=\"wp-block-paragraph\">Las cifras corresponden al balance presentado por Econom\u00eda durante la plenaria. En t\u00e9rminos generales, Ebrard afirm\u00f3 que entre enero y mayo las importaciones comprendidas en esas fracciones bajaron 23.2% frente al mismo periodo de 2025 y que las procedentes de China disminuyeron 28%.<\/p>\n\n\n\n<p class=\"wp-block-paragraph\">El objetivo declarado de la medida es dar espacio a productores nacionales en sectores que hab\u00edan perdido participaci\u00f3n frente a mercanc\u00edas importadas.<\/p>\n\n\n\n<p class=\"wp-block-paragraph\"><strong>\u00bfQu\u00e9 sigue para M\u00e9xico en las negociaciones con Estados Unidos?<\/strong><\/p>\n\n\n\n<p class=\"wp-block-paragraph\">La se\u00f1al que Ebrard busc\u00f3 transmitir es que los conflictos pol\u00edticos y las investigaciones de seguridad no han modificado, hasta ahora, la agenda comercial que lleva directamente con Estados Unidos.<\/p>\n\n\n\n<p class=\"wp-block-paragraph\">Para empresas, trabajadores y consumidores, los asuntos que deben seguirse en las pr\u00f3ximas semanas son otros: la preparaci\u00f3n de la cuarta ronda bilateral, los aranceles estadounidenses sobre sectores como autom\u00f3viles, acero y aluminio, las barreras comerciales pendientes y el rumbo que tome la revisi\u00f3n del T-MEC.<\/p>\n\n\n\n<p class=\"wp-block-paragraph\">Tambi\u00e9n ser\u00e1 relevante distinguir entre las distintas mesas de la relaci\u00f3n bilateral. Que un caso pol\u00edtico o de seguridad genere tensi\u00f3n entre ambos gobiernos no significa autom\u00e1ticamente que haya sido incorporado a la negociaci\u00f3n comercial.<\/p>\n\n\n\n<p class=\"wp-block-paragraph\">Hasta este 30 de agosto, Ebrard sostiene que eso no ha ocurrido y la informaci\u00f3n p\u00fablica de USTR muestra que las conversaciones formales contin\u00faan centradas en comercio, industria, agricultura, regulaci\u00f3n y acceso a mercados.<\/p>\n\n\n\n<figure class=\"wp-block-embed\"><div class=\"wp-block-embed__wrapper\">\nhttps:\/\/www.elimparcial.com\/mexico\/2026\/08\/30\/ebrard-rechaza-que-los-casos-de-huachicol-fiscal-rocha-moya-y-la-visa-de-andy-lopez-beltran-afecten-negociacion-con-estados-unidos-rumbo-al-t-mec\n<\/div><\/figure>\n","protected":false},"excerpt":{"rendered":"<p>El secretario de Econom\u00eda asegur\u00f3 que los asuntos pol\u00edticos y de seguridad no han sido incorporados a la mesa comercial con Washington; mientras M\u00e9xico prepara una cuarta ronda bilateral, la discusi\u00f3n se concentra en aranceles, autos, acero, barreras comerciales y otros puntos de la relaci\u00f3n econ\u00f3mica. Tomado de El Imparcial Ana Karen Celaya&nbsp; Domingo 30 [&hellip;]<\/p>\n","protected":false},"author":1,"featured_media":44501,"comment_status":"open","ping_status":"open","sticky":false,"template":"","format":"standard","meta":{"content-type":"","footnotes":""},"categories":[114,7,3],"tags":[],"class_list":["post-44500","post","type-post","status-publish","format-standard","has-post-thumbnail","category-economia","category-internacional","category-mexico"],"_links":{"self":[{"href":"https:\/\/www.regioncuatronoticias.com\/index.php\/wp-json\/wp\/v2\/posts\/44500","targetHints":{"allow":["GET"]}}],"collection":[{"href":"https:\/\/www.regioncuatronoticias.com\/index.php\/wp-json\/wp\/v2\/posts"}],"about":[{"href":"https:\/\/www.regioncuatronoticias.com\/index.php\/wp-json\/wp\/v2\/types\/post"}],"author":[{"embeddable":true,"href":"https:\/\/www.regioncuatronoticias.com\/index.php\/wp-json\/wp\/v2\/users\/1"}],"replies":[{"embeddable":true,"href":"https:\/\/www.regioncuatronoticias.com\/index.php\/wp-json\/wp\/v2\/comments?post=44500"}],"version-history":[{"count":1,"href":"https:\/\/www.regioncuatronoticias.com\/index.php\/wp-json\/wp\/v2\/posts\/44500\/revisions"}],"predecessor-version":[{"id":44502,"href":"https:\/\/www.regioncuatronoticias.com\/index.php\/wp-json\/wp\/v2\/posts\/44500\/revisions\/44502"}],"wp:featuredmedia":[{"embeddable":true,"href":"https:\/\/www.regioncuatronoticias.com\/index.php\/wp-json\/wp\/v2\/media\/44501"}],"wp:attachment":[{"href":"https:\/\/www.regioncuatronoticias.com\/index.php\/wp-json\/wp\/v2\/media?parent=44500"}],"wp:term":[{"taxonomy":"category","embeddable":true,"href":"https:\/\/www.regioncuatronoticias.com\/index.php\/wp-json\/wp\/v2\/categories?post=44500"},{"taxonomy":"post_tag","embeddable":true,"href":"https:\/\/www.regioncuatronoticias.com\/index.php\/wp-json\/wp\/v2\/tags?post=44500"}],"curies":[{"name":"wp","href":"https:\/\/api.w.org\/{rel}","templated":true}]}}