{"id":44490,"date":"2026-08-30T17:37:51","date_gmt":"2026-08-31T00:37:51","guid":{"rendered":"https:\/\/www.regioncuatronoticias.com\/?p=44490"},"modified":"2026-08-30T17:37:51","modified_gmt":"2026-08-31T00:37:51","slug":"higinio-martinez-se-queda-con-la-presidencia-del-senado-recibe-apoyo-de-morena-para-postularse-este-lunes","status":"publish","type":"post","link":"https:\/\/www.regioncuatronoticias.com\/index.php\/2026\/08\/30\/higinio-martinez-se-queda-con-la-presidencia-del-senado-recibe-apoyo-de-morena-para-postularse-este-lunes\/","title":{"rendered":"Higinio Mart\u00ednez se queda con la presidencia del Senado: recibe apoyo de Morena para postularse este lunes"},"content":{"rendered":"\n<p class=\"wp-block-paragraph\"><strong>Se tiene previsto que en la sesi\u00f3n de ma\u00f1ana se vote la designaci\u00f3n del legislador y vote si estar\u00e1 a cargo de la Mesa Directiva los pr\u00f3ximos dos a\u00f1os<\/strong><\/p>\n\n\n\n<p class=\"wp-block-paragraph\">Tomado de Latinus<\/p>\n\n\n\n<p class=\"wp-block-paragraph\">Jorge Monroy<\/p>\n\n\n\n<p class=\"wp-block-paragraph\">Domingo 30 de agosto de 2026<\/p>\n\n\n\n<p class=\"wp-block-paragraph\">La bancada de Morena en el Senado design\u00f3 a Higinio Mart\u00ednez para ser postulado en la sesi\u00f3n preparatoria de ma\u00f1ana lunes en el pleno como presidente de la C\u00e1mara Alta.<\/p>\n\n\n\n<p class=\"wp-block-paragraph\">De acuerdo con Ignacio Mier, coordinador de Morena, Mart\u00ednez fue designado por unanimidad de los legisladores de la bancada.<\/p>\n\n\n\n<p class=\"wp-block-paragraph\">En la sesi\u00f3n de ma\u00f1ana lunes, se pedir\u00e1 la votaci\u00f3n por c\u00e9dula de senadores de todos los partidos, y en su caso se le designar\u00e1 como presidente de Senado para un periodo de dos a\u00f1os.<\/p>\n\n\n\n<p class=\"wp-block-paragraph\"><strong>\u00bfQui\u00e9n es Higinio Mart\u00ednez?<\/strong><\/p>\n\n\n\n<p class=\"wp-block-paragraph\">Higinio Mart\u00ednez, un socialista de los a\u00f1os setenta hoy es un morenista cr\u00edtico de su propio partido, abierto al di\u00e1logo con la oposici\u00f3n y lejos del radicalismo extremo de Morena.<\/p>\n\n\n\n<p class=\"wp-block-paragraph\">Originario de Texcoco, Estado de M\u00e9xico, luego de graduarse como m\u00e9dico cirujano, Mart\u00ednez se integr\u00f3 en 1975 al Partido Mexicano de los Trabajadores; posteriormente al Frente Democr\u00e1tico Nacional, y en la d\u00e9cada de los ochenta al Partido Mexicano Socialista (PMS). Fue hasta 1989 cuando se sum\u00f3 al Partido de la Revoluci\u00f3n Democr\u00e1tica que lo impuls\u00f3 como candidato al municipio de Texcoco en 1993 y seis a\u00f1os despu\u00e9s a la gubernatura del Estado de M\u00e9xico, postulaciones en las que no pudo tener el triunfo.<\/p>\n\n\n\n<p class=\"wp-block-paragraph\">En 2012, Higinio Mart\u00ednez fue parte de la fuga de perredistas para sumarse a Morena y espec\u00edficamente a las intenciones presidenciales de Andr\u00e9s Manuel L\u00f3pez Obrador, de quien se convirti\u00f3 en su coordinador de campa\u00f1a en el Estado de M\u00e9xico.<\/p>\n\n\n\n<p class=\"wp-block-paragraph\">Los seis a\u00f1os posteriores fue delegado en Chiapas y Estado de M\u00e9xico, hasta que en 2018 fue postulado al Senado de la Rep\u00fablica.<\/p>\n\n\n\n<p class=\"wp-block-paragraph\">El pasado 13 de abril, siendo vicecoordinador, Higinio Mart\u00ednez, reiter\u00f3 que para su partido no ser\u00e1 f\u00e1cil enfrentar las elecciones federales y locales del 2027, por lo que llam\u00f3 a combatir la corrupci\u00f3n interna; sin embargo, excluy\u00f3 de ello a los actos vinculados a Andy L\u00f3pez Beltr\u00e1n, hijo del expresidente Andr\u00e9s Manuel L\u00f3pez Obrador.<\/p>\n\n\n\n<p class=\"wp-block-paragraph\">\u201cNo, no est\u00e1 f\u00e1cil, nunca ha sido f\u00e1cil una elecci\u00f3n. Llevo yo muchas en mi carrera y nunca ha sido f\u00e1cil, y tampoco van a ser f\u00e1ciles las del 27. Por eso s\u00ed puedo hacer un llamado: todos los que tenemos una responsabilidad en Morena tenemos que corregir lo que tengamos que corregir, tenemos que redoblar esfuerzos y tenemos que estar a la altura de lo que se viene en el pr\u00f3ximo proceso electoral\u201d, afirm\u00f3.<\/p>\n\n\n\n<p class=\"wp-block-paragraph\"><a href=\"https:\/\/latinus.us\/mexico\/2026\/8\/30\/higinio-martinez-se-queda-con-la-presidencia-del-senado-recibe-apoyo-de-morena-para-postularse-este-lunes-182987.html\">https:\/\/latinus.us\/mexico\/2026\/8\/30\/higinio-martinez-se-queda-con-la-presidencia-del-senado-recibe-apoyo-de-morena-para-postularse-este-lunes-182987.html<\/a><\/p>\n","protected":false},"excerpt":{"rendered":"<p>Se tiene previsto que en la sesi\u00f3n de ma\u00f1ana se vote la designaci\u00f3n del legislador y vote si estar\u00e1 a cargo de la Mesa Directiva los pr\u00f3ximos dos a\u00f1os Tomado de Latinus Jorge Monroy Domingo 30 de agosto de 2026 La bancada de Morena en el Senado design\u00f3 a Higinio Mart\u00ednez para ser postulado en [&hellip;]<\/p>\n","protected":false},"author":1,"featured_media":44491,"comment_status":"open","ping_status":"open","sticky":false,"template":"","format":"standard","meta":{"content-type":"","footnotes":""},"categories":[3,115],"tags":[],"class_list":["post-44490","post","type-post","status-publish","format-standard","has-post-thumbnail","category-mexico","category-politica"],"_links":{"self":[{"href":"https:\/\/www.regioncuatronoticias.com\/index.php\/wp-json\/wp\/v2\/posts\/44490","targetHints":{"allow":["GET"]}}],"collection":[{"href":"https:\/\/www.regioncuatronoticias.com\/index.php\/wp-json\/wp\/v2\/posts"}],"about":[{"href":"https:\/\/www.regioncuatronoticias.com\/index.php\/wp-json\/wp\/v2\/types\/post"}],"author":[{"embeddable":true,"href":"https:\/\/www.regioncuatronoticias.com\/index.php\/wp-json\/wp\/v2\/users\/1"}],"replies":[{"embeddable":true,"href":"https:\/\/www.regioncuatronoticias.com\/index.php\/wp-json\/wp\/v2\/comments?post=44490"}],"version-history":[{"count":1,"href":"https:\/\/www.regioncuatronoticias.com\/index.php\/wp-json\/wp\/v2\/posts\/44490\/revisions"}],"predecessor-version":[{"id":44492,"href":"https:\/\/www.regioncuatronoticias.com\/index.php\/wp-json\/wp\/v2\/posts\/44490\/revisions\/44492"}],"wp:featuredmedia":[{"embeddable":true,"href":"https:\/\/www.regioncuatronoticias.com\/index.php\/wp-json\/wp\/v2\/media\/44491"}],"wp:attachment":[{"href":"https:\/\/www.regioncuatronoticias.com\/index.php\/wp-json\/wp\/v2\/media?parent=44490"}],"wp:term":[{"taxonomy":"category","embeddable":true,"href":"https:\/\/www.regioncuatronoticias.com\/index.php\/wp-json\/wp\/v2\/categories?post=44490"},{"taxonomy":"post_tag","embeddable":true,"href":"https:\/\/www.regioncuatronoticias.com\/index.php\/wp-json\/wp\/v2\/tags?post=44490"}],"curies":[{"name":"wp","href":"https:\/\/api.w.org\/{rel}","templated":true}]}}