{"id":44484,"date":"2026-08-30T17:33:46","date_gmt":"2026-08-31T00:33:46","guid":{"rendered":"https:\/\/www.regioncuatronoticias.com\/?p=44484"},"modified":"2026-08-30T17:33:46","modified_gmt":"2026-08-31T00:33:46","slug":"reportan-que-eu-habria-retenido-bienes-de-adan-augusto-lopez","status":"publish","type":"post","link":"https:\/\/www.regioncuatronoticias.com\/index.php\/2026\/08\/30\/reportan-que-eu-habria-retenido-bienes-de-adan-augusto-lopez\/","title":{"rendered":"Reportan que EU habr\u00eda retenido bienes de Ad\u00e1n Augusto L\u00f3pez"},"content":{"rendered":"\n<p class=\"wp-block-paragraph\"><strong>Autoridades de Estados Unidos pidieron a Francia informaci\u00f3n sobre sus operaciones<\/strong><\/p>\n\n\n\n<p class=\"wp-block-paragraph\">Tomado de El Diario de Ju\u00e1rez<\/p>\n\n\n\n<p class=\"wp-block-paragraph\">Pavel Ju\u00e1rez<\/p>\n\n\n\n<p class=\"wp-block-paragraph\">S\u00e1bado 29 de agosto de 2026<\/p>\n\n\n\n<p class=\"wp-block-paragraph\">De acuerdo con reportes period\u00edsticos, autoridades de Estados Unidos habr\u00edan retenido bienes del senador de Morena, Ad\u00e1n Augusto L\u00f3pez y pidieron a Francia informaci\u00f3n sobre sus operaciones.<\/p>\n\n\n\n<p class=\"wp-block-paragraph\">Se trata de investigaciones en ese pa\u00eds por probables operaciones irregulares y su patrimonio en Europa, de acuerdo a versiones de la periodista Mar\u00eda Idalia G\u00f3mez, quien asegur\u00f3 tuvo acceso a expedientes de una corte estadounidense, publica el Diario de Yucat\u00e1n.<\/p>\n\n\n\n<p class=\"wp-block-paragraph\">La periodista agreg\u00f3 que L\u00f3pez Hern\u00e1ndez y su cu\u00f1ado, el c\u00f3nsul de M\u00e9xico en Miami, Rutilio Escand\u00f3n Cadenas, mantienen por separado contactos con autoridades estadounidenses para ofrecer informaci\u00f3n a cambio de beneficios legales y protecci\u00f3n econ\u00f3mica.<\/p>\n\n\n\n<p class=\"wp-block-paragraph\">Seg\u00fan la periodista citada en ese medio de comunicaci\u00f3n, agencias de ese pa\u00eds habr\u00edan documentado llamadas y mensajes relacionados con el huachicol fiscal, empresas factureras, presuntas operaciones de corrupci\u00f3n y posibles v\u00ednculos con grupos criminales.<\/p>\n\n\n\n<p class=\"wp-block-paragraph\">Desde octubre del a\u00f1o pasado, Consejeros ciudadanos del Sistema Nacional Anticorrupci\u00f3n (SNA) pidieron a distintas autoridades, entre ellas a la Fiscal\u00eda General de la Rep\u00fablica (FGR) y a la Unidad de Inteligencia Financiera (UIF), revisar la evoluci\u00f3n patrimonial de Ad\u00e1n Augusto L\u00f3pez.<\/p>\n\n\n\n<p class=\"wp-block-paragraph\"><a href=\"https:\/\/diario.mx\/nacional\/2026\/aug\/29\/reportan-que-eu-habria-retenido-bienes-de-adan-augusto-lopez-1135694.html\">https:\/\/diario.mx\/nacional\/2026\/aug\/29\/reportan-que-eu-habria-retenido-bienes-de-adan-augusto-lopez-1135694.html<\/a><\/p>\n","protected":false},"excerpt":{"rendered":"<p>Autoridades de Estados Unidos pidieron a Francia informaci\u00f3n sobre sus operaciones Tomado de El Diario de Ju\u00e1rez Pavel Ju\u00e1rez S\u00e1bado 29 de agosto de 2026 De acuerdo con reportes period\u00edsticos, autoridades de Estados Unidos habr\u00edan retenido bienes del senador de Morena, Ad\u00e1n Augusto L\u00f3pez y pidieron a Francia informaci\u00f3n sobre sus operaciones. Se trata de [&hellip;]<\/p>\n","protected":false},"author":1,"featured_media":44485,"comment_status":"open","ping_status":"open","sticky":false,"template":"","format":"standard","meta":{"content-type":"","footnotes":""},"categories":[3,115],"tags":[],"class_list":["post-44484","post","type-post","status-publish","format-standard","has-post-thumbnail","category-mexico","category-politica"],"_links":{"self":[{"href":"https:\/\/www.regioncuatronoticias.com\/index.php\/wp-json\/wp\/v2\/posts\/44484","targetHints":{"allow":["GET"]}}],"collection":[{"href":"https:\/\/www.regioncuatronoticias.com\/index.php\/wp-json\/wp\/v2\/posts"}],"about":[{"href":"https:\/\/www.regioncuatronoticias.com\/index.php\/wp-json\/wp\/v2\/types\/post"}],"author":[{"embeddable":true,"href":"https:\/\/www.regioncuatronoticias.com\/index.php\/wp-json\/wp\/v2\/users\/1"}],"replies":[{"embeddable":true,"href":"https:\/\/www.regioncuatronoticias.com\/index.php\/wp-json\/wp\/v2\/comments?post=44484"}],"version-history":[{"count":1,"href":"https:\/\/www.regioncuatronoticias.com\/index.php\/wp-json\/wp\/v2\/posts\/44484\/revisions"}],"predecessor-version":[{"id":44486,"href":"https:\/\/www.regioncuatronoticias.com\/index.php\/wp-json\/wp\/v2\/posts\/44484\/revisions\/44486"}],"wp:featuredmedia":[{"embeddable":true,"href":"https:\/\/www.regioncuatronoticias.com\/index.php\/wp-json\/wp\/v2\/media\/44485"}],"wp:attachment":[{"href":"https:\/\/www.regioncuatronoticias.com\/index.php\/wp-json\/wp\/v2\/media?parent=44484"}],"wp:term":[{"taxonomy":"category","embeddable":true,"href":"https:\/\/www.regioncuatronoticias.com\/index.php\/wp-json\/wp\/v2\/categories?post=44484"},{"taxonomy":"post_tag","embeddable":true,"href":"https:\/\/www.regioncuatronoticias.com\/index.php\/wp-json\/wp\/v2\/tags?post=44484"}],"curies":[{"name":"wp","href":"https:\/\/api.w.org\/{rel}","templated":true}]}}