{"id":44477,"date":"2026-08-30T17:27:26","date_gmt":"2026-08-31T00:27:26","guid":{"rendered":"https:\/\/www.regioncuatronoticias.com\/?p=44477"},"modified":"2026-08-30T17:28:15","modified_gmt":"2026-08-31T00:28:15","slug":"mas-de-2000-personas-siguen-desaparecidas-en-sonora-familiares-mantienen-viva-su-busqueda","status":"publish","type":"post","link":"https:\/\/www.regioncuatronoticias.com\/index.php\/2026\/08\/30\/mas-de-2000-personas-siguen-desaparecidas-en-sonora-familiares-mantienen-viva-su-busqueda\/","title":{"rendered":"M\u00e1s de 2,000 personas siguen desaparecidas en Sonora; familiares mantienen viva su b\u00fasqueda"},"content":{"rendered":"\n<p class=\"wp-block-paragraph\"><strong>El Comit\u00e9 Ciudadano de Seguridad P\u00fablica de Sonora se\u00f1ala que la mayor\u00eda de los hombres desaparecidos tiene entre 25 y 29 a\u00f1os<\/strong><\/p>\n\n\n\n<p class=\"wp-block-paragraph\">Tomado de El Sol de Hermosillo<\/p>\n\n\n\n<p class=\"wp-block-paragraph\">Romelia Marquez<\/p>\n\n\n\n<p class=\"wp-block-paragraph\">Domingo 30 de agosto de 2026<\/p>\n\n\n\n<p class=\"wp-block-paragraph\">Cada cifra representa una historia que permanece abierta. En Sonora hay 2 mil 477 personas que contin\u00faan sin ser localizadas, de acuerdo con informaci\u00f3n del Comit\u00e9 Ciudadano de Seguridad P\u00fablica de Sonora, en el D\u00eda Internacional de las V\u00edctimas de Desapariciones Forzadas.<\/p>\n\n\n\n<p class=\"wp-block-paragraph\">Entre 2021 y agosto de 2026, el Estado registr\u00f3 5 mil 533 reportes de personas desaparecidas o no localizadas, de las cuales 2 mil 477 permanecen sin ser encontradas.<\/p>\n\n\n\n<p class=\"wp-block-paragraph\">Los datos indican que la mayor concentraci\u00f3n de hombres desaparecidos se encuentra entre los 25 y 29 a\u00f1os, mientras que en las mujeres el rango con mayor incidencia es de 15 a 19 a\u00f1os.<\/p>\n\n\n\n<p class=\"wp-block-paragraph\">Detr\u00e1s de estas cifras hay familias que contin\u00faan buscando respuestas y que, a prop\u00f3sito de esta fecha, buscan mantener presentes los rostros e historias de quienes a\u00fan no han sido localizados.<\/p>\n\n\n\n<p class=\"wp-block-paragraph\">Como parte de las actividades por el D\u00eda Internacional de las V\u00edctimas de Desapariciones Forzadas, colectivos de b\u00fasqueda y padres y madres de v\u00edctimas instalaron el s\u00e1bado 29 de agosto una serie de cruces y fotograf\u00edas de personas desaparecidas en la Plaza Zaragoza, frente al Palacio de Gobierno.<\/p>\n\n\n\n<p class=\"wp-block-paragraph\">La instalaci\u00f3n se encuentra en el extremo opuesto de donde est\u00e1n colocadas las cruces y fotograf\u00edas que recuerdan a las v\u00edctimas de la Guarder\u00eda ABC, convirtiendo el espacio en un punto de memoria para distintas familias que han enfrentado la p\u00e9rdida y la b\u00fasqueda de sus seres queridos.<\/p>\n\n\n\n<p class=\"wp-block-paragraph\">Milagros Valenzuela Flores, integrante de J\u00f3venes Buscadores de Sonora, explic\u00f3 que el prop\u00f3sito de la instalaci\u00f3n es visibilizar a las personas desaparecidas y generar un espacio donde quienes tengan informaci\u00f3n puedan acercarse.<\/p>\n\n\n\n<p class=\"wp-block-paragraph\">\u201cEs conmemorar a nuestros desaparecidos y visibilizarlos\u201d, se\u00f1al\u00f3.<\/p>\n\n\n\n<p class=\"wp-block-paragraph\">Eligieron un punto de alta afluencia de personas, mencion\u00f3, donde desde el primer d\u00eda algunos ciudadanos comenzaron a detenerse para observar las fotograf\u00edas.<\/p>\n\n\n\n<p class=\"wp-block-paragraph\">El objetivo, dijo, es que si alguien reconoce a alguna de las personas o cuenta con informaci\u00f3n sobre su paradero, pueda proporcionarla de manera an\u00f3nima.<\/p>\n\n\n\n<p class=\"wp-block-paragraph\">\u201cSi alguien llega a mirar las fotograf\u00edas y tiene informaci\u00f3n de nuestros desaparecidos, pues que nos la brinde. Todo es totalmente an\u00f3nimo\u201d, indic\u00f3.<\/p>\n\n\n\n<p class=\"wp-block-paragraph\">La instalaci\u00f3n fue impulsada por Madres Buscadoras de Sonora, J\u00f3venes Buscadores de Sonora y familiares de v\u00edctimas.<\/p>\n\n\n\n<p class=\"wp-block-paragraph\">Valenzuela reconoci\u00f3 que las cruces instaladas representan apenas una parte de las personas desaparecidas que existen en Sonora, pero destac\u00f3 que el prop\u00f3sito principal es evitar que sus historias queden invisibilizadas.<\/p>\n\n\n\n<p class=\"wp-block-paragraph\">La inauguraci\u00f3n y bendici\u00f3n de la instalaci\u00f3n est\u00e1n contempladas para este domingo 30 de agosto, despu\u00e9s de la marcha conmemorativa por el D\u00eda Internacional de las V\u00edctimas de Desapariciones Forzadas.<\/p>\n\n\n\n<p class=\"wp-block-paragraph\">\u201cQue no sean indiferentes, aunque no tengan un familiar desaparecido, porque nadie est\u00e1 exento de que nos pase\u201d, expres\u00f3.<\/p>\n\n\n\n<p class=\"wp-block-paragraph\"><strong>Llaman a conocer los procedimientos<\/strong><\/p>\n\n\n\n<p class=\"wp-block-paragraph\">El Comit\u00e9 Ciudadano de Seguridad P\u00fablica de Sonora record\u00f3 que reportar una desaparici\u00f3n y denunciar un delito son acciones diferentes, por lo que consider\u00f3 importante que la poblaci\u00f3n conozca con anticipaci\u00f3n los canales de apoyo y las instituciones a las que puede acudir.<\/p>\n\n\n\n<p class=\"wp-block-paragraph\">En este 30 de agosto, el llamado es a mantener en la memoria a quienes contin\u00faan siendo buscados y acompa\u00f1ar a las familias que mantienen activa su b\u00fasqueda.<\/p>\n\n\n\n<p class=\"wp-block-paragraph\"><a href=\"https:\/\/oem.com.mx\/elsoldehermosillo\/local\/mas-de-2-mil-personas-siguen-desaparecidas-en-sonora-familias-mantienen-viva-su-busqueda-31815195\">https:\/\/oem.com.mx\/elsoldehermosillo\/local\/mas-de-2-mil-personas-siguen-desaparecidas-en-sonora-familias-mantienen-viva-su-busqueda-31815195<\/a><\/p>\n","protected":false},"excerpt":{"rendered":"<p>El Comit\u00e9 Ciudadano de Seguridad P\u00fablica de Sonora se\u00f1ala que la mayor\u00eda de los hombres desaparecidos tiene entre 25 y 29 a\u00f1os Tomado de El Sol de Hermosillo Romelia Marquez Domingo 30 de agosto de 2026 Cada cifra representa una historia que permanece abierta. En Sonora hay 2 mil 477 personas que contin\u00faan sin ser [&hellip;]<\/p>\n","protected":false},"author":1,"featured_media":44480,"comment_status":"open","ping_status":"open","sticky":false,"template":"","format":"standard","meta":{"content-type":"","footnotes":""},"categories":[105,113,9],"tags":[],"class_list":["post-44477","post","type-post","status-publish","format-standard","has-post-thumbnail","category-principal","category-seguridad","category-sonora"],"_links":{"self":[{"href":"https:\/\/www.regioncuatronoticias.com\/index.php\/wp-json\/wp\/v2\/posts\/44477","targetHints":{"allow":["GET"]}}],"collection":[{"href":"https:\/\/www.regioncuatronoticias.com\/index.php\/wp-json\/wp\/v2\/posts"}],"about":[{"href":"https:\/\/www.regioncuatronoticias.com\/index.php\/wp-json\/wp\/v2\/types\/post"}],"author":[{"embeddable":true,"href":"https:\/\/www.regioncuatronoticias.com\/index.php\/wp-json\/wp\/v2\/users\/1"}],"replies":[{"embeddable":true,"href":"https:\/\/www.regioncuatronoticias.com\/index.php\/wp-json\/wp\/v2\/comments?post=44477"}],"version-history":[{"count":1,"href":"https:\/\/www.regioncuatronoticias.com\/index.php\/wp-json\/wp\/v2\/posts\/44477\/revisions"}],"predecessor-version":[{"id":44479,"href":"https:\/\/www.regioncuatronoticias.com\/index.php\/wp-json\/wp\/v2\/posts\/44477\/revisions\/44479"}],"wp:featuredmedia":[{"embeddable":true,"href":"https:\/\/www.regioncuatronoticias.com\/index.php\/wp-json\/wp\/v2\/media\/44480"}],"wp:attachment":[{"href":"https:\/\/www.regioncuatronoticias.com\/index.php\/wp-json\/wp\/v2\/media?parent=44477"}],"wp:term":[{"taxonomy":"category","embeddable":true,"href":"https:\/\/www.regioncuatronoticias.com\/index.php\/wp-json\/wp\/v2\/categories?post=44477"},{"taxonomy":"post_tag","embeddable":true,"href":"https:\/\/www.regioncuatronoticias.com\/index.php\/wp-json\/wp\/v2\/tags?post=44477"}],"curies":[{"name":"wp","href":"https:\/\/api.w.org\/{rel}","templated":true}]}}