{"id":44474,"date":"2026-08-30T17:25:41","date_gmt":"2026-08-31T00:25:41","guid":{"rendered":"https:\/\/www.regioncuatronoticias.com\/?p=44474"},"modified":"2026-08-30T17:25:41","modified_gmt":"2026-08-31T00:25:41","slug":"a-disputa-entre-grupos-criminales-atribuye-fgje-de-sonora-ataque-e-incendio-de-ring-en-el-cum-de-hermosillo","status":"publish","type":"post","link":"https:\/\/www.regioncuatronoticias.com\/index.php\/2026\/08\/30\/a-disputa-entre-grupos-criminales-atribuye-fgje-de-sonora-ataque-e-incendio-de-ring-en-el-cum-de-hermosillo\/","title":{"rendered":"A disputa entre grupos criminales atribuye FGJE de Sonora ataque e incendio de ring en el CUM de Hermosillo"},"content":{"rendered":"\n<p class=\"wp-block-paragraph\">Tomado de Infobae<\/p>\n\n\n\n<p class=\"wp-block-paragraph\">Ale Huitr\u00f3n<\/p>\n\n\n\n<p class=\"wp-block-paragraph\">Domingo 30 de agosto de 2026<\/p>\n\n\n\n<p class=\"wp-block-paragraph\">Las autoridades ya identificaron a los responsables, a quienes tambi\u00e9n relacionan con el homicidio de una persona y un narcomensaje en contra de un cantante de corridos tumbados<\/p>\n\n\n\n<p class=\"wp-block-paragraph\">El incendio del Centro de Usos M\u00faltiples (CUM) en que se llevar\u00eda a cabo una funci\u00f3n de boxeo entre influencers en la llamada Noche Suprema en Hermosillo, Sonora, se habr\u00eda provocado como parte de una disputa entre grupos criminales dedicados al narcomenudeo.<\/p>\n\n\n\n<p class=\"wp-block-paragraph\">La Fiscal\u00eda General de Justicia de Sonora (FGJES) inform\u00f3 que esta es la principal hip\u00f3tesis que mantienen debido a que algunos de los participantes en el evento han hecho promoci\u00f3n p\u00fablica de actividades asociadas al consumo de drogas, por lo que creen se trat\u00f3 de una agresi\u00f3n entre c\u00e9lulas criminales.<\/p>\n\n\n\n<p class=\"wp-block-paragraph\">Respecto a un posible cobro de piso, las autoridades descartaron que los hechos tuvieran relaci\u00f3n alguna con este delito. Asimismo, detallaron que ninguna persona result\u00f3 lesionada y que solo existen da\u00f1os materiales parciales en las instalaciones.<\/p>\n\n\n\n<p class=\"wp-block-paragraph\">Y es que los hechos ocurrieron cuando un grupo de hombres armados irrumpi\u00f3 en el CUM, realiz\u00f3 disparos e incendi\u00f3 el ring que ser\u00eda utilizado durante el espect\u00e1culo durante la noche del viernes. Esto provoc\u00f3 que el evento previsto para el s\u00e1bado 29 de agosto fuera cancelado.<\/p>\n\n\n\n<p class=\"wp-block-paragraph\"><strong>Autoridades tienen a los agresores identificados: los relacionan con un homicidio y narcomensaje<\/strong><\/p>\n\n\n\n<p class=\"wp-block-paragraph\">La Fiscal\u00eda de Sonora inform\u00f3 que la l\u00ednea de investigaci\u00f3n les ha permitido identificar al grupo delictivo y los autores del incendio del CUM en Hermosillo, ya que tambi\u00e9n est\u00e1n relacionados con otros hechos cometidos tanto de manera previa como posterior al siniestro.<\/p>\n\n\n\n<p class=\"wp-block-paragraph\">Uno de ellos ocurri\u00f3 la noche del 29 de agosto, un d\u00eda despu\u00e9s del ataque al CUM, cuando se registr\u00f3 el homicidio de una persona cuyo cuerpo fue abandonado en la v\u00eda p\u00fablica. Junto al cad\u00e1ver, el grupo delictivo responsable dej\u00f3 un narcomensaje con se\u00f1alamientos directos contra una banda rival y contra un cantante de \u201ccorridos tumbados\u201d con residencia en Sonora, aunque no se report\u00f3 de quien se trat\u00f3.<\/p>\n\n\n\n<p class=\"wp-block-paragraph\">Seg\u00fan la FGJES, este hecho refuerza la hip\u00f3tesis de enfrentamiento entre bandas, ya que el mismo grupo identificado como autor del ataque a las instalaciones deportivas se reivindica ambos hechos.<\/p>\n\n\n\n<p class=\"wp-block-paragraph\"><strong>La cartelera bajo la lupa: antecedentes penales y v\u00ednculos se\u00f1alados<\/strong><\/p>\n\n\n\n<p class=\"wp-block-paragraph\">Las diligencias de la Fiscal\u00eda del Estado tambi\u00e9n permitieron establecer que algunas de las personas anunciadas en la cartelera de Noche Suprema cuentan con registros policiales, procesos penales y \u00f3rdenes de aprehensi\u00f3n vigentes por delitos ajenos a la realizaci\u00f3n del espect\u00e1culo, por lo que proceder\u00e1 contra ellas conforme a derecho.<\/p>\n\n\n\n<p class=\"wp-block-paragraph\">Entre los participantes anunciados figuraba El Vitolias, identificado p\u00fablicamente como examigo del influencer Markitos Toys. Su nombre apareci\u00f3 en narcovolantes lanzados desde una avioneta en Sinaloa, en el que lo se\u00f1alaron por presuntos v\u00ednculos con integrantes de Los Chapitos.<\/p>\n\n\n\n<p class=\"wp-block-paragraph\">La Fiscal\u00eda de Sonora tambi\u00e9n subray\u00f3 que la informaci\u00f3n sobre la presentaci\u00f3n de personas con procesos abiertos no fue proporcionada previamente al Gabinete de Seguridad del Estado para la correspondiente evaluaci\u00f3n de riesgo.<\/p>\n\n\n\n<p class=\"wp-block-paragraph\">Hasta el momento, las autoridades han recabado las declaraciones de 24 personas: testigos, generadores de contenido en redes sociales, promotores, boxeadores y personal t\u00e9cnico de iluminaci\u00f3n, audio y video, adem\u00e1s de recibir denuncias de autoridades y particulares afectados.<\/p>\n\n\n\n<p class=\"wp-block-paragraph\">Sin embargo, detall\u00f3 que existe un n\u00famero adicional de personas que deben ser interrogadas, pero que ya no se encuentran en Sonora o nunca llegaron al estado. Para localizarlos, se activaron solicitudes de apoyo y cooperaci\u00f3n a trav\u00e9s de la colaboraci\u00f3n interfiscal\u00edas.<\/p>\n\n\n\n<p class=\"wp-block-paragraph\">La Fiscal\u00eda del Estado detall\u00f3 que los organizadores contaban con permisos de Protecci\u00f3n Civil del Ayuntamiento de Hermosillo, pero no exist\u00eda un Plan de Seguridad F\u00edsica que garantizara la cobertura de asistentes y participantes. Ese documento, se\u00f1al\u00f3 la dependencia, debi\u00f3 ser presentado por el promotor y sometido a la Mesa de Seguridad del Estado para su valoraci\u00f3n.<\/p>\n\n\n\n<p class=\"wp-block-paragraph\">Por los da\u00f1os materiales ocasionados al equipo de iluminaci\u00f3n, audio y video \u2014subarrendado por el promotor\u2014, la Fiscal\u00eda indic\u00f3 que corresponde a los organizadores asumir las responsabilidades legales que procedan.<\/p>\n\n\n\n<p class=\"wp-block-paragraph\"><a href=\"https:\/\/www.infobae.com\/mexico\/2026\/08\/30\/por-disputa-entre-grupos-criminales-fiscalia-de-sonora-atribuye-incendio-de-ring-en-hermosillo-al-narcomenudeo\">https:\/\/www.infobae.com\/mexico\/2026\/08\/30\/por-disputa-entre-grupos-criminales-fiscalia-de-sonora-atribuye-incendio-de-ring-en-hermosillo-al-narcomenudeo<\/a><\/p>\n","protected":false},"excerpt":{"rendered":"<p>Tomado de Infobae Ale Huitr\u00f3n Domingo 30 de agosto de 2026 Las autoridades ya identificaron a los responsables, a quienes tambi\u00e9n relacionan con el homicidio de una persona y un narcomensaje en contra de un cantante de corridos tumbados El incendio del Centro de Usos M\u00faltiples (CUM) en que se llevar\u00eda a cabo una funci\u00f3n [&hellip;]<\/p>\n","protected":false},"author":1,"featured_media":44475,"comment_status":"open","ping_status":"open","sticky":false,"template":"","format":"standard","meta":{"content-type":"","footnotes":""},"categories":[8,105,113,9],"tags":[],"class_list":["post-44474","post","type-post","status-publish","format-standard","has-post-thumbnail","category-hermosillo","category-principal","category-seguridad","category-sonora"],"_links":{"self":[{"href":"https:\/\/www.regioncuatronoticias.com\/index.php\/wp-json\/wp\/v2\/posts\/44474","targetHints":{"allow":["GET"]}}],"collection":[{"href":"https:\/\/www.regioncuatronoticias.com\/index.php\/wp-json\/wp\/v2\/posts"}],"about":[{"href":"https:\/\/www.regioncuatronoticias.com\/index.php\/wp-json\/wp\/v2\/types\/post"}],"author":[{"embeddable":true,"href":"https:\/\/www.regioncuatronoticias.com\/index.php\/wp-json\/wp\/v2\/users\/1"}],"replies":[{"embeddable":true,"href":"https:\/\/www.regioncuatronoticias.com\/index.php\/wp-json\/wp\/v2\/comments?post=44474"}],"version-history":[{"count":1,"href":"https:\/\/www.regioncuatronoticias.com\/index.php\/wp-json\/wp\/v2\/posts\/44474\/revisions"}],"predecessor-version":[{"id":44476,"href":"https:\/\/www.regioncuatronoticias.com\/index.php\/wp-json\/wp\/v2\/posts\/44474\/revisions\/44476"}],"wp:featuredmedia":[{"embeddable":true,"href":"https:\/\/www.regioncuatronoticias.com\/index.php\/wp-json\/wp\/v2\/media\/44475"}],"wp:attachment":[{"href":"https:\/\/www.regioncuatronoticias.com\/index.php\/wp-json\/wp\/v2\/media?parent=44474"}],"wp:term":[{"taxonomy":"category","embeddable":true,"href":"https:\/\/www.regioncuatronoticias.com\/index.php\/wp-json\/wp\/v2\/categories?post=44474"},{"taxonomy":"post_tag","embeddable":true,"href":"https:\/\/www.regioncuatronoticias.com\/index.php\/wp-json\/wp\/v2\/tags?post=44474"}],"curies":[{"name":"wp","href":"https:\/\/api.w.org\/{rel}","templated":true}]}}