{"id":44471,"date":"2026-08-30T17:20:45","date_gmt":"2026-08-31T00:20:45","guid":{"rendered":"https:\/\/www.regioncuatronoticias.com\/?p=44471"},"modified":"2026-08-30T17:20:45","modified_gmt":"2026-08-31T00:20:45","slug":"somos-mexico-presenta-nueva-identidad-grafica","status":"publish","type":"post","link":"https:\/\/www.regioncuatronoticias.com\/index.php\/2026\/08\/30\/somos-mexico-presenta-nueva-identidad-grafica\/","title":{"rendered":"Somos M\u00e9xico presenta nueva identidad gr\u00e1fica"},"content":{"rendered":"\n<p class=\"wp-block-paragraph\"><strong>Guadalupe Acosta detall\u00f3 que no existe ning\u00fan impedimento legal para el uso de la silueta del pa\u00eds y descart\u00f3 que la modificaci\u00f3n frene el avance de la organizaci\u00f3n.<\/strong><\/p>\n\n\n\n<p class=\"wp-block-paragraph\">Tomado de Aristegui Noticias<\/p>\n\n\n\n<p class=\"wp-block-paragraph\">Redacci\u00f3n AN\/ SBH<\/p>\n\n\n\n<p class=\"wp-block-paragraph\">Viernes 29 de agosto de 2026<\/p>\n\n\n\n<p class=\"wp-block-paragraph\">La dirigencia nacional de Somos M\u00e9xico present\u00f3 formalmente una nueva propuesta de identidad ante la Oficial\u00eda de Partes del Instituto Nacional Electoral (INE), para intentar cumplir la resoluci\u00f3n emitida por el Tribunal Electoral.<\/p>\n\n\n\n<p class=\"wp-block-paragraph\">Aunque calificaron el fallo de \u201cinjusto y abusivo\u201d, los l\u00edderes de la organizaci\u00f3n se\u00f1alaron que acatan la resoluci\u00f3n de manera obligatoria para proteger su registro de cara a los pr\u00f3ximos comicios.<\/p>\n\n\n\n<p class=\"wp-block-paragraph\">El fallo judicial proh\u00edbe al partido utilizar la denominaci\u00f3n \u201cSomos M\u00e9xico\u201d de forma conjugada en su emblema, bajo el argumento de que genera una presunta \u201cconfusi\u00f3n sem\u00e1ntica\u201d y una apropiaci\u00f3n de la representaci\u00f3n nacional.<\/p>\n\n\n\n<p class=\"wp-block-paragraph\">Asimismo, se restringi\u00f3 el uso preponderante del color rosa para evitar similitudes con el partido local \u201cFuerza por M\u00e9xico\u201d, con presencia en Tlaxcala y Baja California.<\/p>\n\n\n\n<figure class=\"wp-block-embed is-type-rich is-provider-x wp-block-embed-x\"><div class=\"wp-block-embed__wrapper\">\n<blockquote class=\"twitter-tweet\" data-width=\"550\" data-dnt=\"true\"><p lang=\"es\" dir=\"ltr\">Presentaci\u00f3n de la nueva identidad de <a href=\"https:\/\/x.com\/hashtag\/SOMOS?src=hash&amp;ref_src=twsrc%5Etfw\">#SOMOS<\/a><br>Sabemos nadar contracorriente y sabemos batallar contra la adversidad. <a href=\"https:\/\/x.com\/hashtag\/somos?src=hash&amp;ref_src=twsrc%5Etfw\">#somos<\/a> digna oposici\u00f3n y seremos digna opci\u00f3n para construir un mejor pa\u00eds.<br>\ud83d\udcf9<a href=\"https:\/\/x.com\/acostanaranjo?ref_src=twsrc%5Etfw\">@acostanaranjo<\/a> <a href=\"https:\/\/t.co\/ThryxxscsC\">pic.twitter.com\/ThryxxscsC<\/a><\/p>&mdash; SOMOS (@SomosMxMexico) <a href=\"https:\/\/x.com\/SomosMxMexico\/status\/2093021543978746342?ref_src=twsrc%5Etfw\">August 27, 2026<\/a><\/blockquote><script async src=\"https:\/\/platform.x.com\/widgets.js\" charset=\"utf-8\"><\/script>\n<\/div><\/figure>\n\n\n\n<p class=\"wp-block-paragraph\">Ante estas determinaciones, la nueva propuesta aprobada por el Comit\u00e9 Ejecutivo Nacional introduce modificaciones espec\u00edficas:<\/p>\n\n\n\n<p class=\"wp-block-paragraph\"><strong>-Se mantiene la palabra \u201cSOMOS\u201d como elemento central del dise\u00f1o gr\u00e1fico.<\/strong><\/p>\n\n\n\n<p class=\"wp-block-paragraph\"><strong>-Se incorpora la silueta de la Rep\u00fablica Mexicana colocada detr\u00e1s o en medio de las letras.<\/strong><\/p>\n\n\n\n<p class=\"wp-block-paragraph\"><strong>-El color blanco se establece como predominante de fondo, mientras que las letras de la palabra \u201cSOMOS\u201d conservar\u00e1n el color rosa.<\/strong><\/p>\n\n\n\n<p class=\"wp-block-paragraph\">Guadalupe Acosta Naranjo, presidente nacional del partido, detall\u00f3 que no existe ning\u00fan impedimento legal para el uso de la silueta del pa\u00eds y descart\u00f3 que la modificaci\u00f3n frene el avance de la organizaci\u00f3n.<\/p>\n\n\n\n<p class=\"wp-block-paragraph\">\u201cSabemos nadar contracorriente y batallar contra la adversidad; SOMOS una oposici\u00f3n digna y una opci\u00f3n para el pa\u00eds. No nos van a detener\u201d.<\/p>\n\n\n\n<p class=\"wp-block-paragraph\">La dirigencia solicit\u00f3 formalmente a la consejera presidenta del INE, Guadalupe Taddei Zavala, someter esta propuesta a votaci\u00f3n del Consejo General a m\u00e1s tardar el lunes 31 de agosto para que el partido pueda iniciar formalmente sus trabajos de posicionamiento.<\/p>\n\n\n\n<p class=\"wp-block-paragraph\">La secretaria general de la organizaci\u00f3n, Cecilia Soto Gonz\u00e1lez, y Acosta Naranjo denunciaron una profunda inequidad en el marco del proceso electoral que se celebrar\u00e1 en nueve meses.<\/p>\n\n\n\n<p class=\"wp-block-paragraph\">Acusaron que mientras el partido oficialista (Morena) y sus aspirantes realizan campa\u00f1as adelantadas y disponen de cuantiosos recursos p\u00fablicos, a Somos M\u00e9xico se le ha obligado a defender su identidad jur\u00eddica en los tribunales, retrasando su difusi\u00f3n.<\/p>\n\n\n\n<p class=\"wp-block-paragraph\">Soto Gonz\u00e1lez defendi\u00f3 que mantener la palabra \u201cSOMOS\u201d representa una declaraci\u00f3n pol\u00edtica de pluralidad frente al discurso gubernamental, al ser un espacio abierto a todos los ciudadanos dem\u00f3cratas.<\/p>\n\n\n\n<p class=\"wp-block-paragraph\">Durante la conferencia de prensa, la organizaci\u00f3n tambi\u00e9n abord\u00f3 la situaci\u00f3n jur\u00eddica de Ernesto Rufo, a quien calificaron como un \u201cpreso pol\u00edtico\u201d recluido en el penal del Altiplano.<\/p>\n\n\n\n<p class=\"wp-block-paragraph\">La dirigencia denunci\u00f3 que el proceso judicial en contra de Rufo est\u00e1 plagado de violaciones sistem\u00e1ticas a sus derechos humanos y al debido proceso.<\/p>\n\n\n\n<p class=\"wp-block-paragraph\">Adem\u00e1s, sostuvieron que el reciente aseguramiento de una bodega de almacenamiento en la calle Mariano Escobedo \u2014donde presuntamente se resguardaban cajas con informaci\u00f3n\u2014 podr\u00eda tratarse de un montaje realizado por las autoridades federales para fabricar pruebas en su contra, se\u00f1alando que el n\u00famero de cajas reportadas por la Secretar\u00eda de Seguridad se increment\u00f3 de forma sospechosa tras el aseguramiento.<\/p>\n\n\n\n<figure class=\"wp-block-embed is-type-video is-provider-youtube wp-block-embed-youtube wp-embed-aspect-16-9 wp-has-aspect-ratio\"><div class=\"wp-block-embed__wrapper\">\n<iframe loading=\"lazy\" title=\"Conferencia de prensa: \u201cNueva identidad de Somos \u201c\" width=\"1170\" height=\"658\" src=\"https:\/\/www.youtube.com\/embed\/XZgIcSYtBn4?feature=oembed\" frameborder=\"0\" allow=\"accelerometer; autoplay; clipboard-write; encrypted-media; gyroscope; picture-in-picture; web-share\" referrerpolicy=\"strict-origin-when-cross-origin\" allowfullscreen><\/iframe>\n<\/div><\/figure>\n\n\n\n<p class=\"wp-block-paragraph\"><a href=\"https:\/\/aristeguinoticias.com\/2708\/mexico\/somos-mexico-presenta-nueva-identidad-grafica\">https:\/\/aristeguinoticias.com\/2708\/mexico\/somos-mexico-presenta-nueva-identidad-grafica<\/a><\/p>\n","protected":false},"excerpt":{"rendered":"<p>Guadalupe Acosta detall\u00f3 que no existe ning\u00fan impedimento legal para el uso de la silueta del pa\u00eds y descart\u00f3 que la modificaci\u00f3n frene el avance de la organizaci\u00f3n. Tomado de Aristegui Noticias Redacci\u00f3n AN\/ SBH Viernes 29 de agosto de 2026 La dirigencia nacional de Somos M\u00e9xico present\u00f3 formalmente una nueva propuesta de identidad ante [&hellip;]<\/p>\n","protected":false},"author":1,"featured_media":44472,"comment_status":"open","ping_status":"open","sticky":false,"template":"","format":"standard","meta":{"content-type":"","footnotes":""},"categories":[3,115],"tags":[],"class_list":["post-44471","post","type-post","status-publish","format-standard","has-post-thumbnail","category-mexico","category-politica"],"_links":{"self":[{"href":"https:\/\/www.regioncuatronoticias.com\/index.php\/wp-json\/wp\/v2\/posts\/44471","targetHints":{"allow":["GET"]}}],"collection":[{"href":"https:\/\/www.regioncuatronoticias.com\/index.php\/wp-json\/wp\/v2\/posts"}],"about":[{"href":"https:\/\/www.regioncuatronoticias.com\/index.php\/wp-json\/wp\/v2\/types\/post"}],"author":[{"embeddable":true,"href":"https:\/\/www.regioncuatronoticias.com\/index.php\/wp-json\/wp\/v2\/users\/1"}],"replies":[{"embeddable":true,"href":"https:\/\/www.regioncuatronoticias.com\/index.php\/wp-json\/wp\/v2\/comments?post=44471"}],"version-history":[{"count":1,"href":"https:\/\/www.regioncuatronoticias.com\/index.php\/wp-json\/wp\/v2\/posts\/44471\/revisions"}],"predecessor-version":[{"id":44473,"href":"https:\/\/www.regioncuatronoticias.com\/index.php\/wp-json\/wp\/v2\/posts\/44471\/revisions\/44473"}],"wp:featuredmedia":[{"embeddable":true,"href":"https:\/\/www.regioncuatronoticias.com\/index.php\/wp-json\/wp\/v2\/media\/44472"}],"wp:attachment":[{"href":"https:\/\/www.regioncuatronoticias.com\/index.php\/wp-json\/wp\/v2\/media?parent=44471"}],"wp:term":[{"taxonomy":"category","embeddable":true,"href":"https:\/\/www.regioncuatronoticias.com\/index.php\/wp-json\/wp\/v2\/categories?post=44471"},{"taxonomy":"post_tag","embeddable":true,"href":"https:\/\/www.regioncuatronoticias.com\/index.php\/wp-json\/wp\/v2\/tags?post=44471"}],"curies":[{"name":"wp","href":"https:\/\/api.w.org\/{rel}","templated":true}]}}