{"id":4429,"date":"2024-01-14T18:26:52","date_gmt":"2024-01-15T01:26:52","guid":{"rendered":"https:\/\/www.regioncuatronoticias.com\/?p=4429"},"modified":"2024-01-14T18:26:54","modified_gmt":"2024-01-15T01:26:54","slug":"murio-jose-romulo-felix-historiador-sonorense-y-excronista-de-hermosillo","status":"publish","type":"post","link":"https:\/\/www.regioncuatronoticias.com\/index.php\/2024\/01\/14\/murio-jose-romulo-felix-historiador-sonorense-y-excronista-de-hermosillo\/","title":{"rendered":"Muri\u00f3 Jos\u00e9 R\u00f3mulo F\u00e9lix, historiador sonorense y excronista de Hermosillo"},"content":{"rendered":"\n<p>A trav\u00e9s de redes sociales se dio a conocer la lamentable noticia, la cual constern\u00f3 a quienes compartieron en vida momentos con el oriundo de Navojoa<\/p>\n\n\n\n<p>Tomado de El Sol de Hermosillo<\/p>\n\n\n\n<p>Gil Reyes<\/p>\n\n\n\n<p>Domingo 14 de enero de 2024<\/p>\n\n\n\n<p>Familiares y amigos confirmaron la muerte de Jos\u00e9 R\u00f3mulo F\u00e9lix Gast\u00e9lum, considerado uno de los m\u00e1s respetables historiadores sonorenses de los \u00faltimos tiempos y ex cronista de Hermosillo.<\/p>\n\n\n\n<p>A trav\u00e9s de redes sociales se dio a conocer la lamentable noticia, la cual constern\u00f3 a quienes compartieron en vida momentos con el oriundo de Navojoa, quien se caracteriz\u00f3 por ser una persona de amplio conocimiento sobre diversos temas.<\/p>\n\n\n\n<p>De inmediato las condolencias y afectos por parte de los allegados y conocidos no se hicieron esperar para la familia del fallecido, quien ser\u00e1 recordado por su contribuci\u00f3n a la cultura e historia del estado.<\/p>\n\n\n\n<p>Su preparaci\u00f3n como licenciado en Derecho en la Universidad Nacional Aut\u00f3noma de M\u00e9xico (UNAM) y su bagaje social tambi\u00e9n lo llevaron a incursionar en el mundo de la pol\u00edtica, al convertirse en diputado titular, tras ser suplente, al final de la anterior legislatura en el Congreso del Estado por el Partido Revolucionario Institucional (PRI).<\/p>\n\n\n\n<p>F\u00e9lix Gast\u00e9lum, quien tambi\u00e9n curs\u00f3 la licenciatura en Historia en la Universidad de Sonora, naci\u00f3 el 5 de abril de 1947 en Navojoa.<\/p>\n\n\n\n<p>Dentro de su curr\u00edcula sobresalen cargos como presidente de la Sociedad Sonorense de Historia, A. C., de 1985 a 1989. Fue el primer Director General del Instituto Sonorense de Cultura de Sonora de 1989 a 1991.<\/p>\n\n\n\n<p>Asimismo, fue Coordinador General de la Comisi\u00f3n Estatal para la Conmemoraci\u00f3n del Bicentenario de la Independencia y Centenario de la Revoluci\u00f3n Mexicana del Estado de Sonora de 2008 a 2009.<\/p>\n\n\n\n<p>En el caso de esta capital, se le recuerda por haber sido cronista, designado por el Ayuntamiento de Hermosillo de abril de 2012 a junio de 2017.<\/p>\n\n\n\n<p>Tambi\u00e9n figur\u00f3 en la literatura con publicaciones como: Sonora: de la prehistoria al siglo XX (1999, ensayo), Sonora: de la prehistoria al siglo XXI (2002, 2003, 2004 y 2012, ensayo); El Instituto de Cr\u00e9dito Educativo un esfuerzo responsable y visionario de los sonorenses (2003, ensayo); Pancho Schwarzbeck, campesino y empresario del Valle del Yaqui, Sonora, M\u00e9xico (Edici\u00f3n de autor, 2006, ensayo); Siglos de Pioneros. Historia de la familia Bours (ensayo, 2009); Capital Activo en Sonora: Vuelta al origen (Edici\u00f3n de autor, 2011, ensayo).<\/p>\n","protected":false},"excerpt":{"rendered":"<p>A trav\u00e9s de redes sociales se dio a conocer la lamentable noticia, la cual constern\u00f3 a quienes compartieron en vida momentos con el oriundo de Navojoa Tomado de El Sol de Hermosillo Gil Reyes Domingo 14 de enero de 2024 Familiares y amigos confirmaron la muerte de Jos\u00e9 R\u00f3mulo F\u00e9lix Gast\u00e9lum, considerado uno de los [&hellip;]<\/p>\n","protected":false},"author":1,"featured_media":4430,"comment_status":"open","ping_status":"open","sticky":false,"template":"","format":"standard","meta":{"content-type":"","footnotes":""},"categories":[112,117,105,9],"tags":[],"class_list":{"0":"post-4429","1":"post","2":"type-post","3":"status-publish","4":"format-standard","5":"has-post-thumbnail","7":"category-cultura","8":"category-general","9":"category-principal","10":"category-sonora"},"_links":{"self":[{"href":"https:\/\/www.regioncuatronoticias.com\/index.php\/wp-json\/wp\/v2\/posts\/4429","targetHints":{"allow":["GET"]}}],"collection":[{"href":"https:\/\/www.regioncuatronoticias.com\/index.php\/wp-json\/wp\/v2\/posts"}],"about":[{"href":"https:\/\/www.regioncuatronoticias.com\/index.php\/wp-json\/wp\/v2\/types\/post"}],"author":[{"embeddable":true,"href":"https:\/\/www.regioncuatronoticias.com\/index.php\/wp-json\/wp\/v2\/users\/1"}],"replies":[{"embeddable":true,"href":"https:\/\/www.regioncuatronoticias.com\/index.php\/wp-json\/wp\/v2\/comments?post=4429"}],"version-history":[{"count":1,"href":"https:\/\/www.regioncuatronoticias.com\/index.php\/wp-json\/wp\/v2\/posts\/4429\/revisions"}],"predecessor-version":[{"id":4431,"href":"https:\/\/www.regioncuatronoticias.com\/index.php\/wp-json\/wp\/v2\/posts\/4429\/revisions\/4431"}],"wp:featuredmedia":[{"embeddable":true,"href":"https:\/\/www.regioncuatronoticias.com\/index.php\/wp-json\/wp\/v2\/media\/4430"}],"wp:attachment":[{"href":"https:\/\/www.regioncuatronoticias.com\/index.php\/wp-json\/wp\/v2\/media?parent=4429"}],"wp:term":[{"taxonomy":"category","embeddable":true,"href":"https:\/\/www.regioncuatronoticias.com\/index.php\/wp-json\/wp\/v2\/categories?post=4429"},{"taxonomy":"post_tag","embeddable":true,"href":"https:\/\/www.regioncuatronoticias.com\/index.php\/wp-json\/wp\/v2\/tags?post=4429"}],"curies":[{"name":"wp","href":"https:\/\/api.w.org\/{rel}","templated":true}]}}