{"id":4397,"date":"2024-01-13T22:38:19","date_gmt":"2024-01-14T05:38:19","guid":{"rendered":"https:\/\/www.regioncuatronoticias.com\/?p=4397"},"modified":"2024-01-13T22:38:20","modified_gmt":"2024-01-14T05:38:20","slug":"se-reune-manlio-fabio-beltrones-con-productores-del-sur-de-sonora","status":"publish","type":"post","link":"https:\/\/www.regioncuatronoticias.com\/index.php\/2024\/01\/13\/se-reune-manlio-fabio-beltrones-con-productores-del-sur-de-sonora\/","title":{"rendered":"Se re\u00fane Manlio Fabio Beltrones con productores del sur de Sonora"},"content":{"rendered":"\n<p><\/p>\n\n\n\n<p>Tomado de Expreso.com<\/p>\n\n\n\n<p>S\u00e1bado 13 de enero del 2024<\/p>\n\n\n\n<p>Con el fin de escuchar las problem\u00e1ticas que actualmente atraviesa el campo mexicano, el exgobernador Manlio Fabio Beltrones Rivera se reuni\u00f3 con &nbsp;productores del sector social del sur de Sonora, donde reconoci\u00f3 la importancia de que el gobierno les brinde apoyos para que se pueda continuar con esta actividad en la regi\u00f3n.<\/p>\n\n\n\n<p>En la reuni\u00f3n que se llev\u00f3 a cabo en la Uni\u00f3n de Cr\u00e9dito Agr\u00edcola, Pecuario y de Servicios del Noroeste (Ucapesen), Beltrones Rivera escuch\u00f3 a l\u00edderes productivos del Valle del Yaqui, Mayo y Fuerte-Mayo, quienes se dedican a la producci\u00f3n de cultivos como el trigo, ma\u00edz, entre otros.<\/p>\n\n\n\n<p>El pol\u00edtico priista destac\u00f3 que el campo est\u00e1 abandonado, ya que en los \u00faltimos a\u00f1os se han eliminado apoyos y han desaparecido instituciones que eran esenciales para el sector agr\u00edcola porque les permit\u00edan continuar con esta actividad.<\/p>\n\n\n\n<p>\u201cSi hay algo descuidado son los apoyos a la agricultura y al campo, si de eso sabe alguien, pues son los de Cajeme porque es el \u00e1rea m\u00e1s productiva y creo que m\u00e1s descuidada en este momento. Yo creo que es la hora en que tenemos que estar juntos porque el descuido es enorme para el campo y los a\u00f1os que vienen, si no nos apoyamos, pueden ser peores\u201d, expres\u00f3.<\/p>\n\n\n\n<p>Reconoci\u00f3 que Sonora ha sido atendido por los actuales gobiernos en diversas \u00e1reas, sin embargo, el sector agr\u00edcola no ha sido apoyado a nivel federal, por lo que se requiere destinar m\u00e1s recursos para que los productores puedan salir adelante.<\/p>\n\n\n\n<p>Lament\u00f3 que la dependencia de la Sader nunca se instal\u00f3 en Cajeme como lo prometi\u00f3 el Gobierno Federal, donde se supon\u00eda que desde esta regi\u00f3n trabajar\u00eda en el Centro de Usos M\u00faltiples (CUM) para brindarle sus servicios a todo el pa\u00eds.<\/p>\n\n\n\n<p>\u201cSe necesita mucho dinero, mucha comprensi\u00f3n y mucha seguridad de lo que se dice y se hace. Yo la verdad estuve muy contento cuando me dijeron que iba a venir aqu\u00ed la Secretar\u00eda de Agricultura y que se iba a quedar a atender en espec\u00edfico a los sonorenses. Pas\u00e9 por el lugar donde supuestamente iba a estar y veo nada m\u00e1s algunas oficinas donde uno puede pagar muchas cosas\u201d, precis\u00f3.<\/p>\n\n\n\n<p>Diversos l\u00edderes del sector social se\u00f1alaron que el 2023 fue un a\u00f1o complicado por los bajos precios del trigo y ma\u00edz, adem\u00e1s de que este 2024 consideran que el panorama continuar\u00e1 siendo con malos resultados, lo que afectar\u00e1 a un n\u00famero considerable de productores de esta regi\u00f3n.<\/p>\n\n\n\n<p><a href=\"https:\/\/www.expreso.com.mx\/noticias\/sonora\/sur-de-sonora-escucha-manlio-fabio-beltrones-a-productores\/199707\">https:\/\/www.expreso.com.mx\/noticias\/sonora\/sur-de-sonora-escucha-manlio-fabio-beltrones-a-productores\/199707<\/a><\/p>\n","protected":false},"excerpt":{"rendered":"<p>Tomado de Expreso.com S\u00e1bado 13 de enero del 2024 Con el fin de escuchar las problem\u00e1ticas que actualmente atraviesa el campo mexicano, el exgobernador Manlio Fabio Beltrones Rivera se reuni\u00f3 con &nbsp;productores del sector social del sur de Sonora, donde reconoci\u00f3 la importancia de que el gobierno les brinde apoyos para que se pueda continuar [&hellip;]<\/p>\n","protected":false},"author":1,"featured_media":4398,"comment_status":"open","ping_status":"open","sticky":false,"template":"","format":"standard","meta":{"content-type":"","footnotes":""},"categories":[115,105,9],"tags":[],"class_list":{"0":"post-4397","1":"post","2":"type-post","3":"status-publish","4":"format-standard","5":"has-post-thumbnail","7":"category-politica","8":"category-principal","9":"category-sonora"},"_links":{"self":[{"href":"https:\/\/www.regioncuatronoticias.com\/index.php\/wp-json\/wp\/v2\/posts\/4397","targetHints":{"allow":["GET"]}}],"collection":[{"href":"https:\/\/www.regioncuatronoticias.com\/index.php\/wp-json\/wp\/v2\/posts"}],"about":[{"href":"https:\/\/www.regioncuatronoticias.com\/index.php\/wp-json\/wp\/v2\/types\/post"}],"author":[{"embeddable":true,"href":"https:\/\/www.regioncuatronoticias.com\/index.php\/wp-json\/wp\/v2\/users\/1"}],"replies":[{"embeddable":true,"href":"https:\/\/www.regioncuatronoticias.com\/index.php\/wp-json\/wp\/v2\/comments?post=4397"}],"version-history":[{"count":1,"href":"https:\/\/www.regioncuatronoticias.com\/index.php\/wp-json\/wp\/v2\/posts\/4397\/revisions"}],"predecessor-version":[{"id":4399,"href":"https:\/\/www.regioncuatronoticias.com\/index.php\/wp-json\/wp\/v2\/posts\/4397\/revisions\/4399"}],"wp:featuredmedia":[{"embeddable":true,"href":"https:\/\/www.regioncuatronoticias.com\/index.php\/wp-json\/wp\/v2\/media\/4398"}],"wp:attachment":[{"href":"https:\/\/www.regioncuatronoticias.com\/index.php\/wp-json\/wp\/v2\/media?parent=4397"}],"wp:term":[{"taxonomy":"category","embeddable":true,"href":"https:\/\/www.regioncuatronoticias.com\/index.php\/wp-json\/wp\/v2\/categories?post=4397"},{"taxonomy":"post_tag","embeddable":true,"href":"https:\/\/www.regioncuatronoticias.com\/index.php\/wp-json\/wp\/v2\/tags?post=4397"}],"curies":[{"name":"wp","href":"https:\/\/api.w.org\/{rel}","templated":true}]}}