{"id":4332,"date":"2024-01-10T20:36:34","date_gmt":"2024-01-11T03:36:34","guid":{"rendered":"https:\/\/www.regioncuatronoticias.com\/?p=4332"},"modified":"2024-01-10T20:36:36","modified_gmt":"2024-01-11T03:36:36","slug":"fallece-sergio-garcia-ramirez-jurista-e-investigador-emerito-de-la-unam","status":"publish","type":"post","link":"https:\/\/www.regioncuatronoticias.com\/index.php\/2024\/01\/10\/fallece-sergio-garcia-ramirez-jurista-e-investigador-emerito-de-la-unam\/","title":{"rendered":"Fallece Sergio Garc\u00eda Ram\u00edrez, jurista e investigador em\u00e9rito de la UNAM"},"content":{"rendered":"\n<p>Sergio Garc\u00eda Ram\u00edrez falleci\u00f3 a los 85 a\u00f1os; fue recordado por la UNAM como &#8220;un notable jurista del M\u00e9xico contempor\u00e1neo&#8221;.&nbsp;&nbsp;&nbsp;<\/p>\n\n\n\n<p>Tomado de La Jornada<\/p>\n\n\n\n<p>Fernando Camacho Serv\u00edn<\/p>\n\n\n\n<p>10 de enero de 2024 16:43<\/p>\n\n\n\n<p>Ciudad de M\u00e9xico. Este mi\u00e9rcoles falleci\u00f3 a los 85 a\u00f1os de edad Sergio Garc\u00eda Ram\u00edrez, jurista e investigador em\u00e9rito jubilado de la Universidad Nacional Aut\u00f3noma de M\u00e9xico (UNAM), inform\u00f3 la m\u00e1xima casa de estudios.<\/p>\n\n\n\n<p>En su cuenta de X, la Universidad lament\u00f3 la muerte de Garc\u00eda Ram\u00edrez, a quien record\u00f3 como un \u201cnotable jurista del M\u00e9xico contempor\u00e1neo, muy distinguido universitario y profesor em\u00e9rito de la Facultad de Derecho de esta casa de estudios\u201d, y destac\u00f3 que \u201cse une a la pena que embarga a sus familiares y amigos\u201d.<\/p>\n\n\n\n<p>Algunos de los cargos m\u00e1s importantes desempe\u00f1ados por Garc\u00eda Ram\u00edrez fueron los de juez de la Corte Interamericana de Derechos Humanos (CIDH), organismo que presidi\u00f3 de 2004 a 2007, y consejero del Instituto Federal Electoral, de 2011 a 2013.<\/p>\n\n\n\n<p>De igual manera, fungi\u00f3 como director del Palacio de Lecumberri, procurador de Justicia del Distrito Federal (1970 &#8211; 1972); subsecretario de la Industria Paraestatal (1978- 1981); secretario del Trabajo en el gobierno de Jos\u00e9 L\u00f3pez Portillo; procurador general de la Rep\u00fablica en el de Miguel de la Madrid; y secretario general del PRI (2000-2001).<\/p>\n\n\n\n<p>Public\u00f3 decenas de libros sobre temas de justicia penal y derechos humanos y fue Investigador del Instituto de Investigaciones Jur\u00eddicas de la UNAM. Alcanz\u00f3 el nivel III del Sistema Nacional de Investigadores.<\/p>\n\n\n\n<p>Al conocerse el fallecimiento de Garc\u00eda Ram\u00edrez, diversas instituciones, pol\u00edticos y acad\u00e9micos manifestaron su pesar a trav\u00e9s de las redes sociales, entre ellas la CIDH; Olga S\u00e1nchez Cordero, ministra en retiro de la Suprema Corte de Justicia de la Naci\u00f3n, la Asociaci\u00f3n NAcional de Magistrados de Circuito y Jueces de Distrito del Poder Judicial de la Federaci\u00f3n, y la Academia Mexicana de Ciencias Penales.<\/p>\n\n\n\n<figure class=\"wp-block-embed\"><div class=\"wp-block-embed__wrapper\">\nhttps:\/\/www.jornada.com.mx\/noticia\/2024\/01\/10\/politica\/fallece-sergio-garcia-ramirez-jurista-e-investigador-emerito-de-la-unam-5047\n<\/div><\/figure>\n","protected":false},"excerpt":{"rendered":"<p>Sergio Garc\u00eda Ram\u00edrez falleci\u00f3 a los 85 a\u00f1os; fue recordado por la UNAM como &#8220;un notable jurista del M\u00e9xico contempor\u00e1neo&#8221;.&nbsp;&nbsp;&nbsp; Tomado de La Jornada Fernando Camacho Serv\u00edn 10 de enero de 2024 16:43 Ciudad de M\u00e9xico. Este mi\u00e9rcoles falleci\u00f3 a los 85 a\u00f1os de edad Sergio Garc\u00eda Ram\u00edrez, jurista e investigador em\u00e9rito jubilado de la [&hellip;]<\/p>\n","protected":false},"author":1,"featured_media":4333,"comment_status":"open","ping_status":"open","sticky":false,"template":"","format":"standard","meta":{"content-type":"","footnotes":""},"categories":[117,3,115],"tags":[],"class_list":{"0":"post-4332","1":"post","2":"type-post","3":"status-publish","4":"format-standard","5":"has-post-thumbnail","7":"category-general","8":"category-mexico","9":"category-politica"},"_links":{"self":[{"href":"https:\/\/www.regioncuatronoticias.com\/index.php\/wp-json\/wp\/v2\/posts\/4332","targetHints":{"allow":["GET"]}}],"collection":[{"href":"https:\/\/www.regioncuatronoticias.com\/index.php\/wp-json\/wp\/v2\/posts"}],"about":[{"href":"https:\/\/www.regioncuatronoticias.com\/index.php\/wp-json\/wp\/v2\/types\/post"}],"author":[{"embeddable":true,"href":"https:\/\/www.regioncuatronoticias.com\/index.php\/wp-json\/wp\/v2\/users\/1"}],"replies":[{"embeddable":true,"href":"https:\/\/www.regioncuatronoticias.com\/index.php\/wp-json\/wp\/v2\/comments?post=4332"}],"version-history":[{"count":1,"href":"https:\/\/www.regioncuatronoticias.com\/index.php\/wp-json\/wp\/v2\/posts\/4332\/revisions"}],"predecessor-version":[{"id":4334,"href":"https:\/\/www.regioncuatronoticias.com\/index.php\/wp-json\/wp\/v2\/posts\/4332\/revisions\/4334"}],"wp:featuredmedia":[{"embeddable":true,"href":"https:\/\/www.regioncuatronoticias.com\/index.php\/wp-json\/wp\/v2\/media\/4333"}],"wp:attachment":[{"href":"https:\/\/www.regioncuatronoticias.com\/index.php\/wp-json\/wp\/v2\/media?parent=4332"}],"wp:term":[{"taxonomy":"category","embeddable":true,"href":"https:\/\/www.regioncuatronoticias.com\/index.php\/wp-json\/wp\/v2\/categories?post=4332"},{"taxonomy":"post_tag","embeddable":true,"href":"https:\/\/www.regioncuatronoticias.com\/index.php\/wp-json\/wp\/v2\/tags?post=4332"}],"curies":[{"name":"wp","href":"https:\/\/api.w.org\/{rel}","templated":true}]}}