{"id":4296,"date":"2024-01-09T23:53:12","date_gmt":"2024-01-10T06:53:12","guid":{"rendered":"https:\/\/www.regioncuatronoticias.com\/?p=4296"},"modified":"2024-01-09T23:53:13","modified_gmt":"2024-01-10T06:53:13","slug":"clases-en-toda-la-entidad-para-este-miercoles-10-de-enero-sec-sonora","status":"publish","type":"post","link":"https:\/\/www.regioncuatronoticias.com\/index.php\/2024\/01\/09\/clases-en-toda-la-entidad-para-este-miercoles-10-de-enero-sec-sonora\/","title":{"rendered":"Clases en toda la entidad para este mi\u00e9rcoles 10 de enero: SEC Sonora"},"content":{"rendered":"\n<p>-Se trabajar\u00e1 con el horario escolar modificado<\/p>\n\n\n\n<p>Hermosillo, Sonora; 9 de enero de 2024.- Para este mi\u00e9rcoles 10 de enero, las clases en escuelas p\u00fablicas y particulares de educaci\u00f3n b\u00e1sica, de los 72 municipios sonorenses, se llevar\u00e1n a cabo con el horario escolar modificado, anunci\u00f3 Aar\u00f3n Grageda Bustamante.<\/p>\n\n\n\n<p>El titular de la Secretar\u00eda de Educaci\u00f3n y Cultura (SEC) del Gobierno de Sonora indic\u00f3 que la entrada a clases ser\u00e1 una hora m\u00e1s tarde en el turno matutino y saldr\u00e1n una hora m\u00e1s temprano en el turno vespertino.<\/p>\n\n\n\n<p>La medida aplica para alumnos, docentes y personal de apoyo a la educaci\u00f3n, de escuelas p\u00fablicas y particulares, e incluye a los 11 municipios del estado donde se suspendieron labores para el pasado martes 9 de enero.<\/p>\n\n\n\n<p>Grageda Bustamante a\u00f1adi\u00f3 que la dependencia forma parte del Comit\u00e9 de Operaci\u00f3n de Emergencias (COE), que encabezan la Secretar\u00eda de Gobierno y la Coordinaci\u00f3n Estatal de Protecci\u00f3n Civil (CEPC), con la participaci\u00f3n de los tres niveles de gobierno.<\/p>\n\n\n\n<p>Al respecto, reiter\u00f3 el llamado a la poblaci\u00f3n a estar atenta a cualquier informaci\u00f3n que se emita a trav\u00e9s de los medios oficiales, ya que el monitoreo de las condiciones meteorol\u00f3gicas es permanente y se pueden emitir avisos de \u00faltima hora para salvaguardar la integridad de la comunidad escolar.<\/p>\n","protected":false},"excerpt":{"rendered":"<p>-Se trabajar\u00e1 con el horario escolar modificado Hermosillo, Sonora; 9 de enero de 2024.- Para este mi\u00e9rcoles 10 de enero, las clases en escuelas p\u00fablicas y particulares de educaci\u00f3n b\u00e1sica, de los 72 municipios sonorenses, se llevar\u00e1n a cabo con el horario escolar modificado, anunci\u00f3 Aar\u00f3n Grageda Bustamante. El titular de la Secretar\u00eda de Educaci\u00f3n [&hellip;]<\/p>\n","protected":false},"author":1,"featured_media":4297,"comment_status":"open","ping_status":"open","sticky":false,"template":"","format":"standard","meta":{"content-type":"","footnotes":""},"categories":[117,105,9],"tags":[],"class_list":{"0":"post-4296","1":"post","2":"type-post","3":"status-publish","4":"format-standard","5":"has-post-thumbnail","7":"category-general","8":"category-principal","9":"category-sonora"},"_links":{"self":[{"href":"https:\/\/www.regioncuatronoticias.com\/index.php\/wp-json\/wp\/v2\/posts\/4296","targetHints":{"allow":["GET"]}}],"collection":[{"href":"https:\/\/www.regioncuatronoticias.com\/index.php\/wp-json\/wp\/v2\/posts"}],"about":[{"href":"https:\/\/www.regioncuatronoticias.com\/index.php\/wp-json\/wp\/v2\/types\/post"}],"author":[{"embeddable":true,"href":"https:\/\/www.regioncuatronoticias.com\/index.php\/wp-json\/wp\/v2\/users\/1"}],"replies":[{"embeddable":true,"href":"https:\/\/www.regioncuatronoticias.com\/index.php\/wp-json\/wp\/v2\/comments?post=4296"}],"version-history":[{"count":1,"href":"https:\/\/www.regioncuatronoticias.com\/index.php\/wp-json\/wp\/v2\/posts\/4296\/revisions"}],"predecessor-version":[{"id":4298,"href":"https:\/\/www.regioncuatronoticias.com\/index.php\/wp-json\/wp\/v2\/posts\/4296\/revisions\/4298"}],"wp:featuredmedia":[{"embeddable":true,"href":"https:\/\/www.regioncuatronoticias.com\/index.php\/wp-json\/wp\/v2\/media\/4297"}],"wp:attachment":[{"href":"https:\/\/www.regioncuatronoticias.com\/index.php\/wp-json\/wp\/v2\/media?parent=4296"}],"wp:term":[{"taxonomy":"category","embeddable":true,"href":"https:\/\/www.regioncuatronoticias.com\/index.php\/wp-json\/wp\/v2\/categories?post=4296"},{"taxonomy":"post_tag","embeddable":true,"href":"https:\/\/www.regioncuatronoticias.com\/index.php\/wp-json\/wp\/v2\/tags?post=4296"}],"curies":[{"name":"wp","href":"https:\/\/api.w.org\/{rel}","templated":true}]}}