{"id":4287,"date":"2024-01-09T23:29:13","date_gmt":"2024-01-10T06:29:13","guid":{"rendered":"https:\/\/www.regioncuatronoticias.com\/?p=4287"},"modified":"2024-01-09T23:29:15","modified_gmt":"2024-01-10T06:29:15","slug":"ecuador-entra-en-estado-de-emergencia-por-crisis-de-seguridad-rinas-en-carceles-y-fuga-de-un-capo","status":"publish","type":"post","link":"https:\/\/www.regioncuatronoticias.com\/index.php\/2024\/01\/09\/ecuador-entra-en-estado-de-emergencia-por-crisis-de-seguridad-rinas-en-carceles-y-fuga-de-un-capo\/","title":{"rendered":"Ecuador entra en estado de emergencia por crisis de seguridad, ri\u00f1as en c\u00e1rceles y fuga de un capo"},"content":{"rendered":"\n<p>El primer toque de queda del gobierno de Daniel Noboa en Ecuador llega tras una crisis en las c\u00e1rceles.<\/p>\n\n\n\n<p>Opositores acusan que el gobierno de Noboa ya le entreg\u00f3 la seguridad a los c\u00e1rteles en Ecuador<\/p>\n\n\n\n<p>Por AP<\/p>\n\n\n\n<p>Enero 09 de 2024<\/p>\n\n\n\n<p>El presidente de Ecuador, Daniel Noboa, decret\u00f3 estado de excepci\u00f3n en todo el pa\u00eds, incluidas las c\u00e1rceles, con un toque de queda en la noche e este lunes 8 de enero, casi un d\u00eda despu\u00e9s de que su gobierno confirmara la desaparici\u00f3n del capo del crimen organizado Adolfo Mac\u00edas, alias \u2018Fito\u2019, de una c\u00e1rcel de la ciudad de Guayaquil.<\/p>\n\n\n\n<p>En el decreto ejecutivo, el mandatario dispone la participaci\u00f3n de las fuerzas armadas ante la \u201cgrave conmoci\u00f3n interna\u201d y el ingreso de sus efectivos en los centros penitenciarios \u201cpara garantizar que no exista amenaza o afectaci\u00f3n grave a la integridad f\u00edsica\u201d de los presos.<\/p>\n\n\n\n<p>El estado de excepci\u00f3n estar\u00e1 vigente por 60 d\u00edas, y es el primero que decreta el presidente Noboa desde que asumi\u00f3 el cargo hace un mes y medio. En el gobierno anterior fue ampliamente utilizado por el expresidente Guillermo Lasso, que estuvo en el poder hasta finales de noviembre del a\u00f1o pasado.<\/p>\n\n\n\n<p>La disposici\u00f3n restringe derechos como de libre movilidad, con un toque de queda de 23:00 a 5:00 horas en todo el pa\u00eds; de reuni\u00f3n, de inviolabilidad de domicilio y de correspondencia.<\/p>\n\n\n\n<p>La decisi\u00f3n llega el mismo d\u00eda en que la fiscal\u00eda proces\u00f3 a dos guardias penitenciarios involucrados por la presunta fuga del peligroso l\u00edder del narcotr\u00e1fico, detectada momentos antes de que fuera trasladado a una prisi\u00f3n de m\u00e1xima seguridad, en un caso que le ha valido cr\u00edticas al gobierno de Ecuador por la falta de control en el sistema penitenciario y la inseguridad en el pa\u00eds.<\/p>\n\n\n\n<p>Noboa, en un breve mensaje en la red social Instagram, dijo que no va \u201ca negociar con terroristas\u201d, como ya mencion\u00f3 en campa\u00f1a, y que no descansar\u00e1 \u201chasta devolverle la paz a todos los ecuatorianos\u201d.<\/p>\n\n\n\n<p>Asever\u00f3 que hubo un tiempo en que los condenados por narcotr\u00e1fico y crimen organizado le \u201cdictaban al gobierno de turno qu\u00e9 hacer; lo que estamos viendo en las c\u00e1rceles del pa\u00eds es el resultado de enfrentarlos\u201d.<\/p>\n\n\n\n<p>La noche del domingo, la Polic\u00eda confirm\u00f3 que tras un operativo conjunto con militares desplegado por la madrugada los agentes reportaron la ausencia de \u2018Fito\u2019 en su celda, en la denominada c\u00e1rcel Regional, que es parte de un complejo de prisiones ubicado en las afueras de la ciudad de Guayaquil, a unos 270 kil\u00f3metros al suroeste de Quito.<\/p>\n\n\n\n<p>Ah\u00ed el capo cumpl\u00eda una condena de 34 a\u00f1os por narcotr\u00e1fico, crimen organizado y homicidio.<\/p>\n\n\n\n<p>Adem\u00e1s, el organismo penitenciario confirm\u00f3 que en las \u00faltimas horas se han registrado incidentes menores en diferentes algunas prisiones y la retenci\u00f3n de guardias penitenciarios de las provincias de El Oro, Loja, Chimborazo, Cotopaxi, Azuay y Pichincha, cuya capital es Quito.<\/p>\n\n\n\n<p>Ante estos hechos, la polic\u00eda y fuerzas armadas activaron protocolos de seguridad y trabajan para restablecer la normalidad. \u201cNo se han reportado heridos, ni actos que vulneren la seguridad entre los internos ni el personal penitenciario\u201d, a\u00f1adi\u00f3. No se dio a conocer el n\u00famero de guardias que siguen retenidos.<\/p>\n\n\n\n<p>Noboa argument\u00f3 despu\u00e9s que el gobierno ha emprendido acciones para \u201crecuperar el control de los centros de privaci\u00f3n de libertad que se ha perdido en los \u00faltimos a\u00f1os\u201d y, en respuesta, los grupos \u201cnarco terroristas pretenden amedrentarnos y creen que cederemos ante sus demandas\u201d. No detall\u00f3 a qu\u00e9 peticiones se refer\u00eda.<\/p>\n\n\n\n<p>El presidente a\u00f1adi\u00f3 que ha dispuesto a la polic\u00eda y a las fuerzas armadas que intervengan en el control de las c\u00e1rceles con el respaldo del estado de excepci\u00f3n para que \u201ctengan todo el respaldo pol\u00edtico y legal en su accionar\u201d e hizo un llamado a la ciudadan\u00eda a respaldarlos.<\/p>\n\n\n\n<p>Noboa no se refiri\u00f3 a la presunta fuga de un peligroso l\u00edder de organizaciones criminales, lo que es investigado por la Fiscal\u00eda, que procesa a dos guardias penitenciarios en torno al caso.<\/p>\n\n\n\n<p>De hecho, aunque se confirm\u00f3 su ausencia de la c\u00e1rcel, ninguna autoridad gubernamental ha hablado de \u201cfuga\u201d para referirse a la desaparici\u00f3n de Adolfo Mac\u00edas, alias \u2018Fito\u2019, considerado el l\u00edder de Los Choneros, una de las principales organizaciones del crimen organizado de Ecuador a la que las autoridades le atribuyen nexos con el C\u00e1rtel de Sinaloa.<\/p>\n\n\n\n<p>La \u201cno presencia\u201d del recluso en su celda, en palabras del comandante de la polic\u00eda, C\u00e9sar Zapata, fue detectada el domingo 7 de enero cuando iba a ser trasladado a la prisi\u00f3n de la Roca, de m\u00e1xima seguridad, en Guayaquil.<\/p>\n\n\n\n<p>Solo la Fiscal\u00eda hizo alusi\u00f3n a que se trataba de una \u201cfuga\u201d al informar que hab\u00eda procesado a dos funcionarios de la c\u00e1rcel por la presunta evasi\u00f3n, mientras Roberto Izurieta, secretario de Comunicaci\u00f3n del gobierno de Daniel Noboa, indic\u00f3 en una entrevista televisiva el lunes por la ma\u00f1ana que \u201clo m\u00e1s probable es que se filtr\u00f3 informaci\u00f3n\u201d, lo que provoc\u00f3 la presunta evasi\u00f3n de alias Fito.<\/p>\n\n\n\n<p>Izurieta tambi\u00e9n reconoci\u00f3 que el sistema carcelario ecuatoriano es un sistema \u201cfallido\u201d.<\/p>\n\n\n\n<p>La desaparici\u00f3n de \u2018Fito\u2019 de la c\u00e1rcel ha aumentado la presi\u00f3n contra el gobierno del presidente Noboa, que asumi\u00f3 el cargo hace un mes y medio y que gan\u00f3 la presidencia prometiendo resultados r\u00e1pidos en la lucha contra la inseguridad en Ecuador.<\/p>\n\n\n\n<p>El presidente tiene un mandato solo de un a\u00f1o y medio, al haber ganado las elecciones adelantadas que convoc\u00f3 el exmandatario Guillermo Lasso.<\/p>\n\n\n\n<p>El exministro de Interior, Jos\u00e9 Serrano, reproch\u00f3 que la presunta fuga del capo es una \u201cnegligencia estrepitosa\u201d del plan F\u00e9nix y del gobierno de Noboa, en alusi\u00f3n a su propuesta de seguridad de campa\u00f1a.<\/p>\n\n\n\n<p>Ecuador cerr\u00f3 el a\u00f1o con un nuevo r\u00e9cord de homicidios, por tercer a\u00f1o consecutivo, que lleg\u00f3 a casi 7 mil 600 muertes violentas. En 2022, esa cifra fue de 4 mil 600 y en 2021, algo m\u00e1s de 2 mil 100.<\/p>\n\n\n\n<p>\u201cLa autoridad no controla las c\u00e1rceles, por supuesto que no, est\u00e1 m\u00e1s que demostrado que las c\u00e1rceles est\u00e1n en manos de los criminales\u201c, indic\u00f3 el decano de la Escuela de Seguridad y Defensa del Instituto de Altos Estudios Nacionales, Daniel Pont\u00f3n.<\/p>\n\n\n\n<p>En el caso de que se confirme que se trata de una fuga, no ser\u00eda la primera vez que Mac\u00edas, de 44 a\u00f1os, evade la seguridad de una c\u00e1rcel ecuatoriana. En 2013, se escap\u00f3 junto a 17 reos desde la prisi\u00f3n de m\u00e1xima seguridad conocida como La Roca, donde permanec\u00eda recluido desde 2011 y a donde iba a ser trasladado la ma\u00f1ana del domingo.<\/p>\n\n\n\n<p>\u201cDesde all\u00ed (las prisiones) se controlan los contactos y las redes de extorsi\u00f3n y manipulaci\u00f3n del Estado, la polic\u00eda y la justicia, fiscal\u00eda\u201d, se\u00f1al\u00f3. Las c\u00e1rceles son un lugar de \u201cdespacho y reclutamiento de las bandas criminales que se expresan con claridad en las calles del pa\u00eds\u201d, agreg\u00f3 el decano Pont\u00f3n.<\/p>\n\n\n\n<p>El activista y pol\u00edtico del movimiento Gente Buena, Edwin Ortega, dijo que \u201ccon la fuga de alias Fito usted (refiri\u00e9ndose al mandatario) entrega oficialmente el Ecuador a las bandas\u201d.<\/p>\n\n\n\n<p>La banda de Los Choneros oper\u00f3 hasta 2020 bajo el mando de Jorge Luis Zambrano, alias \u2018Rasqui\u00f1a\u2019, cuyo asesinato desat\u00f3 una sangrienta guerra dentro y fuera de las c\u00e1rceles con otros grupos delictivos que buscaban ocupar su espacio de poder en el tr\u00e1fico internacional de drogas.<\/p>\n\n\n\n<p>Fito ha permanecido preso los \u00faltimos 12 a\u00f1os, aunque ello no le ha impedido seguir al mando de organizaciones criminales dedicadas al narcotr\u00e1fico, robo, extorsi\u00f3n, entre otros delitos, seg\u00fan las autoridades.<\/p>\n\n\n\n<p>Tiene 14 procesos judiciales, entre ellos por asesinato y delincuencia organizada, cuyas sentencias han sumado 34 a\u00f1os de c\u00e1rcel, la m\u00e1xima permitida por la ley en Ecuador.<\/p>\n\n\n\n<p><a href=\"https:\/\/www.elfinanciero.com.mx\/mundo\/2024\/01\/08\/ecuador-estado-de-emergencia-daniel-noboa-toque-de-queda-fuga-de-adolfo-macias-fito-rinas-en-la-carcel\/\">https:\/\/www.elfinanciero.com.mx\/mundo\/2024\/01\/08\/ecuador-estado-de-emergencia-daniel-noboa-toque-de-queda-fuga-de-adolfo-macias-fito-rinas-en-la-carcel\/<\/a><\/p>\n\n\n\n<p><\/p>\n\n\n\n<p><strong>CRISIS EN ECUADOR: \u00bfQU\u00c9 SE SABE DE LAS BANDAS QUE FUERON DECLARADAS TERRORISTAS?<\/strong><\/p>\n\n\n\n<p>-Daniel Noboa inform\u00f3 que el grupo que atac\u00f3 un canal de tv en Ecuador ser\u00e1 juzgado b ajo cargos de terrorismo.<\/p>\n\n\n\n<p>-\u00bfQu\u00e9 est\u00e1 pasando en Ecuador? En los \u00faltimos d\u00edas, se ha registrado una ola de violencia.<\/p>\n\n\n\n<p>Tomado de El Financiero<\/p>\n\n\n\n<p>Redacci\u00f3n<\/p>\n\n\n\n<p>Enero 09, 2024<\/p>\n\n\n\n<p>Ecuador ha tenido d\u00edas dif\u00edciles, luego de que el presidente Daniel Noboa impusiera un toque de queda en todo el pa\u00eds como parte de un Estado de &nbsp;emergencia declarado en medio de la persecuci\u00f3n de un notorio narcotraficante.<\/p>\n\n\n\n<p>Derivado de ello, se han registrado m\u00e1s de 30 actos de violencia, en menos de 24 horas, como explosiones, atentados y secuestros de polic\u00edas en el pa\u00eds.<\/p>\n\n\n\n<p>Destaca que el martes 9 de enero un grupo de encapuchados con armas largas y cortas irrumpi\u00f3 en el canal TC Televisi\u00f3n durante la transmisi\u00f3n en directo y mantuvieron a algunos empleados contra el piso.<\/p>\n\n\n\n<p>Adem\u00e1s, la fuga de dos reclusos que para nada podr\u00edan pasar desapercibidos: Fabricio Col\u00f3n Pico, capturado luego de que la fiscal general del Estado, Diana Salazar, denunciara un presunto plan para atentar en su contra.<\/p>\n\n\n\n<p>Tambi\u00e9n se inform\u00f3 sobre la \u201cpresunta evasi\u00f3n\u201d del recluso Jos\u00e9 Adolfo Mac\u00edas, alias \u2018Fito\u2019, considerado uno de los delincuentes m\u00e1s peligrosos del pa\u00eds.<\/p>\n\n\n\n<p>Horas m\u00e1s tarde, las autoridades ecuatorianas informaron que 13 personas fueron detenidas por el secuestro de personal de TC Televisi\u00f3n y que ser\u00e1n procesadas por terrorismo.<\/p>\n\n\n\n<p>La Fiscal\u00eda de Ecuador presentar\u00e1 los cargos en las pr\u00f3ximas horas mientras personal se encuentra trabajando en el lugar del ataque para obtener m\u00e1s pruebas.<\/p>\n\n\n\n<p>Adem\u00e1s, el mandatario del pa\u00eds declar\u00f3 estado de \u2018conflicto armado interno\u2019 en el pa\u00eds y orden\u00f3 la movilizaci\u00f3n de las Fuerzas Armadas para combatir a grupos de la delincuencia, declarados como terroristas por parte del Estado.<\/p>\n\n\n\n<p>\u00bfCu\u00e1les son las bandas declaradas como terroristas?<\/p>\n\n\n\n<p>Las bandas que fueron denominadas como terroristas mediante el decreto son: \u00c1guilas, \u00c1guilasKiller, Ak47, Caballeros Oscuros y ChoneKiller.<\/p>\n\n\n\n<p>Los \u00c1guilas son una organizaci\u00f3n delictiva relacionada con Los Choneros, narcotraficantes con importante presencia en Ecuador.<\/p>\n\n\n\n<p>El nombre de Las \u00c1guilas y su logo apareci\u00f3 por primera vez en 2021, en un mot\u00edn en una de las prisiones, seg\u00fan medios locales.<\/p>\n\n\n\n<p>En tanto, lo Ak47 son un grupo delictivo que opera en Puebloviejo y Pimocha. En 2021 se detuvo a dos de sus l\u00edderes Oliver \u2018M\u2019 y Fernando \u2018H\u2019.<\/p>\n\n\n\n<p>Los Chine Killers son el brazo armado de Los Choneros, narcotraficantes que est\u00e1n en guerra con Los Lobos y Los Tiguerones.<\/p>\n\n\n\n<p>Adem\u00e1s, se suman Los Choneros, Covicheros, Cuartel de las Feas, Cubanos, Fatales, G\u00e1nster, Kater Piler, Lagartos, Latin Kings y Lobos.<\/p>\n\n\n\n<p>Seg\u00fan prensa colombiana, el Cuartel de las Feas es el brazo armado de la agrupaci\u00f3n delictiva Los Lagartos. Son un grupo de mujeres que rentar armas y se dedican tambi\u00e9n a la venta de drogas.<\/p>\n\n\n\n<p>Tambi\u00e9n se ubic\u00f3 como grupos terroristas a Los p.27, Los Tiburones, Mafia 18, Mafia Tr\u00e9bol, Patrones, R7 y Tiguerones. Se detall\u00f3 que se seguir\u00e1n a\u00f1adiendo nombres a la lista de bandas terroristas.<\/p>\n\n\n\n<p>El jefe del Comando Conjunto de las Fuerzas Armadas de Ecuador, Jaime Vela, asegur\u00f3 este martes que no retroceder\u00e1n ni negociar\u00e1n con grupos que pretenden infundir terror en la poblaci\u00f3n.<\/p>\n\n\n\n<p>Con informaci\u00f3n de AP y EFE.<\/p>\n\n\n\n<p><a href=\"https:\/\/www.elfinanciero.com.mx\/mundo\/2024\/01\/09\/crisis-en-ecuador-que-se-sabe-de-las-bandas-que-fueron-declaradas-como-terroristas\/\">https:\/\/www.elfinanciero.com.mx\/mundo\/2024\/01\/09\/crisis-en-ecuador-que-se-sabe-de-las-bandas-que-fueron-declaradas-como-terroristas\/<\/a><\/p>\n","protected":false},"excerpt":{"rendered":"<p>El primer toque de queda del gobierno de Daniel Noboa en Ecuador llega tras una crisis en las c\u00e1rceles. Opositores acusan que el gobierno de Noboa ya le entreg\u00f3 la seguridad a los c\u00e1rteles en Ecuador Por AP Enero 09 de 2024 El presidente de Ecuador, Daniel Noboa, decret\u00f3 estado de excepci\u00f3n en todo el [&hellip;]<\/p>\n","protected":false},"author":1,"featured_media":4288,"comment_status":"open","ping_status":"open","sticky":false,"template":"","format":"standard","meta":{"content-type":"","footnotes":""},"categories":[7,115,105],"tags":[],"class_list":{"0":"post-4287","1":"post","2":"type-post","3":"status-publish","4":"format-standard","5":"has-post-thumbnail","7":"category-internacional","8":"category-politica","9":"category-principal"},"_links":{"self":[{"href":"https:\/\/www.regioncuatronoticias.com\/index.php\/wp-json\/wp\/v2\/posts\/4287","targetHints":{"allow":["GET"]}}],"collection":[{"href":"https:\/\/www.regioncuatronoticias.com\/index.php\/wp-json\/wp\/v2\/posts"}],"about":[{"href":"https:\/\/www.regioncuatronoticias.com\/index.php\/wp-json\/wp\/v2\/types\/post"}],"author":[{"embeddable":true,"href":"https:\/\/www.regioncuatronoticias.com\/index.php\/wp-json\/wp\/v2\/users\/1"}],"replies":[{"embeddable":true,"href":"https:\/\/www.regioncuatronoticias.com\/index.php\/wp-json\/wp\/v2\/comments?post=4287"}],"version-history":[{"count":1,"href":"https:\/\/www.regioncuatronoticias.com\/index.php\/wp-json\/wp\/v2\/posts\/4287\/revisions"}],"predecessor-version":[{"id":4289,"href":"https:\/\/www.regioncuatronoticias.com\/index.php\/wp-json\/wp\/v2\/posts\/4287\/revisions\/4289"}],"wp:featuredmedia":[{"embeddable":true,"href":"https:\/\/www.regioncuatronoticias.com\/index.php\/wp-json\/wp\/v2\/media\/4288"}],"wp:attachment":[{"href":"https:\/\/www.regioncuatronoticias.com\/index.php\/wp-json\/wp\/v2\/media?parent=4287"}],"wp:term":[{"taxonomy":"category","embeddable":true,"href":"https:\/\/www.regioncuatronoticias.com\/index.php\/wp-json\/wp\/v2\/categories?post=4287"},{"taxonomy":"post_tag","embeddable":true,"href":"https:\/\/www.regioncuatronoticias.com\/index.php\/wp-json\/wp\/v2\/tags?post=4287"}],"curies":[{"name":"wp","href":"https:\/\/api.w.org\/{rel}","templated":true}]}}