{"id":4275,"date":"2024-01-09T22:28:46","date_gmt":"2024-01-10T05:28:46","guid":{"rendered":"https:\/\/www.regioncuatronoticias.com\/?p=4275"},"modified":"2024-01-09T22:28:47","modified_gmt":"2024-01-10T05:28:47","slug":"se-disculpa-amlo-por-llamar-a-diputada-trans-hombre-vestido-de-mujer","status":"publish","type":"post","link":"https:\/\/www.regioncuatronoticias.com\/index.php\/2024\/01\/09\/se-disculpa-amlo-por-llamar-a-diputada-trans-hombre-vestido-de-mujer\/","title":{"rendered":"Se disculpa AMLO por llamar a diputada trans \u201chombre vestido de mujer\u201d"},"content":{"rendered":"\n<p>Tomado de La Jornada<\/p>\n\n\n\n<p>Emir Olivares y Alonso Urrutia<\/p>\n\n\n\n<p>Enero 9 de 2024<\/p>\n\n\n\n<p>Ciudad de M\u00e9xico. El presidente Andr\u00e9s Manuel L\u00f3pez Obrador abri\u00f3 su conferencia matutina de este martes pidiendo una disculpa p\u00fablica a la diputada trans Salma Lu\u00e9vano, luego que en la ma\u00f1anera de ayer se dirigiera a ella como \u201cun hombre vestido de mujer\u201d.<\/p>\n\n\n\n<p>Desde Palacio Nacional esta ma\u00f1ana, el mandatario federal dio sus disculpas a la diputada tras la pol\u00e9mica que se desat\u00f3 ayer, y coment\u00f3 que abri\u00f3 su nueva cuenta en la red Tik-Tok, desde donde ofreci\u00f3 la disculpa:<\/p>\n\n\n\n<p>\u201cQuiero iniciar en Tik-Tok ofreciendo una disculpa a una compa\u00f1era que se identifica como mujer y que yo ayer habl\u00e9 de que era un hombre vestida de mujer. Yo soy muy respetuoso y creo en la libertad\u201d, enfatiz\u00f3.<\/p>\n\n\n\n<p>El jefe del Ejecutivo asever\u00f3 que \u201cla gente debe de asumirse, cualquier persona como se identifique. Si opin\u00e9 sobre este tema, es porque considero que el amor no tiene sexo, est\u00e1 por encima de todo, es como la libertad. Entonces ofrecer una disculpa y enviarle un abrazo a esta compa\u00f1era\u201d.<\/p>\n\n\n\n<p>Con esto, el tabasque\u00f1o dijo que empez\u00f3 en Tik-Tok \u2014aunque en la cuenta ya sub\u00ed cuatro videos, el m\u00e1s antiguo tiene dos d\u00edas.<\/p>\n\n\n\n<p>Sobre su adherencia a esta red social, su cuenta es @presidenteamlo_, el mandatario se\u00f1al\u00f3: \u201cDar a conocer a todos, porque se transmite esta ma\u00f1anera, a veces subo videos en las redes, me comunico con muchos ciudadanos, muchas personas. Y no hab\u00eda podido estar presente en una red que la ven bastante los j\u00f3venes. Como no hablo yo de corrido y ah\u00ed son mensajes cortos, pues no hab\u00eda participado en esa red, que se conoce como Tik-Tok. Entonces, ya voy a estar en Tik-Tok\u201d.<\/p>\n\n\n\n<figure class=\"wp-block-embed\"><div class=\"wp-block-embed__wrapper\">\nhttps:\/\/www.jornada.com.mx\/noticia\/2024\/01\/09\/politica\/se-disculpa-amlo-por-llamar-a-diputada-trans-201chombre-vestido-de-mujer201d-2187\n<\/div><\/figure>\n","protected":false},"excerpt":{"rendered":"<p>Tomado de La Jornada Emir Olivares y Alonso Urrutia Enero 9 de 2024 Ciudad de M\u00e9xico. El presidente Andr\u00e9s Manuel L\u00f3pez Obrador abri\u00f3 su conferencia matutina de este martes pidiendo una disculpa p\u00fablica a la diputada trans Salma Lu\u00e9vano, luego que en la ma\u00f1anera de ayer se dirigiera a ella como \u201cun hombre vestido de [&hellip;]<\/p>\n","protected":false},"author":1,"featured_media":4276,"comment_status":"open","ping_status":"open","sticky":false,"template":"","format":"standard","meta":{"content-type":"","footnotes":""},"categories":[3,115,105],"tags":[],"class_list":{"0":"post-4275","1":"post","2":"type-post","3":"status-publish","4":"format-standard","5":"has-post-thumbnail","7":"category-mexico","8":"category-politica","9":"category-principal"},"_links":{"self":[{"href":"https:\/\/www.regioncuatronoticias.com\/index.php\/wp-json\/wp\/v2\/posts\/4275","targetHints":{"allow":["GET"]}}],"collection":[{"href":"https:\/\/www.regioncuatronoticias.com\/index.php\/wp-json\/wp\/v2\/posts"}],"about":[{"href":"https:\/\/www.regioncuatronoticias.com\/index.php\/wp-json\/wp\/v2\/types\/post"}],"author":[{"embeddable":true,"href":"https:\/\/www.regioncuatronoticias.com\/index.php\/wp-json\/wp\/v2\/users\/1"}],"replies":[{"embeddable":true,"href":"https:\/\/www.regioncuatronoticias.com\/index.php\/wp-json\/wp\/v2\/comments?post=4275"}],"version-history":[{"count":1,"href":"https:\/\/www.regioncuatronoticias.com\/index.php\/wp-json\/wp\/v2\/posts\/4275\/revisions"}],"predecessor-version":[{"id":4277,"href":"https:\/\/www.regioncuatronoticias.com\/index.php\/wp-json\/wp\/v2\/posts\/4275\/revisions\/4277"}],"wp:featuredmedia":[{"embeddable":true,"href":"https:\/\/www.regioncuatronoticias.com\/index.php\/wp-json\/wp\/v2\/media\/4276"}],"wp:attachment":[{"href":"https:\/\/www.regioncuatronoticias.com\/index.php\/wp-json\/wp\/v2\/media?parent=4275"}],"wp:term":[{"taxonomy":"category","embeddable":true,"href":"https:\/\/www.regioncuatronoticias.com\/index.php\/wp-json\/wp\/v2\/categories?post=4275"},{"taxonomy":"post_tag","embeddable":true,"href":"https:\/\/www.regioncuatronoticias.com\/index.php\/wp-json\/wp\/v2\/tags?post=4275"}],"curies":[{"name":"wp","href":"https:\/\/api.w.org\/{rel}","templated":true}]}}