{"id":4241,"date":"2024-01-08T21:57:17","date_gmt":"2024-01-09T04:57:17","guid":{"rendered":"https:\/\/www.regioncuatronoticias.com\/?p=4241"},"modified":"2024-01-08T21:57:19","modified_gmt":"2024-01-09T04:57:19","slug":"pri-expulsara-a-diputadas-que-votaron-a-favor-de-ratificacion-de-godoy","status":"publish","type":"post","link":"https:\/\/www.regioncuatronoticias.com\/index.php\/2024\/01\/08\/pri-expulsara-a-diputadas-que-votaron-a-favor-de-ratificacion-de-godoy\/","title":{"rendered":"PRI expulsar\u00e1 a diputadas que votaron a favor de ratificaci\u00f3n de Godoy"},"content":{"rendered":"\n<p>El PRI abrir\u00e1 un proceso de expulsi\u00f3n contra Wesley Jim\u00e9nez y M\u00f3nica Fern\u00e1ndez despu\u00e9s de que votaran a favor de la ratificaci\u00f3n de Ernestina Godoy<\/p>\n\n\n\n<p>Tomado de L\u00f3pez D\u00f3riga Digital<\/p>\n\n\n\n<p>Enero 8 de 2024<\/p>\n\n\n\n<p>La dirigencia nacional del Partido Revolucionario Institucional (PRI) abrir\u00e1 ante la Comisi\u00f3n de Justicia Partidaria&nbsp; el proceso de expulsi\u00f3n de las diputadas locales Wesley Jim\u00e9nez y M\u00f3nica Fern\u00e1ndez despu\u00e9s de que votaran a favor de la ratificaci\u00f3n de la fiscal Ernestina Godoy.<\/p>\n\n\n\n<p>La bancada priista vot\u00f3 contra la ratificaci\u00f3n de Ernestina Godoy como fiscal general de la Ciudad de M\u00e9xico durante la sesi\u00f3n realizada este 8 de enero.<\/p>\n\n\n\n<p>Ernesto Alarc\u00f3n Jim\u00e9nez, coordinador de la bancada del Grupo Parlamentario del PRI en el Congreso de la Ciudad de M\u00e9xico, reconoci\u00f3 que a pesar de tener un acuerdo, las dos legisladoras cambiaron el sentido de su voto.<\/p>\n\n\n\n<p>Si bien se hab\u00eda comprometido a votar en contra, la diputada M\u00f3nica Fern\u00e1ndez apoy\u00f3 la ratificaci\u00f3n, al igual que la suplente de Wendy Chantal Jim\u00e9nez, Wesley Jim\u00e9nez.<\/p>\n\n\n\n<p>El Congreso de la Ciudad de M\u00e9xico rechaz\u00f3 la ratificaci\u00f3n de Ernestina Godoy como fiscal general de Justicia.<\/p>\n\n\n\n<p>Con una votaci\u00f3n de 41 votos a favor, 25 en contra y 0 abstenciones se rechaz\u00f3 el dictamen de la Comisi\u00f3n de Administraci\u00f3n y Procuraci\u00f3n de Justicia.<\/p>\n\n\n\n<p>Minutos despu\u00e9s de las 10:00 h fue declarado formalmente instalado el primer Periodo Extraordinario de Sesiones, que dio paso a la sesi\u00f3n para abordar la ratificaci\u00f3n.<\/p>\n\n\n\n<p>El PAN y PRI adelantaron su voto en contra. Posteriormente se les uni\u00f3 Movimiento Ciudadano.<\/p>\n\n\n\n<p>Con informaci\u00f3n de L\u00f3pez-D\u00f3riga Digital<\/p>\n\n\n\n<figure class=\"wp-block-embed is-type-wp-embed is-provider-l-pez-d-riga-digital wp-block-embed-l-pez-d-riga-digital\"><div class=\"wp-block-embed__wrapper\">\n<blockquote class=\"wp-embedded-content\" data-secret=\"7s9FblavrQ\"><a href=\"https:\/\/lopezdoriga.com\/nacional\/pri-abrira-expulsara-a-diputadas-que-votaron-a-favor-de-ratificacion-de-godoy\/\">PRI expulsar\u00e1 a diputadas que votaron a favor de ratificaci\u00f3n de Godoy<\/a><\/blockquote><iframe loading=\"lazy\" class=\"wp-embedded-content\" sandbox=\"allow-scripts\" security=\"restricted\" style=\"position: absolute; clip: rect(1px, 1px, 1px, 1px);\" title=\"&#8220;PRI expulsar\u00e1 a diputadas que votaron a favor de ratificaci\u00f3n de Godoy&#8221; &#8212; L\u00f3pez-D\u00f3riga Digital\" src=\"https:\/\/lopezdoriga.com\/nacional\/pri-abrira-expulsara-a-diputadas-que-votaron-a-favor-de-ratificacion-de-godoy\/embed\/#?secret=RjstW4I0VG#?secret=7s9FblavrQ\" data-secret=\"7s9FblavrQ\" width=\"600\" height=\"338\" frameborder=\"0\" marginwidth=\"0\" marginheight=\"0\" scrolling=\"no\"><\/iframe>\n<\/div><\/figure>\n","protected":false},"excerpt":{"rendered":"<p>El PRI abrir\u00e1 un proceso de expulsi\u00f3n contra Wesley Jim\u00e9nez y M\u00f3nica Fern\u00e1ndez despu\u00e9s de que votaran a favor de la ratificaci\u00f3n de Ernestina Godoy Tomado de L\u00f3pez D\u00f3riga Digital Enero 8 de 2024 La dirigencia nacional del Partido Revolucionario Institucional (PRI) abrir\u00e1 ante la Comisi\u00f3n de Justicia Partidaria&nbsp; el proceso de expulsi\u00f3n de las [&hellip;]<\/p>\n","protected":false},"author":1,"featured_media":4242,"comment_status":"open","ping_status":"open","sticky":false,"template":"","format":"standard","meta":{"content-type":"","footnotes":""},"categories":[117,115],"tags":[],"class_list":{"0":"post-4241","1":"post","2":"type-post","3":"status-publish","4":"format-standard","5":"has-post-thumbnail","7":"category-general","8":"category-politica"},"_links":{"self":[{"href":"https:\/\/www.regioncuatronoticias.com\/index.php\/wp-json\/wp\/v2\/posts\/4241","targetHints":{"allow":["GET"]}}],"collection":[{"href":"https:\/\/www.regioncuatronoticias.com\/index.php\/wp-json\/wp\/v2\/posts"}],"about":[{"href":"https:\/\/www.regioncuatronoticias.com\/index.php\/wp-json\/wp\/v2\/types\/post"}],"author":[{"embeddable":true,"href":"https:\/\/www.regioncuatronoticias.com\/index.php\/wp-json\/wp\/v2\/users\/1"}],"replies":[{"embeddable":true,"href":"https:\/\/www.regioncuatronoticias.com\/index.php\/wp-json\/wp\/v2\/comments?post=4241"}],"version-history":[{"count":1,"href":"https:\/\/www.regioncuatronoticias.com\/index.php\/wp-json\/wp\/v2\/posts\/4241\/revisions"}],"predecessor-version":[{"id":4243,"href":"https:\/\/www.regioncuatronoticias.com\/index.php\/wp-json\/wp\/v2\/posts\/4241\/revisions\/4243"}],"wp:featuredmedia":[{"embeddable":true,"href":"https:\/\/www.regioncuatronoticias.com\/index.php\/wp-json\/wp\/v2\/media\/4242"}],"wp:attachment":[{"href":"https:\/\/www.regioncuatronoticias.com\/index.php\/wp-json\/wp\/v2\/media?parent=4241"}],"wp:term":[{"taxonomy":"category","embeddable":true,"href":"https:\/\/www.regioncuatronoticias.com\/index.php\/wp-json\/wp\/v2\/categories?post=4241"},{"taxonomy":"post_tag","embeddable":true,"href":"https:\/\/www.regioncuatronoticias.com\/index.php\/wp-json\/wp\/v2\/tags?post=4241"}],"curies":[{"name":"wp","href":"https:\/\/api.w.org\/{rel}","templated":true}]}}