{"id":4207,"date":"2024-01-08T01:33:13","date_gmt":"2024-01-08T08:33:13","guid":{"rendered":"https:\/\/www.regioncuatronoticias.com\/?p=4207"},"modified":"2024-01-08T01:33:14","modified_gmt":"2024-01-08T08:33:14","slug":"respalda-sheinbaum-iniciativa-de-amlo-de-aumento-al-salario-minimo","status":"publish","type":"post","link":"https:\/\/www.regioncuatronoticias.com\/index.php\/2024\/01\/08\/respalda-sheinbaum-iniciativa-de-amlo-de-aumento-al-salario-minimo\/","title":{"rendered":"Respalda Sheinbaum iniciativa de AMLO de aumento al salario m\u00ednimo"},"content":{"rendered":"\n<p>La precandidata Claudia Sheinbaum respald\u00f3 la iniciativa del presidente para mantener los aumentos al salario m\u00ednimo. Foto Javier Salinas<\/p>\n\n\n\n<p>Tomado de La Jornada&nbsp;&nbsp;<\/p>\n\n\n\n<p>Javier Salinas Ces\u00e1reo, corresponsal<\/p>\n\n\n\n<p>07 de enero de 2024<\/p>\n\n\n\n<p>Huixquilucan, M\u00e9x.- Claudia Sheinbaum Pardo, precandidata \u00fanica a la Presidencia por Morena, PT y el PVEM, afirm\u00f3 que est\u00e1 \u201ctotalmente de acuerdo\u201d con la iniciativa de ley que va enviar el presidente, Andr\u00e9s Manuel L\u00f3pez Obrador para que el salario m\u00ednimo aumente y nunca est\u00e9 por debajo de la inflaci\u00f3n.<\/p>\n\n\n\n<p>Sostuvo que con esta iniciativa y todos los programas y obras que ha realizado L\u00f3pez Obrador demuestra que es el mejor presidente que ha tenido el pa\u00eds.<\/p>\n\n\n\n<p>\u201cM\u00e9xico ha cambiado mucho en cinco a\u00f1os, tan solo el d\u00eda de hoy el presidente en R\u00edo Blanco en Veracruz dio una noticia que estamos totalmente de acuerdo de hecho la hab\u00edamos estado diciendo en distintos lugares, va enviar una iniciativa para que el aumento al salario m\u00ednimo nunca est\u00e9 por debajo de la inflaci\u00f3n y para que se recuperen las pensiones de los trabajadores y trabajadoras de nuestro pa\u00eds\u201d.<\/p>\n\n\n\n<p>\u201cAhora que llegue el segundo piso de la transformaci\u00f3n primero vamos a mantener los programas sociales y garantizar que siempre est\u00e9n por encima de la inflaci\u00f3n. Vamos a garantizar que el salario m\u00ednimo est\u00e9 por encima de la inflaci\u00f3n siempre\u201d, dijo.<\/p>\n\n\n\n<p>Al encabezar una asamblea con militantes de Huixquilucan, Claudia Sheinbaum sostuvo que este a\u00f1o el pueblo de M\u00e9xico tiene que tomar una decisi\u00f3n y la decisi\u00f3n es si se contin\u00faa con la transformaci\u00f3n de la vida p\u00fablica o M\u00e9xico regresa al pasado de corrupci\u00f3n y privilegios.<\/p>\n\n\n\n<p>\u00bfQue dice Huixquilucan; transformaci\u00f3n o corrupci\u00f3n?, pregunt\u00f3 a los asistentes y pidi\u00f3 levantar la mano a los que quieren seguir con la transformaci\u00f3n. La respuesta de los militantes fue un\u00e1nime de votar por continuar con la transformaci\u00f3n. \u201cAs\u00ed est\u00e1 el grito en todo el pa\u00eds\u201d, expres\u00f3.<\/p>\n\n\n\n<p>En el acto estuvo la gobernadora del estado de M\u00e9xico, Delfina G\u00f3mez \u00c1lvarez, aunque entre el p\u00fablico y no en el templete; as\u00ed como el presidente nacional de Morena, Mario Delgado Carillo; el coordinador de Enlace con Organizaciones Sociales, Gerardo Fern\u00e1ndez Noro\u00f1a; los precandidatos a Senadores de la Rep\u00fablica, Mariela Guti\u00e9rrez Escalante y Higinio Mart\u00ednez Miranda.<\/p>\n\n\n\n<p>Durante su discurso, la precandidata \u00fanica Sheinbaum Pardo hizo un recuento de las obras y los programas emprendidos por L\u00f3pez Obrador como el programa insignia de la pensi\u00f3n de adultos mayores a m\u00e1s de 13 millones de personas y la escuela es nuestra que surgi\u00f3 en la Ciudad de M\u00e9xico cuando fue jefa de gobierno, de los cuales afirm\u00f3 que los va mantener y tendr\u00e1n recursos para que siempre que est\u00e9 por encima de la inflaci\u00f3n.<\/p>\n\n\n\n<p>\u201cLa pensi\u00f3n universal nunca va quedar por debajo de la inflaci\u00f3n, la vamos a seguir aumentando para que siempre est\u00e9 por encima de la inflaci\u00f3n y tengan los adultos mayores su poder adquisitivo\u201d.<\/p>\n\n\n\n<p>Tambi\u00e9n, destac\u00f3 la edificaci\u00f3n de la mega farmacia en Huehuetoca y la implementaci\u00f3n del programa IMSS bienestar que prometi\u00f3 consolidarlo \u201cporque el acceso a la salud es un derecho, vamos a hacer que todas las cl\u00ednicas y hospitales tengan los m\u00e9dicos suficientes y medicinas gratuitas para todos\u201d.<\/p>\n\n\n\n<p>\u201c\u00bfC\u00f3mo le hizo el presidente para hacer tanta cosa?\u2026 erradic\u00f3 la corrupci\u00f3n y los privilegios del gobierno y alcanzan los recursos p\u00fablicos para destinarlos al pueblo de M\u00e9xico, esa es la cuarta transformaci\u00f3n\u201d.<\/p>\n\n\n\n<p>Ante cientos de militantes, Sheinbaum Pardo apunt\u00f3 que Huixquilucan es como imagen del neoliberalismo porque hay una desigualdad tremenda; \u201caqu\u00ed viven los m\u00e1s ricos y se olvidaron de los m\u00e1s pobres y de los pueblos originarios. Y por eso tiene que haber justicia para Huixquilucan y entre todos tenemos que ganar Huixquilucan para 2024 y consolidar la cuarta transformaci\u00f3n\u201d.<\/p>\n\n\n\n<p>Tambi\u00e9n, se refiri\u00f3 a las pr\u00f3ximas encuestas se realizar\u00e1n en el estado de M\u00e9xico para elegir precandidatos por Morena a las alcald\u00edas y diputados locales. Manifest\u00f3 que habr\u00e1 democracia y que los resultados se van a respetar, pero llam\u00f3 a los militantes y precandidatos a mantener la unidad independiente del resultado de las encuestas.<\/p>\n\n\n\n<p>Antes en Toluca, la precandidata \u00fanica a la Presidencia por Morena, PT y el PVEM sostuvo un encuentro nacional con el magisterio, donde expres\u00f3 que en M\u00e9xico la educaci\u00f3n p\u00fablica es la mejor de las educaciones gracias a la gran labor de los maestros y maestras.<\/p>\n\n\n\n<p>Consider\u00f3 que la Cuarta Transformaci\u00f3n defiende como ning\u00fan otro modelo a la educaci\u00f3n p\u00fablica, contrario a lo que suced\u00eda en el per\u00edodo neoliberal. \u2018\u2019Minimizaron al Magisterio Nacional, se acab\u00f3 ese periodo del neoliberalismo en donde todo lo p\u00fablico parec\u00eda que lo quer\u00edan desaparecer, valoraron la educaci\u00f3n particular como si fuera mejor que la educaci\u00f3n p\u00fablica, es falso, la educaci\u00f3n p\u00fablica es la mejor de todas las educaciones en nuestro pa\u00eds gracias a los maestros y maestras de M\u00e9xico\u2019\u2019.<\/p>\n\n\n\n<p>Por lo anterior, destac\u00f3 que con la 4T qued\u00f3 demostrado que los estudiantes, los profesores y profesoras de M\u00e9xico son una prioridad, esto con programas como la beca para j\u00f3venes que estudian en preparatoria y particularmente con la basificaci\u00f3n de m\u00e1s de un mill\u00f3n de maestros y maestras.<\/p>\n\n\n\n<figure class=\"wp-block-embed\"><div class=\"wp-block-embed__wrapper\">\nhttps:\/\/www.jornada.com.mx\/noticia\/2024\/01\/07\/politica\/respalda-sheinbaum-iniciativa-de-amlo-de-aumento-al-salario-minimo-8397\n<\/div><\/figure>\n","protected":false},"excerpt":{"rendered":"<p>La precandidata Claudia Sheinbaum respald\u00f3 la iniciativa del presidente para mantener los aumentos al salario m\u00ednimo. Foto Javier Salinas Tomado de La Jornada&nbsp;&nbsp; Javier Salinas Ces\u00e1reo, corresponsal 07 de enero de 2024 Huixquilucan, M\u00e9x.- Claudia Sheinbaum Pardo, precandidata \u00fanica a la Presidencia por Morena, PT y el PVEM, afirm\u00f3 que est\u00e1 \u201ctotalmente de acuerdo\u201d con [&hellip;]<\/p>\n","protected":false},"author":1,"featured_media":4208,"comment_status":"open","ping_status":"open","sticky":false,"template":"","format":"standard","meta":{"content-type":"","footnotes":""},"categories":[117,3,115,105],"tags":[],"class_list":{"0":"post-4207","1":"post","2":"type-post","3":"status-publish","4":"format-standard","5":"has-post-thumbnail","7":"category-general","8":"category-mexico","9":"category-politica","10":"category-principal"},"_links":{"self":[{"href":"https:\/\/www.regioncuatronoticias.com\/index.php\/wp-json\/wp\/v2\/posts\/4207","targetHints":{"allow":["GET"]}}],"collection":[{"href":"https:\/\/www.regioncuatronoticias.com\/index.php\/wp-json\/wp\/v2\/posts"}],"about":[{"href":"https:\/\/www.regioncuatronoticias.com\/index.php\/wp-json\/wp\/v2\/types\/post"}],"author":[{"embeddable":true,"href":"https:\/\/www.regioncuatronoticias.com\/index.php\/wp-json\/wp\/v2\/users\/1"}],"replies":[{"embeddable":true,"href":"https:\/\/www.regioncuatronoticias.com\/index.php\/wp-json\/wp\/v2\/comments?post=4207"}],"version-history":[{"count":1,"href":"https:\/\/www.regioncuatronoticias.com\/index.php\/wp-json\/wp\/v2\/posts\/4207\/revisions"}],"predecessor-version":[{"id":4209,"href":"https:\/\/www.regioncuatronoticias.com\/index.php\/wp-json\/wp\/v2\/posts\/4207\/revisions\/4209"}],"wp:featuredmedia":[{"embeddable":true,"href":"https:\/\/www.regioncuatronoticias.com\/index.php\/wp-json\/wp\/v2\/media\/4208"}],"wp:attachment":[{"href":"https:\/\/www.regioncuatronoticias.com\/index.php\/wp-json\/wp\/v2\/media?parent=4207"}],"wp:term":[{"taxonomy":"category","embeddable":true,"href":"https:\/\/www.regioncuatronoticias.com\/index.php\/wp-json\/wp\/v2\/categories?post=4207"},{"taxonomy":"post_tag","embeddable":true,"href":"https:\/\/www.regioncuatronoticias.com\/index.php\/wp-json\/wp\/v2\/tags?post=4207"}],"curies":[{"name":"wp","href":"https:\/\/api.w.org\/{rel}","templated":true}]}}