{"id":4198,"date":"2024-01-08T01:19:39","date_gmt":"2024-01-08T08:19:39","guid":{"rendered":"https:\/\/www.regioncuatronoticias.com\/?p=4198"},"modified":"2024-01-08T01:19:40","modified_gmt":"2024-01-08T08:19:40","slug":"la-gobernadora-no-aparece-y-la-candidata-de-morena-no-abre-la-boca-critica-xochitl-galvez-tras-hechos-violentos-en-guerrero","status":"publish","type":"post","link":"https:\/\/www.regioncuatronoticias.com\/index.php\/2024\/01\/08\/la-gobernadora-no-aparece-y-la-candidata-de-morena-no-abre-la-boca-critica-xochitl-galvez-tras-hechos-violentos-en-guerrero\/","title":{"rendered":"\u201cLa gobernadora no aparece y la candidata de Morena no abre la boca\u201d, critica X\u00f3chitl G\u00e1lvez tras hechos violentos en Guerrero"},"content":{"rendered":"\n<p>Latinus<\/p>\n\n\n\n<p>Enero 7, 2024<\/p>\n\n\n\n<p>Foto: X\u00f3chitl G\u00e1lvez, X<\/p>\n\n\n\n<p>Por Arturo Cerda<\/p>\n\n\n\n<p>Hidalgo.- X\u00f3chitl G\u00e1lvez, precandidata presidencial de la alianza \u201cFuerza y Coraz\u00f3n por M\u00e9xico\u201d, reproch\u00f3 que su eventual contrincante, la morenista Claudia Sheinbaum, no tome una postura ante la ola de cr\u00edmenes en ese estado, y en otras partes del pa\u00eds.<\/p>\n\n\n\n<p>Entrevistada al t\u00e9rmino de un encuentro con militantes del Partido Revolucionario Institucional (PRI), Partido Acci\u00f3n Nacional (PAN) y Partido de la Revoluci\u00f3n Democr\u00e1tica (PRD), resalt\u00f3 que fueron al menos 10 personas asesinadas en los hechos violentos de la comunidad de Buenavista de los Hurtado y en un palenque del municipio de Petatl\u00e1n.<\/p>\n\n\n\n<p>\u201cVean lo que pas\u00f3 en Guerrero en dos d\u00edas, Guerrero est\u00e1 incendiado y la gobernadora (Evelyn Salgado) no aparece y la candidata de Morena (Claudia Sheinbaum) no abre la boca. Est\u00e1 bien que sea obediente, pero no tanto (\u2026) lo que m\u00e1s lamento es que la candidata morenista guarde silencio\u201d, asever\u00f3.<\/p>\n\n\n\n<p>\u201cElla simplemente sostiene que estamos bien, que la gente est\u00e1 requete contenta, que M\u00e9xico va a seguir con la Cuarta Transformaci\u00f3n, cuando lo que vemos es un ba\u00f1o de sangre. L\u00e1stima, porque yo pens\u00e9 que era una mujer con m\u00e1s agallas\u201c, se\u00f1al\u00f3.<\/p>\n\n\n\n<p>De gira por su estado natal, la aspirante presidencial acus\u00f3 que en Hidalgo, gobernado por Julio Menchaca, tambi\u00e9n de Morena, pasa por una situaci\u00f3n similar y las autoridades parecen rebasadas.<\/p>\n\n\n\n<p>\u201cSin lugar a dudas, est\u00e1 ganando la delincuencia en todo el pa\u00eds y en Hidalgo, especialmente. Este homicidio de la chica trans en Ixmiquilpan me parece inaceptable. Hoy aparecen nuevamente cad\u00e1veres por varias partes del estado y el gobernador en la Luna, con todo respeto, no tienen las agallas para enfrentar a los delincuentes, han dejado que el \u201chuachicol\u201d haga de las suyas en Hidalgo\u201d, asegur\u00f3.<\/p>\n\n\n\n<p>G\u00e1lvez Ru\u00edz alert\u00f3 sobre la posibilidad de que el crimen organizado vaya a financiar campa\u00f1as en el actual proceso electoral.<\/p>\n\n\n\n<p>\u201cClaro que le van a entrar, no hay duda, van a ser parte de\u201d, afirm\u00f3.<\/p>\n\n\n\n<p>Sobre la detenci\u00f3n de Tonatuih Gonz\u00e1lez, secretario general adjunto del Comit\u00e9 Ejecutivo Nacional del PRI, en la Ciudad de M\u00e9xico, la precandidata presidencial de la oposici\u00f3n acus\u00f3 que es una acci\u00f3n para presionar a ese partido a votar en el Congreso local en favor de la ratificaci\u00f3n de Ernestina Godoy como fiscal capitalina.<\/p>\n\n\n\n<p>Consider\u00f3 sospechoso que las autoridades retomen un caso de presunta trata de mujeres con fines de explotaci\u00f3n sexual.<\/p>\n\n\n\n<p>\u201cLo que suena extra\u00f1o es que el caso de Cuauht\u00e9moc tiene m\u00ednimo tres a\u00f1os, cuatro a\u00f1os y justo cuando tienen que nombrar o ratificar a la fiscal, como no tienen los votos, su manera es presionar a la oposici\u00f3n. O sea, esa detenci\u00f3n tiene que ver con doblar al PRI para que le d\u00e9 votos a la ratificaci\u00f3n de la fiscal\u00eda\u201d, resalt\u00f3.<\/p>\n\n\n\n<p>En su discurso en una cancha techada de la colonia Cubitos, de la ciudad de Pachuca, ante unas 400 personas, reclam\u00f3 al mandatario estatal por la desaparici\u00f3n de los consejos municipales.<\/p>\n\n\n\n<p>Sigue leyendo: El pa\u00eds merece un gobierno que no evada su responsabilidad en seguridad: X\u00f3chitl G\u00e1lvez<\/p>\n\n\n\n<p>Expres\u00f3 su temor de que esa determinaci\u00f3n influya en el desarrollo de las pr\u00f3ximas votaciones.<\/p>\n\n\n\n<p>\u201cMe preocupa porque es una manera de robarse la elecci\u00f3n, por eso vamos a tener que estar bien alertas. Ya no hay consejos municipales y qui\u00e9n conoce Hidalgo sabe que las localidades est\u00e1n muy lejos de las cabeceras distritales, por eso era importante contar los votos en los municipios. Eso no me huele bien, se\u00f1or gobernador\u201d, reclam\u00f3.<\/p>\n\n\n\n<figure class=\"wp-block-embed is-type-wp-embed is-provider-latin-us wp-block-embed-latin-us\"><div class=\"wp-block-embed__wrapper\">\n<blockquote class=\"wp-embedded-content\" data-secret=\"FoAKcZhouV\"><a href=\"https:\/\/latinus.us\/2024\/01\/07\/xochitl-galvez-critica-claudia-sheinbaum-silencio-ante-violencia-pais\/\">&#8220;La gobernadora no aparece y la candidata de Morena no abre la boca&#8221;, critica X\u00f3chitl G\u00e1lvez tras hechos violentos en Guerrero<\/a><\/blockquote><iframe loading=\"lazy\" class=\"wp-embedded-content\" sandbox=\"allow-scripts\" security=\"restricted\" style=\"position: absolute; clip: rect(1px, 1px, 1px, 1px);\" title=\"&#8220;&#8220;La gobernadora no aparece y la candidata de Morena no abre la boca&#8221;, critica X\u00f3chitl G\u00e1lvez tras hechos violentos en Guerrero&#8221; &#8212; Latin US\" src=\"https:\/\/latinus.us\/2024\/01\/07\/xochitl-galvez-critica-claudia-sheinbaum-silencio-ante-violencia-pais\/embed\/#?secret=cS6GhMUSds#?secret=FoAKcZhouV\" data-secret=\"FoAKcZhouV\" width=\"600\" height=\"338\" frameborder=\"0\" marginwidth=\"0\" marginheight=\"0\" scrolling=\"no\"><\/iframe>\n<\/div><\/figure>\n","protected":false},"excerpt":{"rendered":"<p>Latinus Enero 7, 2024 Foto: X\u00f3chitl G\u00e1lvez, X Por Arturo Cerda Hidalgo.- X\u00f3chitl G\u00e1lvez, precandidata presidencial de la alianza \u201cFuerza y Coraz\u00f3n por M\u00e9xico\u201d, reproch\u00f3 que su eventual contrincante, la morenista Claudia Sheinbaum, no tome una postura ante la ola de cr\u00edmenes en ese estado, y en otras partes del pa\u00eds. Entrevistada al t\u00e9rmino de [&hellip;]<\/p>\n","protected":false},"author":1,"featured_media":4199,"comment_status":"open","ping_status":"open","sticky":false,"template":"","format":"standard","meta":{"content-type":"","footnotes":""},"categories":[3,115,105],"tags":[],"class_list":{"0":"post-4198","1":"post","2":"type-post","3":"status-publish","4":"format-standard","5":"has-post-thumbnail","7":"category-mexico","8":"category-politica","9":"category-principal"},"_links":{"self":[{"href":"https:\/\/www.regioncuatronoticias.com\/index.php\/wp-json\/wp\/v2\/posts\/4198","targetHints":{"allow":["GET"]}}],"collection":[{"href":"https:\/\/www.regioncuatronoticias.com\/index.php\/wp-json\/wp\/v2\/posts"}],"about":[{"href":"https:\/\/www.regioncuatronoticias.com\/index.php\/wp-json\/wp\/v2\/types\/post"}],"author":[{"embeddable":true,"href":"https:\/\/www.regioncuatronoticias.com\/index.php\/wp-json\/wp\/v2\/users\/1"}],"replies":[{"embeddable":true,"href":"https:\/\/www.regioncuatronoticias.com\/index.php\/wp-json\/wp\/v2\/comments?post=4198"}],"version-history":[{"count":1,"href":"https:\/\/www.regioncuatronoticias.com\/index.php\/wp-json\/wp\/v2\/posts\/4198\/revisions"}],"predecessor-version":[{"id":4200,"href":"https:\/\/www.regioncuatronoticias.com\/index.php\/wp-json\/wp\/v2\/posts\/4198\/revisions\/4200"}],"wp:featuredmedia":[{"embeddable":true,"href":"https:\/\/www.regioncuatronoticias.com\/index.php\/wp-json\/wp\/v2\/media\/4199"}],"wp:attachment":[{"href":"https:\/\/www.regioncuatronoticias.com\/index.php\/wp-json\/wp\/v2\/media?parent=4198"}],"wp:term":[{"taxonomy":"category","embeddable":true,"href":"https:\/\/www.regioncuatronoticias.com\/index.php\/wp-json\/wp\/v2\/categories?post=4198"},{"taxonomy":"post_tag","embeddable":true,"href":"https:\/\/www.regioncuatronoticias.com\/index.php\/wp-json\/wp\/v2\/tags?post=4198"}],"curies":[{"name":"wp","href":"https:\/\/api.w.org\/{rel}","templated":true}]}}