{"id":4175,"date":"2024-01-05T23:04:23","date_gmt":"2024-01-06T06:04:23","guid":{"rendered":"https:\/\/www.regioncuatronoticias.com\/?p=4175"},"modified":"2024-01-05T23:04:24","modified_gmt":"2024-01-06T06:04:24","slug":"aicm-reducira-operaciones-por-hora-a-partir-del-8-de-enero","status":"publish","type":"post","link":"https:\/\/www.regioncuatronoticias.com\/index.php\/2024\/01\/05\/aicm-reducira-operaciones-por-hora-a-partir-del-8-de-enero\/","title":{"rendered":"AICM reducir\u00e1 operaciones por hora a partir del 8 de enero"},"content":{"rendered":"\n<p>Tomado de El Economista<\/p>\n\n\n\n<p>Viernes 05 de Enero de 2024 &#8211; 15:28<\/p>\n\n\n\n<p>La citada reducci\u00f3n tambi\u00e9n se aplicar\u00e1 para la pr\u00f3xima temporada de verano.<\/p>\n\n\n\n<p>El Aeropuerto Internacional de la Ciudad de M\u00e9xico (AICM) aplicar\u00e1 la reducci\u00f3n de operaciones por hora, pasando de 52 a 43, a partir del lunes 8 de enero.<\/p>\n\n\n\n<p>A trav\u00e9s de sus redes oficiales, el AICM explic\u00f3 que esta medida se hab\u00eda aplazado \u201ca solicitud de la Semar-AICM ante el C. Presidente de la Rep\u00fablica\u201d, para minimizar las afectaciones que representa tanto a los pasajeros, como a las l\u00edneas a\u00e9reas para la temporada invernal que inici\u00f3 desde el 29 de octubre de 2023.<\/p>\n\n\n\n<p>Detall\u00f3 que la decisi\u00f3n se concluy\u00f3 tras un complejo y complicado proceso en la asignaci\u00f3n de horarios de aterrizaje y despegue (slots).<\/p>\n\n\n\n<p>\u201cCulminando con la reducci\u00f3n proporcional de un total de 9,413 horarios\u201d, refiri\u00f3 el AICM en un comunicado.<\/p>\n\n\n\n<figure class=\"wp-block-embed\"><div class=\"wp-block-embed__wrapper\">\nhttps:\/\/www.eleconomista.com.mx\/empresas\/AICM-reducira-operaciones-por-hora-a-partir-del-8-de-enero-20240105-0044.html\n<\/div><\/figure>\n","protected":false},"excerpt":{"rendered":"<p>Tomado de El Economista Viernes 05 de Enero de 2024 &#8211; 15:28 La citada reducci\u00f3n tambi\u00e9n se aplicar\u00e1 para la pr\u00f3xima temporada de verano. El Aeropuerto Internacional de la Ciudad de M\u00e9xico (AICM) aplicar\u00e1 la reducci\u00f3n de operaciones por hora, pasando de 52 a 43, a partir del lunes 8 de enero. A trav\u00e9s de [&hellip;]<\/p>\n","protected":false},"author":1,"featured_media":4176,"comment_status":"open","ping_status":"open","sticky":false,"template":"","format":"standard","meta":{"content-type":"","footnotes":""},"categories":[114,117,3],"tags":[],"class_list":{"0":"post-4175","1":"post","2":"type-post","3":"status-publish","4":"format-standard","5":"has-post-thumbnail","7":"category-economia","8":"category-general","9":"category-mexico"},"_links":{"self":[{"href":"https:\/\/www.regioncuatronoticias.com\/index.php\/wp-json\/wp\/v2\/posts\/4175","targetHints":{"allow":["GET"]}}],"collection":[{"href":"https:\/\/www.regioncuatronoticias.com\/index.php\/wp-json\/wp\/v2\/posts"}],"about":[{"href":"https:\/\/www.regioncuatronoticias.com\/index.php\/wp-json\/wp\/v2\/types\/post"}],"author":[{"embeddable":true,"href":"https:\/\/www.regioncuatronoticias.com\/index.php\/wp-json\/wp\/v2\/users\/1"}],"replies":[{"embeddable":true,"href":"https:\/\/www.regioncuatronoticias.com\/index.php\/wp-json\/wp\/v2\/comments?post=4175"}],"version-history":[{"count":1,"href":"https:\/\/www.regioncuatronoticias.com\/index.php\/wp-json\/wp\/v2\/posts\/4175\/revisions"}],"predecessor-version":[{"id":4177,"href":"https:\/\/www.regioncuatronoticias.com\/index.php\/wp-json\/wp\/v2\/posts\/4175\/revisions\/4177"}],"wp:featuredmedia":[{"embeddable":true,"href":"https:\/\/www.regioncuatronoticias.com\/index.php\/wp-json\/wp\/v2\/media\/4176"}],"wp:attachment":[{"href":"https:\/\/www.regioncuatronoticias.com\/index.php\/wp-json\/wp\/v2\/media?parent=4175"}],"wp:term":[{"taxonomy":"category","embeddable":true,"href":"https:\/\/www.regioncuatronoticias.com\/index.php\/wp-json\/wp\/v2\/categories?post=4175"},{"taxonomy":"post_tag","embeddable":true,"href":"https:\/\/www.regioncuatronoticias.com\/index.php\/wp-json\/wp\/v2\/tags?post=4175"}],"curies":[{"name":"wp","href":"https:\/\/api.w.org\/{rel}","templated":true}]}}