{"id":4172,"date":"2024-01-05T23:01:03","date_gmt":"2024-01-06T06:01:03","guid":{"rendered":"https:\/\/www.regioncuatronoticias.com\/?p=4172"},"modified":"2024-01-05T23:01:05","modified_gmt":"2024-01-06T06:01:05","slug":"muere-el-empresario-carlos-bremer","status":"publish","type":"post","link":"https:\/\/www.regioncuatronoticias.com\/index.php\/2024\/01\/05\/muere-el-empresario-carlos-bremer\/","title":{"rendered":"Muere el empresario Carlos Bremer"},"content":{"rendered":"\n<p>Desde el pasado martes 2 de enero el empresario de 63 a\u00f1os fue hospitalizado luego de que sufriera un desvanecimiento en Nuevo Le\u00f3n.<\/p>\n\n\n\n<p>Redacci\u00f3n AN \/ ES<\/p>\n\n\n\n<p>Enero 5 de 2024<\/p>\n\n\n\n<p>Muere el empresario Carlos Bremer<\/p>\n\n\n\n<p>El empresario Carlos Bremer muri\u00f3 a los 63 a\u00f1os este viernes a causa de complicaciones de la salud.<\/p>\n\n\n\n<p>Desde el pasado martes, el magnate estaba hospitalizado, luego de que sufriera un desvanecimiento en sus oficinas de Nuevo Le\u00f3n.<\/p>\n\n\n\n<p>Apenas el pasado jueves Value Grupo Financiero inform\u00f3 a la Bolsa Mexicana de Valores que el presidente y director general de la compa\u00f1\u00eda estaba hospitalizado en un nosocomio ubicado en la zona metropolitana de Monterrey, donde estaba bajo observaci\u00f3n, supervisi\u00f3n y tratamiento de su cuerpo m\u00e9dico.<\/p>\n\n\n\n<p>Algunos medios nacionales reportaron en d\u00edas pasados que posiblemente Carlos Bremer sufri\u00f3 un preinfarto.<\/p>\n\n\n\n<p>La Confederaci\u00f3n de C\u00e1maras Industriales de M\u00e9xico (Concamin) lament\u00f3 el fallecimiento del empresario.<\/p>\n\n\n\n<p>Carlos Bremer fue un empresario que impuls\u00f3 a deportistas mexicanos y alcanz\u00f3 popularidad luego de participar en el reality show Shark Tank M\u00e9xico.<\/p>\n\n\n\n<p>Amigos y cercanos dan condolencias a familiares<\/p>\n\n\n\n<p>A trav\u00e9s de redes sociales la ex legisladora y empresaria Patricia Armend\u00e1riz lament\u00f3 el fallecido de su amigo con quien trabaj\u00f3 en el programa de emprendimiento y negocios.<\/p>\n\n\n\n<p>\u201cAcabo de perder un hermano verdadero. M\u00e9xico perdi\u00f3 a un benefactor imparable de los j\u00f3venes deportistas. En mi coraz\u00f3n querido\u201d.<\/p>\n\n\n\n<p>&nbsp;Otro empresario con quien apareci\u00f3 en Shark Tank, Arturo El\u00edas Ayub, al igual se mostr\u00f3 \u201cmuy triste\u201d por el fallecimiento de su amigo. \u201cVamos a extra\u00f1ar tu simpat\u00eda y alegr\u00eda\u201d.<\/p>\n\n\n\n<p>Asimismo, Claudia Sheinbaum, precandidata a la presidencia por Morena, tambi\u00e9n expres\u00f3 el p\u00e9same a los familiares del fallecido empresario.<\/p>\n\n\n\n<p>\u201cLa \u00faltima vez que lo vi, fue en un evento en Nuevo Le\u00f3n, donde firm\u00f3 su adhesi\u00f3n a seguir colaborando con la transformaci\u00f3n de M\u00e9xico\u201d, rememor\u00f3 Sheinbaum Pardo en redes sociales.<\/p>\n\n\n\n<p>Por su parte, el gobernador de Nuevo Le\u00f3n, Samuel Garc\u00eda, dijo que Bremer \u201cfue un gran hombre, un ser humano excepcional (\u2026) Su legado es grande y su nombre qued\u00f3 grabado en el coraz\u00f3n de miles de personas\u201d.<\/p>\n\n\n\n<p>A su vez, el senador Manuel Velasco calific\u00f3 de amigo entra\u00f1able a Bremer, \u201cun gran ser humano, empresario con compromiso social y mexicano que luch\u00f3 con pasi\u00f3n por un mejor pa\u00eds\u201d.<\/p>\n\n\n\n<p>Recientemente Carlos Bremer fue cuestionado sobre la reforma que busca reducir de 48 a 40 las horas laborales en M\u00e9xico, iniciativa que el empresario estuvo de acuerdo a su implementaci\u00f3n, para que el grueso de trabajadores mexicanos &nbsp;dedicara m\u00e1s tiempo a su familia.<\/p>\n\n\n\n<p>Qui\u00e9n es Carlos Bremer<\/p>\n\n\n\n<p>Carlos Bremer, quien compr\u00f3 la casa de Zhenli Ye Gon, es un contador, empresario y fil\u00e1ntropo regiomontano, nacido en 1960, que adem\u00e1s de dirigir un grupo financiero en M\u00e9xico, apoya a decenas de j\u00f3venes deportistas y emprendedores a cumplir sus sue\u00f1os.<\/p>\n\n\n\n<p>Bremer, quien naci\u00f3 en Monterrey, Nuevo Le\u00f3n, estudi\u00f3 Contadur\u00eda en el Instituto Tecnol\u00f3gico de Estudios Superiores de Monterrey; a los 19 a\u00f1os, el empresario ingres\u00f3 a la casa de bolsa del grupo Banpa\u00eds y en 1985 particip\u00f3 en la fundaci\u00f3n de \u00c1baco Casa de Bolsa.<\/p>\n\n\n\n<p>En 1993, Carlos Bremer se asoci\u00f3 con Javier Ben\u00edtez G\u00f3mez para capitalizar a Value Grupo Financiero, una sociedad completamente mexicana que opera diversas empresas en el sector financiero, principalmente una casa de bolsa.<\/p>\n\n\n\n<p>Este grupo financiero es l\u00edder en sectores de intermediaci\u00f3n burs\u00e1til, operaci\u00f3n de fondos, gerencia de inversiones y arrendamiento, con una amplia gama de servicios que incluyen corporaciones, gobiernos e inversionistas particulares.<\/p>\n\n\n\n<p>Carlos Bremer era un apasionado de la responsabilidad social vinculada al deporte, en donde cuenta con una larga lista de deportistas a quienes apoy\u00f3, como al beisbolista Adri\u00e1n Gonz\u00e1lez, a los boxeadores Sa\u00fal Canelo \u00c1lvarez y Juan Manuel M\u00e1rquez, as\u00ed como atletas que llegaron a Juegos Ol\u00edmpicos.<\/p>\n\n\n\n<p>Adem\u00e1s, fue un activo contribuidor de organismos como la Clinton Foundation, del expresidente de Estados Unidos Bill Clinton, e incluso figur\u00f3 en su Consejo de 2002 a 2017, en donde conoci\u00f3 a Susy Buffett, la hija del magnate Warren Buffett, lo que le llev\u00f3 a incursionar en la industria cinematogr\u00e1fica.<\/p>\n\n\n\n<figure class=\"wp-block-embed\"><div class=\"wp-block-embed__wrapper\">\nhttps:\/\/aristeguinoticias.com\/0501\/dinero-y-economia\/muere-el-empresario-carlos-bremer\/\n<\/div><\/figure>\n","protected":false},"excerpt":{"rendered":"<p>Desde el pasado martes 2 de enero el empresario de 63 a\u00f1os fue hospitalizado luego de que sufriera un desvanecimiento en Nuevo Le\u00f3n. Redacci\u00f3n AN \/ ES Enero 5 de 2024 Muere el empresario Carlos Bremer El empresario Carlos Bremer muri\u00f3 a los 63 a\u00f1os este viernes a causa de complicaciones de la salud. Desde [&hellip;]<\/p>\n","protected":false},"author":1,"featured_media":4173,"comment_status":"open","ping_status":"open","sticky":false,"template":"","format":"standard","meta":{"content-type":"","footnotes":""},"categories":[117,2,105],"tags":[],"class_list":{"0":"post-4172","1":"post","2":"type-post","3":"status-publish","4":"format-standard","5":"has-post-thumbnail","7":"category-general","8":"category-negocios","9":"category-principal"},"_links":{"self":[{"href":"https:\/\/www.regioncuatronoticias.com\/index.php\/wp-json\/wp\/v2\/posts\/4172","targetHints":{"allow":["GET"]}}],"collection":[{"href":"https:\/\/www.regioncuatronoticias.com\/index.php\/wp-json\/wp\/v2\/posts"}],"about":[{"href":"https:\/\/www.regioncuatronoticias.com\/index.php\/wp-json\/wp\/v2\/types\/post"}],"author":[{"embeddable":true,"href":"https:\/\/www.regioncuatronoticias.com\/index.php\/wp-json\/wp\/v2\/users\/1"}],"replies":[{"embeddable":true,"href":"https:\/\/www.regioncuatronoticias.com\/index.php\/wp-json\/wp\/v2\/comments?post=4172"}],"version-history":[{"count":1,"href":"https:\/\/www.regioncuatronoticias.com\/index.php\/wp-json\/wp\/v2\/posts\/4172\/revisions"}],"predecessor-version":[{"id":4174,"href":"https:\/\/www.regioncuatronoticias.com\/index.php\/wp-json\/wp\/v2\/posts\/4172\/revisions\/4174"}],"wp:featuredmedia":[{"embeddable":true,"href":"https:\/\/www.regioncuatronoticias.com\/index.php\/wp-json\/wp\/v2\/media\/4173"}],"wp:attachment":[{"href":"https:\/\/www.regioncuatronoticias.com\/index.php\/wp-json\/wp\/v2\/media?parent=4172"}],"wp:term":[{"taxonomy":"category","embeddable":true,"href":"https:\/\/www.regioncuatronoticias.com\/index.php\/wp-json\/wp\/v2\/categories?post=4172"},{"taxonomy":"post_tag","embeddable":true,"href":"https:\/\/www.regioncuatronoticias.com\/index.php\/wp-json\/wp\/v2\/tags?post=4172"}],"curies":[{"name":"wp","href":"https:\/\/api.w.org\/{rel}","templated":true}]}}