{"id":4157,"date":"2024-01-04T23:47:20","date_gmt":"2024-01-05T06:47:20","guid":{"rendered":"https:\/\/www.regioncuatronoticias.com\/?p=4157"},"modified":"2024-01-04T23:47:24","modified_gmt":"2024-01-05T06:47:24","slug":"dia-nacional-del-periodista-mexico-el-segundo-lugar-mas-letal-en-2023","status":"publish","type":"post","link":"https:\/\/www.regioncuatronoticias.com\/index.php\/2024\/01\/04\/dia-nacional-del-periodista-mexico-el-segundo-lugar-mas-letal-en-2023\/","title":{"rendered":"D\u00eda Nacional del Periodista: M\u00e9xico, el segundo lugar m\u00e1s letal en 2023"},"content":{"rendered":"\n<p>El a\u00f1o 2023 fue el m\u00e1s letal de la \u00faltima d\u00e9cada para los profesionales de los medios con un aumento interanual de m\u00e1s del 20 % con respecto a los datos de 2022.<\/p>\n\n\n\n<p>Tomado de Aristegui Noticias<\/p>\n\n\n\n<p>Redacci\u00f3n AN \/ ARF<\/p>\n\n\n\n<p>Enero 4 de 2024<\/p>\n\n\n\n<p>Cada 4 de enero en M\u00e9xico, se conmemora el D\u00eda Nacional del Periodista, el cual coincide con el aniversario luctuoso de Manuel Caballero, considerado como el padre del periodismo moderno.<\/p>\n\n\n\n<p>Caballero fue un periodista y escritor, quien muri\u00f3 el 4 de enero de 1926 en la Ciudad de M\u00e9xico. Naci\u00f3 en Tequila, Jalisco, en 1849, revolucion\u00f3 su gremio en el pa\u00eds en la \u00e9poca del Porfiriato, considerado el padre del arte de reportear.<\/p>\n\n\n\n<p>Su trabajo suscit\u00f3 grandes pol\u00e9micas en el mundo period\u00edstico y cultural en M\u00e9xico, y estuvo ampliamente vinculado a la modernidad pol\u00edtica y econ\u00f3mica de su momento.<\/p>\n\n\n\n<p>Su labor period\u00edstica a finales del siglo XIX se enfoc\u00f3 en la cr\u00edtica pol\u00edtica y econ\u00f3mica. En sus textos reflej\u00f3 su esp\u00edritu liberal defendiendo el federalismo, la soberan\u00eda popular y la no intervenci\u00f3n eclesi\u00e1stica en asuntos de estado, Su obra prolifer\u00f3 durante los gobiernos de Lerdo de Tejada y Porfirio D\u00edaz. Adem\u00e1s, introdujo en los diarios nacionales el sensacionalismo, y fund\u00f3 peri\u00f3dicos como \u201cEl Noticioso\u201d, \u201cEl Mercurio Occidental\u201d y \u201cLa Gaceta Electoral\u201d.<\/p>\n\n\n\n<p>Hist\u00f3ricamente las personas periodistas han sufrido amenazas, homicidios e intimidaci\u00f3n por su labor profesional e investigaciones en torno a temas de inter\u00e9s nacional, y por tanto, en 2012 se cre\u00f3 e implement\u00f3 el Mecanismo de Protecci\u00f3n para Personas Defensoras de Derechos Humanos y Periodistas, el cual, actualmente, protege a 496 periodistas de las cuales 137 son mujeres y 359 son hombres.<\/p>\n\n\n\n<p>Como consecuencia de las terribles violaciones a derechos humanos de los periodistas en M\u00e9xico, en 1991 se cre\u00f3, dentro de la Comisi\u00f3n Nacional de los Derechos Humanos (CNDH), el Programa Especial de Periodistas para conocer presuntas violaciones de derechos humanos en agravio de comunicadoras(es) de distintos medios informativos. En 1993 el programa se hizo permanente. En 1995 el Consejo de la CNDH ampli\u00f3 sus funciones e incluy\u00f3 los casos de defensores civiles.<\/p>\n\n\n\n<p>2023: 140 periodistas asesinados<\/p>\n\n\n\n<p>El a\u00f1o 2023 fue el m\u00e1s letal de la \u00faltima d\u00e9cada para los profesionales de los medios, seg\u00fan el informe anual de la ONG Campa\u00f1a Emblema de Prensa (PEC), que registr\u00f3 al menos 140 muertes violentas de reporteros en 28 pa\u00edses.<\/p>\n\n\n\n<p>Esta cifra supone un aumento interanual de m\u00e1s del 20 % con respecto a los datos de 2022, cuando se contabilizaron 116 periodistas asesinados.<\/p>\n\n\n\n<p>Seg\u00fan los datos de PEC, la Franja de Gaza ha sido la regi\u00f3n con m\u00e1s asesinatos de profesionales de los medios en todo el mundo, con 81 muertos desde el comienzo de la ofensiva entre Israel y el grupo islamista Ham\u00e1s el pasado 7 de octubre hasta el final del a\u00f1o pasado.<\/p>\n\n\n\n<p>El informe advierte que se trata del mayor n\u00famero de v\u00edctimas entre los medios de comunicaci\u00f3n durante un conflicto en tan poco tiempo, con casi un periodista muerto por d\u00eda en los \u00faltimos tres meses de 2023.<\/p>\n\n\n\n<p>El presidente de PEC, Blaise Lempen, record\u00f3 que es \u201cdif\u00edcil\u201d verificar si estos periodistas, muchos de ellos palestinos que trabajaban en medios locales y extranjeros, fueron atacados intencionalmente debido a su profesi\u00f3n o si murieron en ataques indiscriminados de Israel contra civiles.<\/p>\n\n\n\n<p>En este sentido, la ONG inst\u00f3 a la ONU a iniciar una investigaci\u00f3n independiente para averiguar las circunstancias exactas en las que han muerto los periodistas en Gaza, ya que \u201clos responsables de estos cr\u00edmenes deben comparecer ante la justicia lo antes posible\u201d.<\/p>\n\n\n\n<p>En algunas regiones de Am\u00e9rica Latina la situaci\u00f3n tampoco mejor\u00f3, como M\u00e9xico, que fue el segundo lugar del mundo m\u00e1s letal para los periodistas en 2023 con un total de nueve reporteros asesinados.<\/p>\n\n\n\n<p>Con cinco asesinatos, Guatemala fue el tercer pa\u00eds del mundo con m\u00e1s v\u00edctimas de esta lacra.<\/p>\n\n\n\n<p>Otros pa\u00edses destacados en el informe de PEC de 2023 fueron Ucrania, donde la guerra dej\u00f3 un total de cuatro periodistas asesinados, e Israel, con cuatro muertes durante los ataques de Ham\u00e1s del 7 de octubre.<\/p>\n\n\n\n<p>Por regiones, Oriente Medio ocup\u00f3 el primer lugar con un 64 % de las muertes registradas en 2023, dos tercios de las v\u00edctimas, seguido de Am\u00e9rica Latina con 20 muertes; Asia, con 12; \u00c1frica, con 11; Europa, con cuatro; y Am\u00e9rica del Norte, con tres.<\/p>\n\n\n\n<p>(Con informaci\u00f3n de EFE, Gobierno de M\u00e9xico y CNDH M\u00e9xico)<\/p>\n\n\n\n<figure class=\"wp-block-embed\"><div class=\"wp-block-embed__wrapper\">\nhttps:\/\/aristeguinoticias.com\/0401\/mexico\/dia-nacional-del-periodista-mexico-el-segundo-lugar-mas-letal-en-2023\/\n<\/div><\/figure>\n","protected":false},"excerpt":{"rendered":"<p>El a\u00f1o 2023 fue el m\u00e1s letal de la \u00faltima d\u00e9cada para los profesionales de los medios con un aumento interanual de m\u00e1s del 20 % con respecto a los datos de 2022. Tomado de Aristegui Noticias Redacci\u00f3n AN \/ ARF Enero 4 de 2024 Cada 4 de enero en M\u00e9xico, se conmemora el D\u00eda [&hellip;]<\/p>\n","protected":false},"author":1,"featured_media":4158,"comment_status":"open","ping_status":"open","sticky":false,"template":"","format":"standard","meta":{"content-type":"","footnotes":""},"categories":[117,3,115,105],"tags":[],"class_list":{"0":"post-4157","1":"post","2":"type-post","3":"status-publish","4":"format-standard","5":"has-post-thumbnail","7":"category-general","8":"category-mexico","9":"category-politica","10":"category-principal"},"_links":{"self":[{"href":"https:\/\/www.regioncuatronoticias.com\/index.php\/wp-json\/wp\/v2\/posts\/4157","targetHints":{"allow":["GET"]}}],"collection":[{"href":"https:\/\/www.regioncuatronoticias.com\/index.php\/wp-json\/wp\/v2\/posts"}],"about":[{"href":"https:\/\/www.regioncuatronoticias.com\/index.php\/wp-json\/wp\/v2\/types\/post"}],"author":[{"embeddable":true,"href":"https:\/\/www.regioncuatronoticias.com\/index.php\/wp-json\/wp\/v2\/users\/1"}],"replies":[{"embeddable":true,"href":"https:\/\/www.regioncuatronoticias.com\/index.php\/wp-json\/wp\/v2\/comments?post=4157"}],"version-history":[{"count":1,"href":"https:\/\/www.regioncuatronoticias.com\/index.php\/wp-json\/wp\/v2\/posts\/4157\/revisions"}],"predecessor-version":[{"id":4159,"href":"https:\/\/www.regioncuatronoticias.com\/index.php\/wp-json\/wp\/v2\/posts\/4157\/revisions\/4159"}],"wp:featuredmedia":[{"embeddable":true,"href":"https:\/\/www.regioncuatronoticias.com\/index.php\/wp-json\/wp\/v2\/media\/4158"}],"wp:attachment":[{"href":"https:\/\/www.regioncuatronoticias.com\/index.php\/wp-json\/wp\/v2\/media?parent=4157"}],"wp:term":[{"taxonomy":"category","embeddable":true,"href":"https:\/\/www.regioncuatronoticias.com\/index.php\/wp-json\/wp\/v2\/categories?post=4157"},{"taxonomy":"post_tag","embeddable":true,"href":"https:\/\/www.regioncuatronoticias.com\/index.php\/wp-json\/wp\/v2\/tags?post=4157"}],"curies":[{"name":"wp","href":"https:\/\/api.w.org\/{rel}","templated":true}]}}