{"id":4154,"date":"2024-01-04T21:38:08","date_gmt":"2024-01-05T04:38:08","guid":{"rendered":"https:\/\/www.regioncuatronoticias.com\/?p=4154"},"modified":"2024-01-04T21:38:10","modified_gmt":"2024-01-05T04:38:10","slug":"saldo-de-sismo-en-japon-sube-a-92-muertos-y-242-desaparecidos","status":"publish","type":"post","link":"https:\/\/www.regioncuatronoticias.com\/index.php\/2024\/01\/04\/saldo-de-sismo-en-japon-sube-a-92-muertos-y-242-desaparecidos\/","title":{"rendered":"Saldo de sismo en Jap\u00f3n sube a 92 muertos y 242 desaparecidos"},"content":{"rendered":"\n<p>Las esperanzas de encontrar m\u00e1s sobrevivientes se desvanecieron, a m\u00e1s de 72 horas del violento terremoto. Foto Ap<\/p>\n\n\n\n<p>Tomado de La Jornada&nbsp;<\/p>\n\n\n\n<p>Enero 4 de 2024<\/p>\n\n\n\n<p>Jap\u00f3n. El saldo de muertos por el terremoto en el centro de Jap\u00f3n subi\u00f3 el viernes a 92 y el n\u00famero de personas desaparecidas aument\u00f3 a 242, informaron el viernes las autoridades.<\/p>\n\n\n\n<p>En tanto, las esperanzas de encontrar m\u00e1s sobrevivientes se desvanecieron, a m\u00e1s de 72 horas del violento terremoto de magnitud 7,5, que provoc\u00f3 deslizamientos, un incendio y olas de tsunami.<\/p>\n\n\n\n<figure class=\"wp-block-embed\"><div class=\"wp-block-embed__wrapper\">\nhttps:\/\/www.jornada.com.mx\/noticia\/2024\/01\/04\/mundo\/saldo-de-sismo-en-japon-sube-a-92-muertos-y-242-desaparecidos-4758\n<\/div><\/figure>\n","protected":false},"excerpt":{"rendered":"<p>Las esperanzas de encontrar m\u00e1s sobrevivientes se desvanecieron, a m\u00e1s de 72 horas del violento terremoto. Foto Ap Tomado de La Jornada&nbsp; Enero 4 de 2024 Jap\u00f3n. El saldo de muertos por el terremoto en el centro de Jap\u00f3n subi\u00f3 el viernes a 92 y el n\u00famero de personas desaparecidas aument\u00f3 a 242, informaron el [&hellip;]<\/p>\n","protected":false},"author":1,"featured_media":4155,"comment_status":"open","ping_status":"open","sticky":false,"template":"","format":"standard","meta":{"content-type":"","footnotes":""},"categories":[117,7,105],"tags":[],"class_list":{"0":"post-4154","1":"post","2":"type-post","3":"status-publish","4":"format-standard","5":"has-post-thumbnail","7":"category-general","8":"category-internacional","9":"category-principal"},"_links":{"self":[{"href":"https:\/\/www.regioncuatronoticias.com\/index.php\/wp-json\/wp\/v2\/posts\/4154","targetHints":{"allow":["GET"]}}],"collection":[{"href":"https:\/\/www.regioncuatronoticias.com\/index.php\/wp-json\/wp\/v2\/posts"}],"about":[{"href":"https:\/\/www.regioncuatronoticias.com\/index.php\/wp-json\/wp\/v2\/types\/post"}],"author":[{"embeddable":true,"href":"https:\/\/www.regioncuatronoticias.com\/index.php\/wp-json\/wp\/v2\/users\/1"}],"replies":[{"embeddable":true,"href":"https:\/\/www.regioncuatronoticias.com\/index.php\/wp-json\/wp\/v2\/comments?post=4154"}],"version-history":[{"count":1,"href":"https:\/\/www.regioncuatronoticias.com\/index.php\/wp-json\/wp\/v2\/posts\/4154\/revisions"}],"predecessor-version":[{"id":4156,"href":"https:\/\/www.regioncuatronoticias.com\/index.php\/wp-json\/wp\/v2\/posts\/4154\/revisions\/4156"}],"wp:featuredmedia":[{"embeddable":true,"href":"https:\/\/www.regioncuatronoticias.com\/index.php\/wp-json\/wp\/v2\/media\/4155"}],"wp:attachment":[{"href":"https:\/\/www.regioncuatronoticias.com\/index.php\/wp-json\/wp\/v2\/media?parent=4154"}],"wp:term":[{"taxonomy":"category","embeddable":true,"href":"https:\/\/www.regioncuatronoticias.com\/index.php\/wp-json\/wp\/v2\/categories?post=4154"},{"taxonomy":"post_tag","embeddable":true,"href":"https:\/\/www.regioncuatronoticias.com\/index.php\/wp-json\/wp\/v2\/tags?post=4154"}],"curies":[{"name":"wp","href":"https:\/\/api.w.org\/{rel}","templated":true}]}}