{"id":4145,"date":"2024-01-04T21:24:18","date_gmt":"2024-01-05T04:24:18","guid":{"rendered":"https:\/\/www.regioncuatronoticias.com\/?p=4145"},"modified":"2024-01-04T21:24:20","modified_gmt":"2024-01-05T04:24:20","slug":"scjn-se-ha-extralimitado-al-confundir-su-jerarquia-lenia-batres","status":"publish","type":"post","link":"https:\/\/www.regioncuatronoticias.com\/index.php\/2024\/01\/04\/scjn-se-ha-extralimitado-al-confundir-su-jerarquia-lenia-batres\/","title":{"rendered":"SCJN se ha extralimitado al confundir su jerarqu\u00eda: Lenia Batres"},"content":{"rendered":"\n<p>Tomado de La Jornada<\/p>\n\n\n\n<p>Eduardo Murillo<\/p>\n\n\n\n<p>04 de enero de 2024 12:33<\/p>\n\n\n\n<p>La Suprema Corte de Justicia de la Naci\u00f3n (SCJN) se ha extralimitado, confundiendo la jerarqu\u00eda de la Constituci\u00f3n por la jerarqu\u00eda de la instancia, afirm\u00f3 la ministra Lenia Batres Guadarrama durante la ceremonia en la cual se le dio la bienvenida como integrante de este m\u00e1ximo tribunal.<\/p>\n\n\n\n<p>\u201cPor estos excesos sostengo que no tenemos una Suprema Corte subordinada a la Constituci\u00f3n, sino una Constituci\u00f3n subordinada a la Corte, al grado de que los litigantes suelen decir: \u00bfY qu\u00e9 dice la Constituci\u00f3n al respecto? Lo que decida la Suprema Corte\u201d, afirm\u00f3.<\/p>\n\n\n\n<p>Explic\u00f3 que en los \u00faltimos a\u00f1os la SCJN ha establecido en la pr\u00e1ctica una supremac\u00eda de la jurisprudencia \u2013c\u00f3mo la corte interpreta las leyes-, por sobre la Constituci\u00f3n. Lo cual es indebido pues, sostuvo, la jurisprudencia no goza de las caracter\u00edsticas de generalidad que s\u00ed tienen las leyes.<\/p>\n\n\n\n<p>\u201cLa Suprema Corte no puede seguir tomando decisiones anticonstitucionales amparada en que sus decisiones son inatacables. Es cierto que los juicios deben tener una instancia de cierre, pero eso no quiere decir que los acuerdos generales que dicta la Suprema Corte o su jurisprudencia puedan estar por arriba de la Constituci\u00f3n o de las Leyes Mexicanas. Por eso hablamos de excesos. Una cosa es que la Suprema Corte y el Consejo de la Judicatura tengan facultades reglamentarias para facilitar (v\u00eda acuerdos generales) la impartici\u00f3n de justicia y algo muy distinto es que esos acuerdos generales sean la Ley Suprema de la Uni\u00f3n\u201d, se\u00f1al\u00f3.<\/p>\n\n\n\n<p>Entre los asistentes a esta ceremonia estaba la familia de la nueva ministra, entre ellos el jefe del gobierno capitalino, Mart\u00ed Batres; la diputada Valentina Batres; los secretarios de Bienestar, Ariadna Montiel; Econom\u00eda, Raquel Buenrostro; Desarrollo Agrario, Territorial y Urbano, Rom\u00e1n Meyer Falc\u00f3n; de Energ\u00eda, Miguel \u00c1ngel Maciel Torres; y la Consejera Jur\u00eddica del Ejecutivo Federal, Mar\u00eda Estela R\u00edos Gonz\u00e1lez.<\/p>\n\n\n\n<p>Lenia Batres afirm\u00f3 que es producto de la educaci\u00f3n p\u00fablica, de la formaci\u00f3n pol\u00edtica y social de su familia y entorno.<\/p>\n\n\n\n<p>\u201cQuien crea que puede ridiculizarme por provenir de este pueblo mexicano, no sabe la fuerza y la grandeza que me est\u00e1 atribuyendo. La recibo con esa dignidad. \u201cMinistra del pueblo\u201d es una misi\u00f3n enorme que acepto con honor y con la responsabilidad que merece\u201d, sostuvo.<\/p>\n\n\n\n<p>A nombre de sus compa\u00f1eros ministros, Yasm\u00edn Esquivel Mossa dio el discurso de bienvenida, enfatizando que Lenia Batres es la ministra n\u00famero 15 que llega a la SCJN, en sus m\u00e1s de 200 a\u00f1os de historia.<\/p>\n\n\n\n<p>\u201cConstatamos tambi\u00e9n la convicci\u00f3n pol\u00edtica del Ejecutivo Federal ya que los \u00faltimos cuatro nombramientos han sido de mujeres; apostando a su talento, y por la igualdad de g\u00e9nero y la no discriminaci\u00f3n\u201d, se\u00f1al\u00f3 la ministra Esquivel.<\/p>\n\n\n\n<figure class=\"wp-block-embed\"><div class=\"wp-block-embed__wrapper\">\nhttps:\/\/www.jornada.com.mx\/noticia\/2024\/01\/04\/politica\/scjn-se-ha-extralimitado-al-confundir-su-jerarquia-lenia-batres-5158\n<\/div><\/figure>\n","protected":false},"excerpt":{"rendered":"<p>Tomado de La Jornada Eduardo Murillo 04 de enero de 2024 12:33 La Suprema Corte de Justicia de la Naci\u00f3n (SCJN) se ha extralimitado, confundiendo la jerarqu\u00eda de la Constituci\u00f3n por la jerarqu\u00eda de la instancia, afirm\u00f3 la ministra Lenia Batres Guadarrama durante la ceremonia en la cual se le dio la bienvenida como integrante [&hellip;]<\/p>\n","protected":false},"author":1,"featured_media":4146,"comment_status":"open","ping_status":"open","sticky":false,"template":"","format":"standard","meta":{"content-type":"","footnotes":""},"categories":[117,3,115,105],"tags":[],"class_list":{"0":"post-4145","1":"post","2":"type-post","3":"status-publish","4":"format-standard","5":"has-post-thumbnail","7":"category-general","8":"category-mexico","9":"category-politica","10":"category-principal"},"_links":{"self":[{"href":"https:\/\/www.regioncuatronoticias.com\/index.php\/wp-json\/wp\/v2\/posts\/4145","targetHints":{"allow":["GET"]}}],"collection":[{"href":"https:\/\/www.regioncuatronoticias.com\/index.php\/wp-json\/wp\/v2\/posts"}],"about":[{"href":"https:\/\/www.regioncuatronoticias.com\/index.php\/wp-json\/wp\/v2\/types\/post"}],"author":[{"embeddable":true,"href":"https:\/\/www.regioncuatronoticias.com\/index.php\/wp-json\/wp\/v2\/users\/1"}],"replies":[{"embeddable":true,"href":"https:\/\/www.regioncuatronoticias.com\/index.php\/wp-json\/wp\/v2\/comments?post=4145"}],"version-history":[{"count":1,"href":"https:\/\/www.regioncuatronoticias.com\/index.php\/wp-json\/wp\/v2\/posts\/4145\/revisions"}],"predecessor-version":[{"id":4147,"href":"https:\/\/www.regioncuatronoticias.com\/index.php\/wp-json\/wp\/v2\/posts\/4145\/revisions\/4147"}],"wp:featuredmedia":[{"embeddable":true,"href":"https:\/\/www.regioncuatronoticias.com\/index.php\/wp-json\/wp\/v2\/media\/4146"}],"wp:attachment":[{"href":"https:\/\/www.regioncuatronoticias.com\/index.php\/wp-json\/wp\/v2\/media?parent=4145"}],"wp:term":[{"taxonomy":"category","embeddable":true,"href":"https:\/\/www.regioncuatronoticias.com\/index.php\/wp-json\/wp\/v2\/categories?post=4145"},{"taxonomy":"post_tag","embeddable":true,"href":"https:\/\/www.regioncuatronoticias.com\/index.php\/wp-json\/wp\/v2\/tags?post=4145"}],"curies":[{"name":"wp","href":"https:\/\/api.w.org\/{rel}","templated":true}]}}