{"id":4142,"date":"2024-01-04T21:20:59","date_gmt":"2024-01-05T04:20:59","guid":{"rendered":"https:\/\/www.regioncuatronoticias.com\/?p=4142"},"modified":"2024-01-04T21:21:02","modified_gmt":"2024-01-05T04:21:02","slug":"despiden-a-empleados-del-delfinario-por-denunciar-anomalias-en-la-institucion-y-violacion-a-sus-derechos-laborales","status":"publish","type":"post","link":"https:\/\/www.regioncuatronoticias.com\/index.php\/2024\/01\/04\/despiden-a-empleados-del-delfinario-por-denunciar-anomalias-en-la-institucion-y-violacion-a-sus-derechos-laborales\/","title":{"rendered":"Despiden a empleados del Delfinario por denunciar anomal\u00edas en la instituci\u00f3n y violaci\u00f3n a sus derechos laborales"},"content":{"rendered":"\n<p>Guaymas, Sonora.- Trabajadores que demandaron respeto a sus derechos laborales y atenci\u00f3n a la problem\u00e1tica en el Delfinario Sonora, est\u00e1n siendo despedidos como represalia a la manifestaci\u00f3n p\u00fablica que realizaron en meses pasados.<\/p>\n\n\n\n<p>Los empleados que se manifestaron el pasado 15 de septiembre, d\u00eda inh\u00e1bil y sin afectar las operaciones de la instituci\u00f3n, fueron notificados de su cese a trav\u00e9s de oficios girados por el titular de la Comisi\u00f3n de Ecolog\u00eda y Desarrollo Sustentable del Estado de Sonora (CEDES), Armando Barajas.<\/p>\n\n\n\n<p>A dicho funcionario los empleados le solicitaron por la v\u00eda institucional la atenci\u00f3n a diversas carencias en el Delfinario, sin respuesta durante dos a\u00f1os y recibiendo en cambio amenazas y acoso.<\/p>\n\n\n\n<p>A la fecha han sido despedidos Alejandro Ruiz, subdirector; Mar\u00eda Soberanes, M\u00f3nica Cota, Silvia \u00c1lvarez, Lourdes Fern\u00e1ndez y Claudia Miranda.<\/p>\n\n\n\n<p>Los trabajadores manifestaron su preocupaci\u00f3n por las condiciones f\u00edsicas de las instalaciones, del riesgo a la salud de delfines y lobos marinos y el peligro que esto representa para pacientes que se atienden en terapias, adem\u00e1s de la inadecuada atenci\u00f3n a los visitantes por la insuficiencia de personal.<\/p>\n\n\n\n<p>Lejos de sumarse a la preocupaci\u00f3n y atender la situaci\u00f3n, el responsable de CEDES, Armando Barajas, comenz\u00f3 a hostigar a los empleados a trav\u00e9s de la titular de Recursos Humanos, Maritza Baltierrez Coronado, restringi\u00e9ndoles vacaciones, cambiando d\u00edas de descanso y haci\u00e9ndoles descuentos sin mediar explicaciones.<\/p>\n\n\n\n<p>Los ahora ex empleados lamentaron que su preocupaci\u00f3n por el buen funcionamiento en la instituci\u00f3n les haya costado su trabajo, por lo que ante la denunciada cerraz\u00f3n del funcionario estatal, hacen p\u00fablica la represalia que est\u00e1n sufriendo.<\/p>\n\n\n\n<p>Temen adem\u00e1s que est\u00e1 situaci\u00f3n siga con otros trabajadores que tambi\u00e9n fueron amenazados por haber tomado parte en la manifestaci\u00f3n laboral.<\/p>\n\n\n\n<p>Fuente: Miguel Leyva<\/p>\n\n\n\n<figure class=\"wp-block-embed\"><div class=\"wp-block-embed__wrapper\">\nhttps:\/\/www.facebook.com\/story.php?story_fbid=pfbid0248TimHkm6jaUzrwV1KWh43iSoj1HZXAC3ec4vrnQQhW5zTxhFk38NomSo8PCQBLUl&#038;id=100044287561313&#038;sfnsn=scwspwa&#038;mibextid=VhDh1V&#038;paipv=0&#038;eav=AfYlslhWZ19idhj8BNvJtp8W2sIThOey6JMfJ8_3E_-4E97jjazB5Rnwa55d5Hc0c7U&#038;_rdr\n<\/div><\/figure>\n","protected":false},"excerpt":{"rendered":"<p>Guaymas, Sonora.- Trabajadores que demandaron respeto a sus derechos laborales y atenci\u00f3n a la problem\u00e1tica en el Delfinario Sonora, est\u00e1n siendo despedidos como represalia a la manifestaci\u00f3n p\u00fablica que realizaron en meses pasados. Los empleados que se manifestaron el pasado 15 de septiembre, d\u00eda inh\u00e1bil y sin afectar las operaciones de la instituci\u00f3n, fueron notificados [&hellip;]<\/p>\n","protected":false},"author":1,"featured_media":4143,"comment_status":"open","ping_status":"open","sticky":false,"template":"","format":"standard","meta":{"content-type":"","footnotes":""},"categories":[117,105],"tags":[],"class_list":{"0":"post-4142","1":"post","2":"type-post","3":"status-publish","4":"format-standard","5":"has-post-thumbnail","7":"category-general","8":"category-principal"},"_links":{"self":[{"href":"https:\/\/www.regioncuatronoticias.com\/index.php\/wp-json\/wp\/v2\/posts\/4142","targetHints":{"allow":["GET"]}}],"collection":[{"href":"https:\/\/www.regioncuatronoticias.com\/index.php\/wp-json\/wp\/v2\/posts"}],"about":[{"href":"https:\/\/www.regioncuatronoticias.com\/index.php\/wp-json\/wp\/v2\/types\/post"}],"author":[{"embeddable":true,"href":"https:\/\/www.regioncuatronoticias.com\/index.php\/wp-json\/wp\/v2\/users\/1"}],"replies":[{"embeddable":true,"href":"https:\/\/www.regioncuatronoticias.com\/index.php\/wp-json\/wp\/v2\/comments?post=4142"}],"version-history":[{"count":1,"href":"https:\/\/www.regioncuatronoticias.com\/index.php\/wp-json\/wp\/v2\/posts\/4142\/revisions"}],"predecessor-version":[{"id":4144,"href":"https:\/\/www.regioncuatronoticias.com\/index.php\/wp-json\/wp\/v2\/posts\/4142\/revisions\/4144"}],"wp:featuredmedia":[{"embeddable":true,"href":"https:\/\/www.regioncuatronoticias.com\/index.php\/wp-json\/wp\/v2\/media\/4143"}],"wp:attachment":[{"href":"https:\/\/www.regioncuatronoticias.com\/index.php\/wp-json\/wp\/v2\/media?parent=4142"}],"wp:term":[{"taxonomy":"category","embeddable":true,"href":"https:\/\/www.regioncuatronoticias.com\/index.php\/wp-json\/wp\/v2\/categories?post=4142"},{"taxonomy":"post_tag","embeddable":true,"href":"https:\/\/www.regioncuatronoticias.com\/index.php\/wp-json\/wp\/v2\/tags?post=4142"}],"curies":[{"name":"wp","href":"https:\/\/api.w.org\/{rel}","templated":true}]}}