{"id":4136,"date":"2024-01-04T21:14:09","date_gmt":"2024-01-05T04:14:09","guid":{"rendered":"https:\/\/www.regioncuatronoticias.com\/?p=4136"},"modified":"2024-01-04T21:14:11","modified_gmt":"2024-01-05T04:14:11","slug":"deben-ser-una-realidad-y-no-cuentos-los-derechos-indigenas-xochitl-galvez","status":"publish","type":"post","link":"https:\/\/www.regioncuatronoticias.com\/index.php\/2024\/01\/04\/deben-ser-una-realidad-y-no-cuentos-los-derechos-indigenas-xochitl-galvez\/","title":{"rendered":"Deben ser una realidad y no cuentos los derechos ind\u00edgenas: X\u00f3chitl G\u00e1lvez"},"content":{"rendered":"\n<p>Llam\u00f3 la precandidata presidencial del Frente Opositor al reconocimiento de las mujeres ind\u00edgenas en la participaci\u00f3n pol\u00edtica<\/p>\n\n\n\n<p>La precandidata del PRI, PAN y PRD, X\u00f3chitl G\u00e1lvez Ruiz, afirm\u00f3 que en materia de derechos ind\u00edgenas lleg\u00f3 el momento de retomar el camino a trav\u00e9s de una verdadera reforma constitucional que no se quede nuevamente en el tintero.<\/p>\n\n\n\n<p>En Santa Luc\u00eda del Camino, Oaxaca, donde se encontr\u00f3 con integrantes de comunidades y pueblos originarios, resalt\u00f3 que conoce este estado \u201ccomo la palma de su mano\u201d pues como funcionaria federal trabaj\u00f3 en la construcci\u00f3n de caminos, en la electrificaci\u00f3n de comunidades, impuls\u00f3 proyectos productivos y contribuy\u00f3 en resolver problemas agrarios en la regi\u00f3n.<\/p>\n\n\n\n<p>\u201cRetomemos el camino, el camino es que el pa\u00eds no va bien, el pa\u00eds tiene problemas, yo he escuchado con much\u00edsima atenci\u00f3n. Vamos por la verdadera reforma constitucional en materia de derechos ind\u00edgenas, aqu\u00ed no va a haber cuentos. Como ejemplo esta mi iniciativa que dej\u00e9 en el Senado tanto de la ley de consulta como de la reforma constitucional\u201d, dijo.<\/p>\n\n\n\n<p>Adem\u00e1s, agreg\u00f3 que como senadora de la Rep\u00fablica dej\u00f3 la presidencia de la Comisi\u00f3n de Asuntos Ind\u00edgenas sin pendientes legislativos y durante su gesti\u00f3n impuls\u00f3 60 leyes que reconocen, entre otros, los derechos de los pueblos afroamericanos.<\/p>\n\n\n\n<p>Tambi\u00e9n, destac\u00f3 la necesidad de hacer efectivo, en todos los niveles de gobierno, el reconocimiento de las mujeres ind\u00edgenas en la participaci\u00f3n pol\u00edtica y ser electas.<\/p>\n\n\n\n<p>G\u00e1lvez Ruiz agreg\u00f3 que los j\u00f3venes oaxaque\u00f1os tienen el talento para seguir avanzando, pero se requiere que adem\u00e1s de una beca se les ense\u00f1e otro idioma como el ingl\u00e9s y en las regiones se impulse la educaci\u00f3n tecnol\u00f3gica para que puedan encontrar un mejor empleo.<\/p>\n","protected":false},"excerpt":{"rendered":"<p>Llam\u00f3 la precandidata presidencial del Frente Opositor al reconocimiento de las mujeres ind\u00edgenas en la participaci\u00f3n pol\u00edtica La precandidata del PRI, PAN y PRD, X\u00f3chitl G\u00e1lvez Ruiz, afirm\u00f3 que en materia de derechos ind\u00edgenas lleg\u00f3 el momento de retomar el camino a trav\u00e9s de una verdadera reforma constitucional que no se quede nuevamente en el [&hellip;]<\/p>\n","protected":false},"author":1,"featured_media":4137,"comment_status":"open","ping_status":"open","sticky":false,"template":"","format":"standard","meta":{"content-type":"","footnotes":""},"categories":[3,115,105],"tags":[],"class_list":{"0":"post-4136","1":"post","2":"type-post","3":"status-publish","4":"format-standard","5":"has-post-thumbnail","7":"category-mexico","8":"category-politica","9":"category-principal"},"_links":{"self":[{"href":"https:\/\/www.regioncuatronoticias.com\/index.php\/wp-json\/wp\/v2\/posts\/4136","targetHints":{"allow":["GET"]}}],"collection":[{"href":"https:\/\/www.regioncuatronoticias.com\/index.php\/wp-json\/wp\/v2\/posts"}],"about":[{"href":"https:\/\/www.regioncuatronoticias.com\/index.php\/wp-json\/wp\/v2\/types\/post"}],"author":[{"embeddable":true,"href":"https:\/\/www.regioncuatronoticias.com\/index.php\/wp-json\/wp\/v2\/users\/1"}],"replies":[{"embeddable":true,"href":"https:\/\/www.regioncuatronoticias.com\/index.php\/wp-json\/wp\/v2\/comments?post=4136"}],"version-history":[{"count":1,"href":"https:\/\/www.regioncuatronoticias.com\/index.php\/wp-json\/wp\/v2\/posts\/4136\/revisions"}],"predecessor-version":[{"id":4138,"href":"https:\/\/www.regioncuatronoticias.com\/index.php\/wp-json\/wp\/v2\/posts\/4136\/revisions\/4138"}],"wp:featuredmedia":[{"embeddable":true,"href":"https:\/\/www.regioncuatronoticias.com\/index.php\/wp-json\/wp\/v2\/media\/4137"}],"wp:attachment":[{"href":"https:\/\/www.regioncuatronoticias.com\/index.php\/wp-json\/wp\/v2\/media?parent=4136"}],"wp:term":[{"taxonomy":"category","embeddable":true,"href":"https:\/\/www.regioncuatronoticias.com\/index.php\/wp-json\/wp\/v2\/categories?post=4136"},{"taxonomy":"post_tag","embeddable":true,"href":"https:\/\/www.regioncuatronoticias.com\/index.php\/wp-json\/wp\/v2\/tags?post=4136"}],"curies":[{"name":"wp","href":"https:\/\/api.w.org\/{rel}","templated":true}]}}