{"id":4133,"date":"2024-01-04T21:11:50","date_gmt":"2024-01-05T04:11:50","guid":{"rendered":"https:\/\/www.regioncuatronoticias.com\/?p=4133"},"modified":"2024-01-04T21:11:51","modified_gmt":"2024-01-05T04:11:51","slug":"sigue-la-mata-dando-rescatan-en-santa-ana-a-18-migrantes","status":"publish","type":"post","link":"https:\/\/www.regioncuatronoticias.com\/index.php\/2024\/01\/04\/sigue-la-mata-dando-rescatan-en-santa-ana-a-18-migrantes\/","title":{"rendered":"Sigue la mata dando: Rescatan en Santa Ana a 18 migrantes"},"content":{"rendered":"\n<p>Santa Ana, Sonora, 4 de enero de 2024.- Elementos de la Agencia Ministerial de Investigaci\u00f3n Criminal (AMIC) y la Secretar\u00eda de la Defensa Nacional (SEDENA), lograron el rescate de 18 migrantes, los cuales se encontraban privados de su libertad en un motel de la ciudad de Santa Ana, Sonora.<\/p>\n\n\n\n<p>El rescate tuvo lugar a las 12:55 horas del pasado 3 de enero del a\u00f1o en curso en las instalaciones del Motel \u201cApolo\u201d, mismo que se ubica a la altura del kil\u00f3metro 162 de la Carretera Federal 15.<\/p>\n\n\n\n<p>En dicho sitio se encontraban privadas de su libertad 18 personas, tres provenientes de Ecuador, cuatro salvadore\u00f1os, cuatro guatemaltecos, una persona originaria de la India, dos m\u00e1s de Etiop\u00eda y seis brasile\u00f1os.<\/p>\n\n\n\n<p>En sus declaraciones, los afectados afirmaron haber sido privados de su libertad por sujetos armados, quienes los bajaron de distintos autobuses de pasajeros, mientras que a otros los privaron de su libertad en un restaurante.<\/p>\n\n\n\n<p>Posteriormente, la mayor\u00eda de ellos fueron puestos a disposici\u00f3n del Instituto Nacional de Migraci\u00f3n (INM), mientras que seis personas fueron trasladadas a la Agencia del Ministerio P\u00fablico de Magdalena de Kino, Sonora, para interponer la denuncia correspondiente, ya que manifiestan haber estado en contra de su voluntad en dicho lugar.<\/p>\n","protected":false},"excerpt":{"rendered":"<p>Santa Ana, Sonora, 4 de enero de 2024.- Elementos de la Agencia Ministerial de Investigaci\u00f3n Criminal (AMIC) y la Secretar\u00eda de la Defensa Nacional (SEDENA), lograron el rescate de 18 migrantes, los cuales se encontraban privados de su libertad en un motel de la ciudad de Santa Ana, Sonora. El rescate tuvo lugar a las [&hellip;]<\/p>\n","protected":false},"author":1,"featured_media":4134,"comment_status":"open","ping_status":"open","sticky":false,"template":"","format":"standard","meta":{"content-type":"","footnotes":""},"categories":[105,113,9],"tags":[],"class_list":{"0":"post-4133","1":"post","2":"type-post","3":"status-publish","4":"format-standard","5":"has-post-thumbnail","7":"category-principal","8":"category-seguridad","9":"category-sonora"},"_links":{"self":[{"href":"https:\/\/www.regioncuatronoticias.com\/index.php\/wp-json\/wp\/v2\/posts\/4133","targetHints":{"allow":["GET"]}}],"collection":[{"href":"https:\/\/www.regioncuatronoticias.com\/index.php\/wp-json\/wp\/v2\/posts"}],"about":[{"href":"https:\/\/www.regioncuatronoticias.com\/index.php\/wp-json\/wp\/v2\/types\/post"}],"author":[{"embeddable":true,"href":"https:\/\/www.regioncuatronoticias.com\/index.php\/wp-json\/wp\/v2\/users\/1"}],"replies":[{"embeddable":true,"href":"https:\/\/www.regioncuatronoticias.com\/index.php\/wp-json\/wp\/v2\/comments?post=4133"}],"version-history":[{"count":1,"href":"https:\/\/www.regioncuatronoticias.com\/index.php\/wp-json\/wp\/v2\/posts\/4133\/revisions"}],"predecessor-version":[{"id":4135,"href":"https:\/\/www.regioncuatronoticias.com\/index.php\/wp-json\/wp\/v2\/posts\/4133\/revisions\/4135"}],"wp:featuredmedia":[{"embeddable":true,"href":"https:\/\/www.regioncuatronoticias.com\/index.php\/wp-json\/wp\/v2\/media\/4134"}],"wp:attachment":[{"href":"https:\/\/www.regioncuatronoticias.com\/index.php\/wp-json\/wp\/v2\/media?parent=4133"}],"wp:term":[{"taxonomy":"category","embeddable":true,"href":"https:\/\/www.regioncuatronoticias.com\/index.php\/wp-json\/wp\/v2\/categories?post=4133"},{"taxonomy":"post_tag","embeddable":true,"href":"https:\/\/www.regioncuatronoticias.com\/index.php\/wp-json\/wp\/v2\/tags?post=4133"}],"curies":[{"name":"wp","href":"https:\/\/api.w.org\/{rel}","templated":true}]}}