{"id":4121,"date":"2024-01-04T20:57:10","date_gmt":"2024-01-05T03:57:10","guid":{"rendered":"https:\/\/www.regioncuatronoticias.com\/?p=4121"},"modified":"2024-01-04T20:57:12","modified_gmt":"2024-01-05T03:57:12","slug":"iniciara-clases-primera-generacion-de-la-licenciatura-en-medicina-general-y-comunitaria-de-la-ues","status":"publish","type":"post","link":"https:\/\/www.regioncuatronoticias.com\/index.php\/2024\/01\/04\/iniciara-clases-primera-generacion-de-la-licenciatura-en-medicina-general-y-comunitaria-de-la-ues\/","title":{"rendered":"Iniciar\u00e1 clases primera generaci\u00f3n de la licenciatura en Medicina General y Comunitaria de la UES"},"content":{"rendered":"\n<p>Hermosillo, Sonora; 4 de enero de 2024.- El pr\u00f3ximo 22 de enero iniciar\u00e1n las clases para los primeros 35 estudiantes de la licenciatura en Medicina General y Comunitaria, de la Universidad Estatal de Sonora (UES).<\/p>\n\n\n\n<p>\u201cEste programa nace en la UES de la necesidad de atender una demanda de m\u00e9dicos comunitarios en zonas urbanas y rurales del estado y se tiene el compromiso de que los estudiantes tengan intervenciones comunitarias durante su formaci\u00f3n profesional y participen en proyectos de investigaci\u00f3n\u201d, expuso el rector Armando Moreno Soto.<\/p>\n\n\n\n<p>La UES recibi\u00f3 228 solicitudes de aspirantes a este programa educativo y despu\u00e9s de presentar el examen general de conocimientos se tuvo una preselecci\u00f3n de 52 aspirantes a quienes se les entrevist\u00f3, uno a uno, para identificar los perfiles id\u00f3neos, y finalmente aceptar a los 35 estudiantes que integrar\u00e1n la primera generaci\u00f3n de Medicina General y Comunitaria de la UES.<\/p>\n\n\n\n<p>Norma Ang\u00e9lica Borb\u00f3n Castro, secretaria General Acad\u00e9mica de la UES, agreg\u00f3 que ya se realizaron las evaluaciones curriculares y se cuenta con los m\u00e9dicos en diferentes especialidades que ser\u00e1n los docentes en las diferentes asignaturas del programa educativo que tiene una duraci\u00f3n de 14 semestres, incluyendo el servicio social.<\/p>\n\n\n\n<p>El programa de Medicina General y Comunitaria de la UES iniciar\u00e1 con un grupo en la Unidad Acad\u00e9mica Hermosillo, y se planea ampliar los espacios y la oferta educativa a las otras unidades de la UES en los pr\u00f3ximos a\u00f1os.<\/p>\n","protected":false},"excerpt":{"rendered":"<p>Hermosillo, Sonora; 4 de enero de 2024.- El pr\u00f3ximo 22 de enero iniciar\u00e1n las clases para los primeros 35 estudiantes de la licenciatura en Medicina General y Comunitaria, de la Universidad Estatal de Sonora (UES). \u201cEste programa nace en la UES de la necesidad de atender una demanda de m\u00e9dicos comunitarios en zonas urbanas y [&hellip;]<\/p>\n","protected":false},"author":1,"featured_media":4122,"comment_status":"open","ping_status":"open","sticky":false,"template":"","format":"standard","meta":{"content-type":"","footnotes":""},"categories":[117,9],"tags":[],"class_list":{"0":"post-4121","1":"post","2":"type-post","3":"status-publish","4":"format-standard","5":"has-post-thumbnail","7":"category-general","8":"category-sonora"},"_links":{"self":[{"href":"https:\/\/www.regioncuatronoticias.com\/index.php\/wp-json\/wp\/v2\/posts\/4121","targetHints":{"allow":["GET"]}}],"collection":[{"href":"https:\/\/www.regioncuatronoticias.com\/index.php\/wp-json\/wp\/v2\/posts"}],"about":[{"href":"https:\/\/www.regioncuatronoticias.com\/index.php\/wp-json\/wp\/v2\/types\/post"}],"author":[{"embeddable":true,"href":"https:\/\/www.regioncuatronoticias.com\/index.php\/wp-json\/wp\/v2\/users\/1"}],"replies":[{"embeddable":true,"href":"https:\/\/www.regioncuatronoticias.com\/index.php\/wp-json\/wp\/v2\/comments?post=4121"}],"version-history":[{"count":1,"href":"https:\/\/www.regioncuatronoticias.com\/index.php\/wp-json\/wp\/v2\/posts\/4121\/revisions"}],"predecessor-version":[{"id":4123,"href":"https:\/\/www.regioncuatronoticias.com\/index.php\/wp-json\/wp\/v2\/posts\/4121\/revisions\/4123"}],"wp:featuredmedia":[{"embeddable":true,"href":"https:\/\/www.regioncuatronoticias.com\/index.php\/wp-json\/wp\/v2\/media\/4122"}],"wp:attachment":[{"href":"https:\/\/www.regioncuatronoticias.com\/index.php\/wp-json\/wp\/v2\/media?parent=4121"}],"wp:term":[{"taxonomy":"category","embeddable":true,"href":"https:\/\/www.regioncuatronoticias.com\/index.php\/wp-json\/wp\/v2\/categories?post=4121"},{"taxonomy":"post_tag","embeddable":true,"href":"https:\/\/www.regioncuatronoticias.com\/index.php\/wp-json\/wp\/v2\/tags?post=4121"}],"curies":[{"name":"wp","href":"https:\/\/api.w.org\/{rel}","templated":true}]}}