{"id":4109,"date":"2024-01-03T23:15:33","date_gmt":"2024-01-04T06:15:33","guid":{"rendered":"https:\/\/www.regioncuatronoticias.com\/?p=4109"},"modified":"2024-01-03T23:15:34","modified_gmt":"2024-01-04T06:15:34","slug":"reanuda-camara-de-representantes-de-eeuu-proceso-para-destituir-a-mayorkas","status":"publish","type":"post","link":"https:\/\/www.regioncuatronoticias.com\/index.php\/2024\/01\/03\/reanuda-camara-de-representantes-de-eeuu-proceso-para-destituir-a-mayorkas\/","title":{"rendered":"Reanuda C\u00e1mara de Representantes de EEUU proceso para destituir a Mayorkas"},"content":{"rendered":"\n<p>Enero 3 de 2024<\/p>\n\n\n\n<p>Washington. Un comit\u00e9 de la C\u00e1mara de Representantes de Estados Unidos reanudar\u00e1 sus esfuerzos para destituir al secretario de Seguridad Nacional, Alejandro Mayorkas, por acusaciones de que ha sido negligente en su deber de administrar la frontera entre Estados Unidos y M\u00e9xico, inform\u00f3 el mi\u00e9rcoles Punchbowl News.<\/p>\n\n\n\n<p>El panel planea celebrar una audiencia el pr\u00f3ximo d\u00eda 10, dijo el medio, citando al presidente del comit\u00e9.<\/p>\n\n\n\n<p>Mayorkas declar\u00f3 a la cadena MSNBC en una entrevista que cooperar\u00eda plenamente con la investigaci\u00f3n y las audiencias mientras contin\u00faa encontrando soluciones para abordar el sistema de inmigraci\u00f3n de la naci\u00f3n y el n\u00famero de migrantes que llegan a su frontera con M\u00e9xico.<\/p>\n\n\n\n<p>En noviembre pasado, el pleno de la C\u00e1mara de Representantes hab\u00eda pausado un intento de juicio pol\u00edtico contra Mayorkas, devolviendo los art\u00edculos al comit\u00e9 mientras el panel continuaba su investigaci\u00f3n.<\/p>\n\n\n\n<p>&#8220;La votaci\u00f3n bipartidista de la C\u00e1mara de Representantes en noviembre para remitir los art\u00edculos de juicio pol\u00edtico a mi Comit\u00e9 solo sirvi\u00f3 para resaltar la importancia de que asumamos el proceso de juicio pol\u00edtico, que es lo que comenzaremos a hacer el pr\u00f3ximo mi\u00e9rcoles&#8221;, dijo el presidente del Comit\u00e9 de Seguridad Nacional, Mark Green, a Punchbowl en un comunicado.<\/p>\n\n\n\n<p>Un portavoz del comit\u00e9 no respondi\u00f3 de inmediato a una solicitud de comentarios sobre la supuesta audiencia.<\/p>\n\n\n\n<p>Los republicanos de la C\u00e1mara de Representantes han estado criticando al presidente Joe Biden por el control fronterizo, un tema que preocupa cada vez m\u00e1s a los votantes estadounidenses, mientras los legisladores de la C\u00e1mara de Representantes y el Senado contin\u00faan las negociaciones sobre un acuerdo de financiamiento del gobierno que podr\u00eda ayudar a reformar las anticuadas leyes de asilo de la naci\u00f3n.<\/p>\n\n\n\n<p>Biden ha pedido repetidamente al Congreso que apruebe su solicitud de fondos suplementarios para el gobierno federal que inclu\u00eda dinero adicional para abordar la frontera, y Mayorkas se hizo eco de ese llamado el mi\u00e9rcoles.<\/p>\n\n\n\n<p>Mayorkas, quien recientemente viaj\u00f3 con una delegaci\u00f3n estadounidense a M\u00e9xico para conversar sobre migraci\u00f3n, dijo a MSNBC que era optimista despu\u00e9s de reunirse con un grupo bipartidista de senadores en el Capitolio el martes.<\/p>\n\n\n\n<p>&#8220;A pesar de lo dif\u00edcil que es, ese progreso est\u00e1 en curso, y tengo la esperanza de que se produzca una soluci\u00f3n migratoria&#8221;, dijo. &#8220;Estamos enfocados en soluciones&#8221;.<\/p>\n\n\n\n<p>Funcionarios estadunidenses y mexicanos han acordado fortalecer los esfuerzos para frenar la migraci\u00f3n r\u00e9cord, y el gabinete de Biden tiene previsto reunirse con l\u00edderes mexicanos en Washington a finales de enero.<\/p>\n\n\n\n<figure class=\"wp-block-embed\"><div class=\"wp-block-embed__wrapper\">\nhttps:\/\/www.jornada.com.mx\/noticia\/2024\/01\/03\/mundo\/reanuda-camara-de-representantes-proceso-para-destituir-a-mayorkas-1678\n<\/div><\/figure>\n","protected":false},"excerpt":{"rendered":"<p>Enero 3 de 2024 Washington. Un comit\u00e9 de la C\u00e1mara de Representantes de Estados Unidos reanudar\u00e1 sus esfuerzos para destituir al secretario de Seguridad Nacional, Alejandro Mayorkas, por acusaciones de que ha sido negligente en su deber de administrar la frontera entre Estados Unidos y M\u00e9xico, inform\u00f3 el mi\u00e9rcoles Punchbowl News. El panel planea celebrar [&hellip;]<\/p>\n","protected":false},"author":1,"featured_media":4110,"comment_status":"open","ping_status":"open","sticky":false,"template":"","format":"standard","meta":{"content-type":"","footnotes":""},"categories":[117,7,115],"tags":[],"class_list":{"0":"post-4109","1":"post","2":"type-post","3":"status-publish","4":"format-standard","5":"has-post-thumbnail","7":"category-general","8":"category-internacional","9":"category-politica"},"_links":{"self":[{"href":"https:\/\/www.regioncuatronoticias.com\/index.php\/wp-json\/wp\/v2\/posts\/4109","targetHints":{"allow":["GET"]}}],"collection":[{"href":"https:\/\/www.regioncuatronoticias.com\/index.php\/wp-json\/wp\/v2\/posts"}],"about":[{"href":"https:\/\/www.regioncuatronoticias.com\/index.php\/wp-json\/wp\/v2\/types\/post"}],"author":[{"embeddable":true,"href":"https:\/\/www.regioncuatronoticias.com\/index.php\/wp-json\/wp\/v2\/users\/1"}],"replies":[{"embeddable":true,"href":"https:\/\/www.regioncuatronoticias.com\/index.php\/wp-json\/wp\/v2\/comments?post=4109"}],"version-history":[{"count":1,"href":"https:\/\/www.regioncuatronoticias.com\/index.php\/wp-json\/wp\/v2\/posts\/4109\/revisions"}],"predecessor-version":[{"id":4111,"href":"https:\/\/www.regioncuatronoticias.com\/index.php\/wp-json\/wp\/v2\/posts\/4109\/revisions\/4111"}],"wp:featuredmedia":[{"embeddable":true,"href":"https:\/\/www.regioncuatronoticias.com\/index.php\/wp-json\/wp\/v2\/media\/4110"}],"wp:attachment":[{"href":"https:\/\/www.regioncuatronoticias.com\/index.php\/wp-json\/wp\/v2\/media?parent=4109"}],"wp:term":[{"taxonomy":"category","embeddable":true,"href":"https:\/\/www.regioncuatronoticias.com\/index.php\/wp-json\/wp\/v2\/categories?post=4109"},{"taxonomy":"post_tag","embeddable":true,"href":"https:\/\/www.regioncuatronoticias.com\/index.php\/wp-json\/wp\/v2\/tags?post=4109"}],"curies":[{"name":"wp","href":"https:\/\/api.w.org\/{rel}","templated":true}]}}