{"id":40902,"date":"2026-04-30T22:24:21","date_gmt":"2026-05-01T05:24:21","guid":{"rendered":"https:\/\/www.regioncuatronoticias.com\/?p=40902"},"modified":"2026-04-30T22:24:27","modified_gmt":"2026-05-01T05:24:27","slug":"el-perfil-comunista-de-la-presidenta-la-confronta-con-eu-ya-hay-consecuencias","status":"publish","type":"post","link":"https:\/\/www.regioncuatronoticias.com\/index.php\/2026\/04\/30\/el-perfil-comunista-de-la-presidenta-la-confronta-con-eu-ya-hay-consecuencias\/","title":{"rendered":"El perfil comunista de la presidenta la confronta con EU; ya hay consecuencias"},"content":{"rendered":"\n<p><strong>RUIZ QUIRR\u00cdN<\/strong><\/p>\n\n\n\n<p><strong>-El perfil comunista de la presidenta la confronta con EU; ya hay consecuencias<\/strong><\/p>\n\n\n\n<p><strong>-Guadalupe Taddei, en la mira de la ASF; otorg\u00f3 contratos a empresas \u201chermanas\u201d<\/strong><\/p>\n\n\n\n<p><strong>-Suprema Corte estudia petici\u00f3n ind\u00edgena de Sonora; impugna gubernatura de 3 a\u00f1os<\/strong><\/p>\n\n\n\n<p><strong>Viernes 1 de mayo de 2026<\/strong><\/p>\n\n\n\n<p><strong>ESTADOS<\/strong> Unidos y particularmente el presidente Donald Trump ha impuesto su agenda a la presidenta Sheinbaum en los temas de seguridad, y ella se ha sujetado a los deseos de su vecino del norte. Sin embargo, la ideolog\u00eda af\u00edn a los reg\u00edmenes comunistas de la mandataria mexicana, inocultables a estas alturas, est\u00e1n arrojando ya consecuencias negativas no solo a su gobierno, sino tambi\u00e9n al pueblo de M\u00e9xico.<\/p>\n\n\n\n<p>Los expertos comienzan a advertir que el \u201ctarget\u201d u objetivo gringo estar\u00e1 en el Tratado de Libre Comercio (T-MEC) y el paso de la posibilidad a la probabilidad de que finalmente dicho acuerdo deje de ser trilateral.<\/p>\n\n\n\n<p>Y es que despu\u00e9s de escuchar el discurso de la presidenta en el marco de la c\u00e9lebre reuni\u00f3n de jefes de gobierno ligados por la izquierda en Barcelona, cualquiera se preguntar\u00eda si lo que buscaba con ese mensaje propio de una revoltosa universitaria de los a\u00f1os ochenta, era justamente originar un total desencuentro con Estados Unidos.<\/p>\n\n\n\n<p>Desde luego no cabe la ingenuidad. Ella estaba consciente de lo que dec\u00eda y de las consecuencias que podr\u00eda haber. \u00c9stas \u00faltimas no tardaron en llegar por los mismos acontecimientos ligados con mexicanos corruptos en la mira de los tribunales del famoso \u201cT\u00edo Sam\u201d.<\/p>\n\n\n\n<p>Primero la muerte de dos agentes de la CIA en un accidente carretero en Chihuahua luego de haber participado en un operativo donde se asegur\u00f3 el mayor laboratorio para la fabricaci\u00f3n de metanfetaminas en nuestro pa\u00eds.<\/p>\n\n\n\n<p>Sheinbaum se envolvi\u00f3 en la bandera reiterando su defensa a la soberan\u00eda nacional y se\u00f1alando directamente a la gobernadora panista Mar\u00eda Eugenia Campos como involucrada en la presencia de extranjeros operando en M\u00e9xico.<\/p>\n\n\n\n<p>Pero la reacci\u00f3n de Estados Unidos no pas\u00f3 desapercibida. Seg\u00fan la vocera de la Casa Blanca, el presidente Trump esperaba no s\u00f3lo las condolencias de su hom\u00f3loga, sino el anuncio de alguna acci\u00f3n para reforzar el combate al narcotr\u00e1fico.<\/p>\n\n\n\n<p>Muy dif\u00edcil creer que la jefa de gobierno de M\u00e9xico desconozca el tema de la presencia de agentes de la CIA, el FBI o la DEA en operativos en los que se ha capturado a los \u201ccapos\u201d m\u00e1s buscados, pero el evento lo quiso aprovechar para abundar sobre el tema de la soberan\u00eda nacional y lanzarse contra la panista Campos, con miras a las elecciones por la gubernatura de esa entidad en el 2027.<\/p>\n\n\n\n<p>Y no pasaron muchos d\u00edas para darse a conocer la noticia de la detenci\u00f3n del vicealmirante de la Marina, Fernando Far\u00edas Laguna, en Argentina. Se\u00f1alado como l\u00edder de una red que trafic\u00f3 a\u00f1os con un huachicol fiscal que origin\u00f3 una p\u00e9rdida al erario federal de alrededor de los 600 mil millones de pesos. Far\u00edas se convirti\u00f3 en una apreciada carta no solo para el presidente de aquel pa\u00eds, Javier Milei, sino tambi\u00e9n para el gobierno de los Estados Unidos.<\/p>\n\n\n\n<p>Sin duda, Milei record\u00f3 a la presidenta Sheinbaum sujetando en Barcelona una pancarta en la que se le\u00eda: \u201cCristina Libre\u201d, adem\u00e1s de externar el comentario \u201cMucha fuerza Cristina; estamos contigo\u201d.<\/p>\n\n\n\n<p>Cristina Fern\u00e1ndez de Kirshner, expresidenta de la Argentina, fue condenada por los tribunales por corrupta y como su r\u00e9gimen fue de izquierda, para Milei forma parte de \u201clos zurdos de mierda\u201d.<\/p>\n\n\n\n<p>La dupla Trump-Milei guarda una excelente relaci\u00f3n ahora. El mandatario de la tierra del tango tiene dos opciones por aplicar a Far\u00edas: Darle asilo pol\u00edtico y registrar la corrupci\u00f3n de los pol\u00edticos de MORENA en M\u00e9xico, o enviarlo a Estados Unidos para convertirlo en \u201ctestigo protegido\u201d y revelar todos sus secretos que abultar\u00edan a\u00fan m\u00e1s los expedientes contra pol\u00edticos mexicanos de la 4-T.<\/p>\n\n\n\n<p>Las cosas no pararon ah\u00ed. El pasado domingo, el embajador de Estados Unidos en M\u00e9xico (y exjefe de la CIA) Ronald Johnson, anunci\u00f3 que en acuerdo con el presidente Trump, pronto se dar\u00e1 a conocer una campa\u00f1a dirigida a se\u00f1alar a los pol\u00edticos mexicanos ligados con la corrupci\u00f3n y el narcotr\u00e1fico y que parte de las sanciones incluir\u00eda la cancelaci\u00f3n de sus visas de turista, \u201ccomo sucedi\u00f3 con el gobernador de Sinaloa, Rub\u00e9n Rocha Moya, ligado en varias ocasiones con el crimen\u201d.<\/p>\n\n\n\n<p>Estas ya son serias consecuencias para el r\u00e9gimen de la \u201ccuarta transformaci\u00f3n\u201d, en el que no puede descartarse al expresidente Andr\u00e9s Manuel L\u00f3pez Obrador y sus hijos.<\/p>\n\n\n\n<p>M\u00e1s all\u00e1 de eso, pronto se renegociar\u00e1 el T-MEC. Se apuesta desde ahora que de trilateral pasar\u00e1 a bilateral y de acuerdo con las sanciones y deseos de Donald Trump.<\/p>\n\n\n\n<p>Fuera de toda ingenuidad, si lo que ha buscado la presidenta Sheinbaum es una confrontaci\u00f3n para victimizarse -culpando a Estados Unidos de los fracasos de esta 4-T populista y fracasada-, imitando a Cuba, Venezuela y Nicaragua, pronto lo sabremos.<\/p>\n\n\n\n<p>De la manera que sea, pol\u00edticos ligados a AMLO e incluso \u00e9ste \u00faltimo, est\u00e1n en la mira del \u201cT\u00edo Sam\u201d.<\/p>\n\n\n\n<p>Y desde luego, la presidenta Sheinbaum no es ninguna ingenua, a pesar de su pasi\u00f3n ideol\u00f3gica a favor de la hoz y el martillo. Lo que quiz\u00e1 no ha medido, es el gran perjuicio que su actitud arrojar\u00e1 al pueblo de M\u00e9xico.<\/p>\n\n\n\n<p><strong>Guadalupe Taddei, en la mira de la ASF<\/strong><\/p>\n\n\n\n<p><strong>LA AUDITOR\u00cdA<\/strong> Superior de la Federaci\u00f3n, autoridad encargada de vigilar el destino de los recursos p\u00fablicos del gobierno o de todo organismo que administra recursos p\u00fablicos, tiene en la mira al Instituto Nacional Electoral y, especialmente a su consejera presidenta, Guadalupe Taddei Zavala, al haber detectado la contrataci\u00f3n de \u201cempresas hermanas\u201d para los comicios electorales del a\u00f1o 2024, lo que gener\u00f3 un da\u00f1o al patrimonio p\u00fablico al no solventarse el uso correcto del dinero, es decir, que pod\u00eda haber sido desviado del prop\u00f3sito establecido\u2026 La auditor\u00eda llevada a cabo por la ASF, menciona a las empresas \u201cComercializadora JVLY\u201d y \u201cFormas finas y materiales\u201d de haber recibido al menos cuatro contratos para la adquisici\u00f3n de material electoral para el proceso estatal en el a\u00f1o 2018 y federal en el 2024\u2026 Es decir, dichas proveedoras ya eran conocidas por Taddei desde que estuvo al frente del Instituto Estatal Electoral y de Participaci\u00f3n Ciudadana en su tierra, Sonora\u2026 En 2024, \u201cComercializadora JVLY\u201d cobr\u00f3 63 millones, 241 mil, 392 pesos y ahora es se\u00f1alada de no haber acreditado la entrega de todo el material, consistente en urnas, mamparas, boletas y paqueter\u00eda electoral\u2026 De acuerdo con la cuenta p\u00fablica 2024 de la ASF presentado hace un par de meses, \u201cJVLY\u201d dispers\u00f3 el total de los recursos cobrados al INE entre nueve empresas y una persona f\u00edsica y no pudo comprobar haber subcontratado sus servicios para cumplir con los contratos\u2026 Tanto la comercializadora como Formas Finas y Materiales, comparten representante legal en la persona de Jes\u00fas Alberto Ju\u00e1rez Calvo\u2026 Dos meses antes de la firma de este contrato para los comicios del 2024, el INE con Taddei hab\u00eda firmado otro contrato con \u201cJVLY\u201d por 88.4 millones de pesos, para el servicio integral del voto electr\u00f3nico en el extranjero\u2026 Como presidenta del IEE y de PC en Sonora, Guadalupe Taddei entreg\u00f3 a \u201cFormas Finas y Materiales\u201d un contrato por 31 millones, 770 mil pesos para la adquisici\u00f3n de material electoral\u2026 La ASF hace menci\u00f3n tambi\u00e9n de la actual directora ejecutiva de capacitaci\u00f3n electoral, -muy cercana a Taddei- Iliana Araceli Hern\u00e1ndez G\u00f3mez, de haber firmado un contrato a Formas Finas por 32 millones,436 mil pesos en 2024, para compra de material electoral que se usar\u00eda en Oaxaca\u2026 La ASF concluye que deber\u00e1n solventarse 216 millones de pesos y demostrar con documentos el destino de dichos recursos.<\/p>\n\n\n\n<p><strong>Insisto: Martirizan a Antonio Astiazar\u00e1n<\/strong><\/p>\n\n\n\n<p><strong>ALGUNO <\/strong>de los asesores pol\u00edticos de palacio de gobierno no est\u00e1 haciendo bien su trabajo en el af\u00e1n de golpear al presidente municipal de Hermosillo, Antonio Astiazar\u00e1n Guti\u00e9rrez\u2026 El \u201cgolpeteo\u201d esta vez se origin\u00f3 luego de unas declaraciones vertidas por Astiazar\u00e1n en San Luis R\u00edo Colorado, en respuesta a ataques que le hab\u00edan endilgado con d\u00edas de antelaci\u00f3n, al ventilarse que Hermosillo, como el municipio m\u00e1s endeudado del pa\u00eds, ten\u00eda un responsable en la persona del actual alcalde de la capital del Estado\u2026 Palabras m\u00e1s, palabras menos, \u00e9ste \u00faltimo coment\u00f3 que en realidad se hab\u00eda disminuido la deuda en su administraci\u00f3n\u2026 Fue curioso que horas despu\u00e9s, la Secretar\u00eda de Hacienda del Gobierno del Estado emitiera un comunicado haciendo recomendaciones a Astiazar\u00e1n de \u201cseguir el buen ejemplo de la administraci\u00f3n estatal de llevar un efectivo control de su deuda\u201d\u2026 Y como una especie de remate, el presidente municipal de Hermosillo lanz\u00f3 un reto a los reporteros al recordarles que es el Congreso del Estado quien autoriza a los ayuntamientos a solicitar cr\u00e9ditos: \u201c\u00bfPor qu\u00e9 no preguntan a los diputados si alguna vez autorizaron a Hermosillo a endeudarse y que informen a cu\u00e1les otros municipios en el Estado s\u00ed les han permitido hacerlo?&#8230; Al mismo tiempo y con documentos en mano, la tesorera municipal de Hermosillo, Flor Ayala, pudo probar que de una deuda recibida por m\u00e1s de 1,800 millones de pesos, \u00e9sta se ha reducido en los \u00faltimos cuatro a\u00f1os a poco m\u00e1s de 1,600\u2026 No es la primera vez que \u201cel tiro les sale por la culata\u201d en los intentos por satanizar al alcalde Astiazar\u00e1n\u2026 No es la primera vez que lo decimos\u2026 Esta estrategia solo conseguir\u00e1 hacer un m\u00e1rtir de quien es el \u00fanico perfil competitivo electoralmente contra MORENA en el 2027.<\/p>\n\n\n\n<p><strong>Gubernatura de 3 a\u00f1os en Sonora, tema en la SCJN<\/strong><\/p>\n\n\n\n<p>MILENIO inform\u00f3 que integrantes de la naci\u00f3n \u201cTojono-O\u2019tam\u201d y Guarij\u00edo o Makurawe, hicieron llegar a la Suprema Corte de Justicia de la Naci\u00f3n su exigencia respaldada en dos amparos contra el Congreso del Estado que reform\u00f3 la Constituci\u00f3n Pol\u00edtica local de Sonora para reducir a tres a\u00f1os el pr\u00f3ximo periodo gubernamental, para regresar al sexenio en el a\u00f1o 2030\u2026 El principal argumento que esgrimen estas etnias es que no se les tom\u00f3 en cuenta a trav\u00e9s de una consulta p\u00fablica para sustentar dicha reforma, de tal manera que se sienten relegados de esa y otras exigencias que no han ocultado al paso de los a\u00f1os\u2026 Los promoventes son H\u00e9ctor Zaila Enr\u00edquez, Wilfrido Parra Enr\u00edquez, Daniela Parra Buitimea, Gildardo Buitimea Zazueta, Mar\u00eda Fernanda F\u00e9lix Buitimea, Mar\u00eda de los \u00c1ngeles Moroyoqui, Norberto Valenzuela Torres, Ram\u00f3n F\u00e9lix Almada, Juana Buitimea Leyva, Lourdes Elena Osuna Galaviz y Mariana Valenzuela F\u00e9lix\u2026 Consideran estas etnias que sus promociones y exigencias tienen relevancia constitucional al involucrar derechos como la libre determinaci\u00f3n, la participaci\u00f3n pol\u00edtica y la consulta previa\u2026 Espec\u00edficamente est\u00e1n impugnando el decreto n\u00famero 38 del Congreso del Estado de Sonora, publicado en marzo del a\u00f1o 2023 que homolog\u00f3 las elecciones estatales con las federales y fij\u00f3 por \u00fanica ocasi\u00f3n, una gubernatura de tres a\u00f1os en el 2027\u2026 Un tribunal colegiado solicit\u00f3 a la Corte atraer los casos\u2026 Cualquiera dir\u00eda que tal solicitud no pasar\u00e1 al haber un nuevo Poder Judicial Federal en manos de palacio nacional\u2026 De acuerdo, pero solo un acotamiento: el presidente de la Suprema Corte, Hugo Aguilar, es un ind\u00edgena y no ha ocultado su deseo de apoyar a sus hermanos de etnia&#8230; Y el m\u00e1ximo organismo judicial en M\u00e9xico deber\u00e1 resolver a m\u00e1s tardar 90 d\u00edas antes del inicio del calendario electoral\u2026 Es decir, el resolutivo podr\u00eda estar a la vuelta de la esquina.<\/p>\n\n\n\n<p><strong>Fausto Soto Silva+<\/strong><\/p>\n\n\n\n<p><strong>ESTA SEMANA<\/strong> trascendieron los nombres de las nominaciones para ingresar al Sal\u00f3n de la Fama del b\u00e9isbol mexicano, el mismo que se encuentra en Monterrey y que es una casa de la inmortalidad para el deporte en nuestro pa\u00eds\u2026 La buena noticia es que un nominado es el recordado Fausto Soto Silva, con todos los merecimientos para ser ungido\u2026 La \u00faltima etapa de Fausto en los micr\u00f3fonos de la inolvidable XEDM, \u201cLa &nbsp;Grande de Sonora\u201d, se distingui\u00f3 por irrumpir period\u00edsticamente en la radio, logrando un poder extraordinario entre la clase pol\u00edtica y con el primer lugar de audiencia matutina\u2026 Pero antes de eso, estuvo 30 a\u00f1os como cronista oficial de los \u201cNaranjeros de Hermosillo\u201d, es decir, desde la d\u00e9cada de los sesenta, hasta inicio de los noventa\u2026 Fausto Soto Silva se convirti\u00f3 en el locutor y cronista m\u00e1s popular no solo en Sonora sino en el noroeste de M\u00e9xico, m\u00e9ritos suficientes para ser contemplado como ganador del m\u00e1ximo galard\u00f3n otorgado por la C\u00e1mara de la Industria de la Radio y la Televisi\u00f3n en el a\u00f1o 2003\u2026 El Sal\u00f3n de la Fama incluye a los grandes entre los grandes del b\u00e9isbol mexicano, no solo jugadores, sino tambi\u00e9n directivos de equipos y cronistas\u2026 Esperemos que Fausto haga realidad aquel deseo platicado de que \u201clas leyendas nunca mueren\u201d.<\/p>\n","protected":false},"excerpt":{"rendered":"<p>RUIZ QUIRR\u00cdN -El perfil comunista de la presidenta la confronta con EU; ya hay consecuencias -Guadalupe Taddei, en la mira de la ASF; otorg\u00f3 contratos a empresas \u201chermanas\u201d -Suprema Corte estudia petici\u00f3n ind\u00edgena de Sonora; impugna gubernatura de 3 a\u00f1os Viernes 1 de mayo de 2026 ESTADOS Unidos y particularmente el presidente Donald Trump ha [&hellip;]<\/p>\n","protected":false},"author":1,"featured_media":40903,"comment_status":"open","ping_status":"open","sticky":false,"template":"","format":"standard","meta":{"content-type":"","footnotes":""},"categories":[124],"tags":[],"class_list":{"0":"post-40902","1":"post","2":"type-post","3":"status-publish","4":"format-standard","5":"has-post-thumbnail","7":"category-francisco-javier-ruiz-quirrin"},"_links":{"self":[{"href":"https:\/\/www.regioncuatronoticias.com\/index.php\/wp-json\/wp\/v2\/posts\/40902","targetHints":{"allow":["GET"]}}],"collection":[{"href":"https:\/\/www.regioncuatronoticias.com\/index.php\/wp-json\/wp\/v2\/posts"}],"about":[{"href":"https:\/\/www.regioncuatronoticias.com\/index.php\/wp-json\/wp\/v2\/types\/post"}],"author":[{"embeddable":true,"href":"https:\/\/www.regioncuatronoticias.com\/index.php\/wp-json\/wp\/v2\/users\/1"}],"replies":[{"embeddable":true,"href":"https:\/\/www.regioncuatronoticias.com\/index.php\/wp-json\/wp\/v2\/comments?post=40902"}],"version-history":[{"count":1,"href":"https:\/\/www.regioncuatronoticias.com\/index.php\/wp-json\/wp\/v2\/posts\/40902\/revisions"}],"predecessor-version":[{"id":40904,"href":"https:\/\/www.regioncuatronoticias.com\/index.php\/wp-json\/wp\/v2\/posts\/40902\/revisions\/40904"}],"wp:featuredmedia":[{"embeddable":true,"href":"https:\/\/www.regioncuatronoticias.com\/index.php\/wp-json\/wp\/v2\/media\/40903"}],"wp:attachment":[{"href":"https:\/\/www.regioncuatronoticias.com\/index.php\/wp-json\/wp\/v2\/media?parent=40902"}],"wp:term":[{"taxonomy":"category","embeddable":true,"href":"https:\/\/www.regioncuatronoticias.com\/index.php\/wp-json\/wp\/v2\/categories?post=40902"},{"taxonomy":"post_tag","embeddable":true,"href":"https:\/\/www.regioncuatronoticias.com\/index.php\/wp-json\/wp\/v2\/tags?post=40902"}],"curies":[{"name":"wp","href":"https:\/\/api.w.org\/{rel}","templated":true}]}}