{"id":40899,"date":"2026-04-30T21:53:06","date_gmt":"2026-05-01T04:53:06","guid":{"rendered":"https:\/\/www.regioncuatronoticias.com\/?p=40899"},"modified":"2026-04-30T21:53:10","modified_gmt":"2026-05-01T04:53:10","slug":"dia-del-trabajo-sin-trabajar","status":"publish","type":"post","link":"https:\/\/www.regioncuatronoticias.com\/index.php\/2026\/04\/30\/dia-del-trabajo-sin-trabajar\/","title":{"rendered":"D\u00eda del Trabajo sin trabajar"},"content":{"rendered":"\n<p><strong>Columna Corren Rumores<\/strong><\/p>\n\n\n\n<p><strong>Hilario Olea<\/strong><\/p>\n\n\n\n<p><strong>D\u00eda del Trabajo sin trabajar<\/strong><\/p>\n\n\n\n<p><strong>Viernes 1 de mayo de 2026<\/strong><\/p>\n\n\n\n<p><strong>FECHA IMPORTADA\u2026<\/strong> Hoy en M\u00e9xico se celebra el D\u00eda del Trabajo que es un evento importado de Estados Unidos por los m\u00e1rtires de Chicago de 1886, en lugar de que fuera por eventos mexicanos como la Huelga de Cananea o de R\u00edo Blanco. Pero en fin as\u00ed somos. Recordar que solo tenemos dos fiestas propias que son el D\u00eda de Muertos y de la Virgen de Guadalupe. Porque lo que es el D\u00eda de la Madre o del Padre son made in USA. Igual los dem\u00e1s que celebramos como Navidad o A\u00f1o Nuevo. Pero bueno, el caso es que hoy los trabajadores aprovechan en muchas partes para mostrar m\u00fasculo con los desfiles donde presentan demandas, exigencias y en algunos casos protestas. Aqu\u00ed es donde adem\u00e1s se mide el clima laboral, porque si el gobernador est\u00e1 presente es que la cosa est\u00e1 calmada. Pero si manda a un funcionario en su representaci\u00f3n, es que las cosas sindicales est\u00e1n calientes. Ya veremos.<\/p>\n\n\n\n<p>DESFILE PARA TODOS\u2026En los desfiles del trabajo ha habido de todo. Cuando el PRI era el partido dominante el evento empezaba en la explanada del partido. De ah\u00ed sal\u00edan los contingentes encabezados por el gobernador priista en turno, quien sub\u00eda al balc\u00f3n de palacio para saludar a los diferentes contingentes. Luego comenzaron las diferencias al grado de que lleg\u00f3 un momento en que hubo dos desfiles, el oficial y el de sindicados y grupos disidentes. Unos iban para apoyar al gobernador y al gobierno, y los otros para protestar con todo tipo de ocurrencias, como quemar ata\u00fades enfrente del templete donde estaba el gobernador. Pero no pasaba a mayores. Gritos y mentadas de madre pero hasta ah\u00ed.<\/p>\n\n\n\n<p><strong>CON LA CTM NO SE METAN\u2026 <\/strong>Hubo desfiles donde se colaron los grupos izquierdistas de la Universidad de Sonora para tratar de sabotear el evento. Se colaban a la brava y ah\u00ed insultaban a los participantes, hasta que toparon con la CTM. Por los 80\u2019s tomaron por sorpresa a la central obrera al colarse en su desfile y llenarlos de insultos, y en algunos casos hasta escupitajos. Al siguiente a\u00f1o los estaban esperando bien armados con varillas camufladas y cuando quisieron hacer lo mismo de meterse a la brava les entraron a darles con singular alegr\u00eda. Los saboteadores no sab\u00edan para donde correr. Incluso a pesar de ser ateos unos se metieron a Catedral y se pusieron a rezar. Despu\u00e9s de esa pela ya no se metieron con la CTM. Que dicho sea de paso desde hace unos a\u00f1os hace su propia celebraci\u00f3n en el CUM, donde muestran m\u00fasculo y capacidad de convocatoria, porque uno de los principales invitados es el gobernador en turno, quien hace testimonio de amistad con el gremio, ahora sobre todo que la central obrera est\u00e1 alineada con la 4T.<\/p>\n\n\n\n<p><strong>FAUSTO AL SALON DE LA FAMA\u2026 <\/strong>Nos hacen llegar la informaci\u00f3n de que uno de los mejores cronistas deportivos de Sonora, Fausto Soto Silva est\u00e1 nominado para entrar al Sal\u00f3n de la Fama del Beisbol Mexicano como parte de la Clase 2026, precisamente en categor\u00eda de cronista. Los que tuvimos la suerte de escuchar sus cr\u00f3nicas estamos de acuerdo que era de clase excepcional, porque le pon\u00eda gran ambiente al narrar los juego. Se lleg\u00f3 el caso en que muchos que iban al estadio se llevaban radios port\u00e1tiles para escuchar la narraci\u00f3n de Fausto, porque lo hac\u00eda m\u00e1s emocionante. Hoy habr\u00e1 la oportunidad de que se le reconozca en esta etapa de su exitosa carrera de cronista.<\/p>\n\n\n\n<p><strong>FAUSTO, EL PERIODISTA\u2026<\/strong> Su nieto Bruno Soto nos envi\u00f3 informaci\u00f3n para recordarnos que Fausto no solo fue cronista deportivo, sino un innovador en las noticias de radio con su programa \u201cRadio Peri\u00f3dico\u201d. Esto nos dice: \u201cLa historia de Fausto es la del esfuerzo que nace en la provincia. Desde su natal Churunibabi, cerca de Nacozari de Garc\u00eda, hasta sus primeros pasos en las cr\u00f3nicas de Cananea, su ascenso fue imparable hasta convertirse en &#8220;El Hombre Antena&#8221;. Sin embargo, su impacto no se limit\u00f3 al deporte. A trav\u00e9s de &#8220;Radio Peri\u00f3dico&#8221;, Fausto Soto Silva revolucion\u00f3 el periodismo pol\u00edtico y ciudadano en Sonora. Fue el pionero en abrir los micr\u00f3fonos a la gente, creando un espacio de an\u00e1lisis y denuncia social que le dio voz a quienes no la ten\u00edan, influyendo directamente en la agenda p\u00fablica y la vinculaci\u00f3n ciudadana. Mas que un comunicador, Fausto fue un maestro para generaciones de periodistas, un referente para la clase pol\u00edtica y, sobre todo, un pilar para su familia. Su posible ingreso al Sal\u00f3n de la Fama no es solo un reconocimiento a su impecable carrera; es un acto de justicia para una voz que, a\u00fan hoy, sigue resonando en el coraz\u00f3n de Sonora\u201d. En eso estamos totalmente de acuerdo.<\/p>\n\n\n\n<p><strong>En fin, lo bueno que hoy, hoy es un sabroso\u2026 \u00a1\u00a1\u00a1Viernes!!! y como dice en Sinaloa, m\u00e1s vale correr a que te extraditen. Sale.<\/strong><\/p>\n\n\n\n<p><strong>S\u00edganos en la cuenta de X o Twitter @hilarioolea.<\/strong><\/p>\n\n\n\n<p><strong>Pueden vernos de lunes a viernes de 8 a 9 de la noche en nuestro canal de YouTube \u201cEntre Todos Digital\u201d.<\/strong><\/p>\n\n\n\n<p><strong>Sigan nuestras redes sociales<\/strong><\/p>\n","protected":false},"excerpt":{"rendered":"<p>Columna Corren Rumores Hilario Olea D\u00eda del Trabajo sin trabajar Viernes 1 de mayo de 2026 FECHA IMPORTADA\u2026 Hoy en M\u00e9xico se celebra el D\u00eda del Trabajo que es un evento importado de Estados Unidos por los m\u00e1rtires de Chicago de 1886, en lugar de que fuera por eventos mexicanos como la Huelga de Cananea [&hellip;]<\/p>\n","protected":false},"author":1,"featured_media":40900,"comment_status":"open","ping_status":"open","sticky":false,"template":"","format":"standard","meta":{"content-type":"","footnotes":""},"categories":[121],"tags":[],"class_list":{"0":"post-40899","1":"post","2":"type-post","3":"status-publish","4":"format-standard","5":"has-post-thumbnail","7":"category-hilarioolea"},"_links":{"self":[{"href":"https:\/\/www.regioncuatronoticias.com\/index.php\/wp-json\/wp\/v2\/posts\/40899","targetHints":{"allow":["GET"]}}],"collection":[{"href":"https:\/\/www.regioncuatronoticias.com\/index.php\/wp-json\/wp\/v2\/posts"}],"about":[{"href":"https:\/\/www.regioncuatronoticias.com\/index.php\/wp-json\/wp\/v2\/types\/post"}],"author":[{"embeddable":true,"href":"https:\/\/www.regioncuatronoticias.com\/index.php\/wp-json\/wp\/v2\/users\/1"}],"replies":[{"embeddable":true,"href":"https:\/\/www.regioncuatronoticias.com\/index.php\/wp-json\/wp\/v2\/comments?post=40899"}],"version-history":[{"count":1,"href":"https:\/\/www.regioncuatronoticias.com\/index.php\/wp-json\/wp\/v2\/posts\/40899\/revisions"}],"predecessor-version":[{"id":40901,"href":"https:\/\/www.regioncuatronoticias.com\/index.php\/wp-json\/wp\/v2\/posts\/40899\/revisions\/40901"}],"wp:featuredmedia":[{"embeddable":true,"href":"https:\/\/www.regioncuatronoticias.com\/index.php\/wp-json\/wp\/v2\/media\/40900"}],"wp:attachment":[{"href":"https:\/\/www.regioncuatronoticias.com\/index.php\/wp-json\/wp\/v2\/media?parent=40899"}],"wp:term":[{"taxonomy":"category","embeddable":true,"href":"https:\/\/www.regioncuatronoticias.com\/index.php\/wp-json\/wp\/v2\/categories?post=40899"},{"taxonomy":"post_tag","embeddable":true,"href":"https:\/\/www.regioncuatronoticias.com\/index.php\/wp-json\/wp\/v2\/tags?post=40899"}],"curies":[{"name":"wp","href":"https:\/\/api.w.org\/{rel}","templated":true}]}}