{"id":40893,"date":"2026-04-30T19:14:55","date_gmt":"2026-05-01T02:14:55","guid":{"rendered":"https:\/\/www.regioncuatronoticias.com\/?p=40893"},"modified":"2026-04-30T19:14:59","modified_gmt":"2026-05-01T02:14:59","slug":"rocha-moya-el-garcia-luna-de-la-4t","status":"publish","type":"post","link":"https:\/\/www.regioncuatronoticias.com\/index.php\/2026\/04\/30\/rocha-moya-el-garcia-luna-de-la-4t\/","title":{"rendered":"Rocha Moya: \u00bfel \u201cGarc\u00eda Luna\u201d de la 4T?"},"content":{"rendered":"\n<p><strong>Columna Encuadre<\/strong><\/p>\n\n\n\n<p><strong>Jos\u00e9 F. Medina<\/strong><\/p>\n\n\n\n<p><strong>&nbsp;Rocha Moya: \u00bfel \u201cGarc\u00eda Luna\u201d de la 4T?<\/strong><\/p>\n\n\n\n<p><strong>Jueves 30 de abril de 2026<\/strong><\/p>\n\n\n\n<p>A Rub\u00e9n Rocha Moya, la 4T lo protegi\u00f3, lo cuid\u00f3, lo cobij\u00f3 y lo toler\u00f3\u2026y es muy probable que hoy, lo abandone a su suerte.<\/p>\n\n\n\n<p>Si el gobierno de la presidenta Sheinbaum no quiere cometer suicidio pol\u00edtico y dar una estocada a sus relaciones bilaterales con Estados Unidos, no puede ni debe salir a defenderlo a ultranza.<\/p>\n\n\n\n<p>El gobernador de Sinaloa ya lleva en su pecho la Letra Escarlata como castigo p\u00fablico, no por adulterio, como en la famosa novela hist\u00f3rica de Nathaniel Hawtorne, sino como acusado formalmente por las autoridades del vecino pa\u00eds del norte por estar coludido con el narcotr\u00e1fico, concretamente con la facci\u00f3n de \u201cLos Chapitos\u201d, del C\u00e1rtel de Sinaloa.<\/p>\n\n\n\n<p>Un secreto a voces que hoy se materializa. Junto a \u00e9l, tambi\u00e9n fue acusado quien fuera su secretario de Gobierno y hoy senador morenista, Enrique Inzunza, a quien por cierto ya impulsaba para sucederlo en la gubernatura. Por lo que se ve, en sus c\u00e1lculos pol\u00edticos se sent\u00edan intocables.<\/p>\n\n\n\n<p>Ocho funcionarios del gobierno sinaloense, algunos polic\u00edas, forman parte adem\u00e1s de esta grave acusaci\u00f3n surgida desde el Departamento de Defensa de nuestros primos g\u00fceros.<\/p>\n\n\n\n<p>Si alguien dudaba que la administraci\u00f3n de Donald Trump no ven\u00eda por todas las catotas en el tema del combate al narcotr\u00e1fico, pues vaya rotunda equivocaci\u00f3n. Fue la cr\u00f3nica de una tormenta anunciada desde su campa\u00f1a a la presidencia.<\/p>\n\n\n\n<p>La amenaza y las se\u00f1ales siempre estuvieron latentes. La insistencia del gobierno de Mr. Orange y las dudas de la administraci\u00f3n de la presidenta Sheinbaum para actuar contra los narcopol\u00edticos, muchos de ellos surgidos de las filas morenistas, provoc\u00f3 la reacci\u00f3n de los gabachos que hoy estamos viendo.<\/p>\n\n\n\n<p>Seg\u00fan puedo percibir, varios son los factores que provocaron esta tormenta perfecta en el ecosistema pol\u00edtico-delincuencial de nuestro pa\u00eds, pero dos en particular: la necesidad del \u201ccopete naranja\u201d de otro gran golpe medi\u00e1tico para contrarrestar su bajo \u00edndice de popularidad por su guerra contra Ir\u00e1n, y la casi heroica resistencia del gobierno mexicano a actuar contra los pol\u00edticos protectores de narcos.<\/p>\n\n\n\n<p>A\u00fan tengo fresca en mi memoria que en medio de la borrachera electoral por el contundente triunfo de la Doctora en la elecci\u00f3n presidencial del 2024, L\u00f3pez Obrador y la propia presidenta electa sostuvieron al menos un par de reuniones p\u00fablicas con Rocha Moya, en un claro desaf\u00edo a las voces que se\u00f1alaban su incapacidad para garantizar la paz en Sinaloa y sus presuntos nexos con el narco.<\/p>\n\n\n\n<p>De hecho, senadores y diputados morenistas de la legislatura pasada, al grito de \u201cgobernador, gobernador\u201d, se lanzaron ferozmente en su defensa una vez que tuvieron el arrojo de recibirlo en el sal\u00f3n de plenos.<\/p>\n\n\n\n<p>Y qu\u00e9 decir del desplegado period\u00edstico de los gobernadores guindas para \u201csolidarizarse\u201d con uno de los suyos.<\/p>\n\n\n\n<p>Habr\u00eda que ver ahora cu\u00e1ntos de esos diputados, senadores y gobernadores, inclusive la misma Presidenta, se atreven a salir en su defensa.<\/p>\n\n\n\n<p>De hecho, el horno no est\u00e1 para bollos. Ahora mismo nuestra mandataria \u2013again- se encuentra entre la espada de Trump y la pared de L\u00f3pez Obrador; entre comportarse como una verdadera Jefa de Estado o como jefa de un movimiento; entre deslindarse y actuar contra los corruptos pol\u00edticos narcos de Morena o cobijarlos con el manto guinda protector.<\/p>\n\n\n\n<p>Cualquier decisi\u00f3n que tome, sin duda, tendr\u00e1 consecuencias. Que sea lo mejor para el pa\u00eds\u2026y para su gobierno.<\/p>\n\n\n\n<p>Espero que no saque a relucir el mismo manual utilizado cada vez que tiene que dar la cara por uno de los suyos, porque ya est\u00e1 muy desgastado, no da para m\u00e1s.<\/p>\n\n\n\n<p>En tanto, como bien dice el proverbio b\u00edblico que \u201ccon la misma vara que midas, ser\u00e1s medido\u201d, la 4T, con Rocha Moya, ya tiene a su \u201cGarc\u00eda Luna\u201d. Los budistas le llaman \u201ckarma\u201d.<\/p>\n\n\n\n<p>Esta serie tipo Netflix, reci\u00e9n empieza. Y promete, aunque el todav\u00eda gobernador sinaloense asegure \u201cque no va a pasar nada\u201d y que todo el sainete gringo no solo es para atacarlo a \u00e9l, sino para da\u00f1ar al movimiento de la cuarta transformaci\u00f3n y \u201ca sus emblem\u00e1ticos liderazgos\u201d. Ya salpic\u00f3 a AMLO. \u00bfAmenaza velada?<\/p>\n\n\n\n<p><strong>&nbsp;ENCUADRE PUNZANTE<\/strong><\/p>\n\n\n\n<p>1). Una buena y una mala en el tema de la Universidad de Sonora. La buena: la asamblea general del Sindicato de Trabajadores Acad\u00e9micos acord\u00f3 ayer prorrogar el estallamiento de huelga hasta el pr\u00f3ximo 14 de mayo; la mala: los maestros rechazaron la \u00faltima propuesta de incremento a algunas prestaciones por parte de la autoridad universitaria, por considerarla insuficiente. M\u00e1s mesas de negociaci\u00f3n.<\/p>\n\n\n\n<p>2). La pr\u00f3rroga acordada por el STAUS no significa que nuestra m\u00e1xima casa de estudios abra sus puertas. El otro sindicato, el de trabajadores y empleados (STEUS) contin\u00faa con su huelga \u201cde hecho\u201d que mantiene a\u00fan paralizadas las actividades.<\/p>\n\n\n\n<p>3). La Ma\u00f1anera del Pueblo de hoy jueves 30 de abril, seguramente ser\u00e1 una de las de mayor audiencia en lo que va del sexenio de la Cient\u00edfica. El morbo que rodea al caso Rocha Moya, el motivo.<\/p>\n\n\n\n<p>4). Este mi\u00e9rcoles, como se los anunci\u00e9, estuvo en la mesa de periodistas Libre Expresi\u00f3n, la tesorera de Hermosillo, Flor Ayala. De los pesos y centavos del municipio, dio una amplia explicaci\u00f3n, resaltando la buena noticia surgida precisamente en estos d\u00edas y dada a conocer por la calificadora Fitch Ratings, sobre su deuda a largo plazo: de estable subi\u00f3 a positiva. Seg\u00fan la funcionaria, esto habla del buen manejo de las finanzas municipales. Por lo dem\u00e1s, no solt\u00f3 prenda: sigue sin develar el gran misterio que le rodea sobre su posible participaci\u00f3n como aspirante a la candidatura por la alcald\u00eda hermosillense. \u00a1Qu\u00e9 nervios!<\/p>\n\n\n\n<p>IN PROXIMUM<\/p>\n\n\n\n<p>CARPE DIEM<\/p>\n\n\n\n<p><strong>&nbsp;Me puedes seguir en FB: Jos\u00e9 Felipe Medina<\/strong><\/p>\n\n\n\n<p><strong>Tambi\u00e9n en X: @josefe31, @fm_informativo<\/strong><\/p>\n\n\n\n<p><strong>Correo electr\u00f3nico: josefe31@gmail.com<\/strong><\/p>\n\n\n\n<p><strong>FMINFORMATIVO.COM<\/strong><\/p>\n","protected":false},"excerpt":{"rendered":"<p>Columna Encuadre Jos\u00e9 F. Medina &nbsp;Rocha Moya: \u00bfel \u201cGarc\u00eda Luna\u201d de la 4T? Jueves 30 de abril de 2026 A Rub\u00e9n Rocha Moya, la 4T lo protegi\u00f3, lo cuid\u00f3, lo cobij\u00f3 y lo toler\u00f3\u2026y es muy probable que hoy, lo abandone a su suerte. Si el gobierno de la presidenta Sheinbaum no quiere cometer suicidio [&hellip;]<\/p>\n","protected":false},"author":1,"featured_media":40894,"comment_status":"open","ping_status":"open","sticky":false,"template":"","format":"standard","meta":{"content-type":"","footnotes":""},"categories":[122],"tags":[],"class_list":{"0":"post-40893","1":"post","2":"type-post","3":"status-publish","4":"format-standard","5":"has-post-thumbnail","7":"category-jose-felipe-medina"},"_links":{"self":[{"href":"https:\/\/www.regioncuatronoticias.com\/index.php\/wp-json\/wp\/v2\/posts\/40893","targetHints":{"allow":["GET"]}}],"collection":[{"href":"https:\/\/www.regioncuatronoticias.com\/index.php\/wp-json\/wp\/v2\/posts"}],"about":[{"href":"https:\/\/www.regioncuatronoticias.com\/index.php\/wp-json\/wp\/v2\/types\/post"}],"author":[{"embeddable":true,"href":"https:\/\/www.regioncuatronoticias.com\/index.php\/wp-json\/wp\/v2\/users\/1"}],"replies":[{"embeddable":true,"href":"https:\/\/www.regioncuatronoticias.com\/index.php\/wp-json\/wp\/v2\/comments?post=40893"}],"version-history":[{"count":1,"href":"https:\/\/www.regioncuatronoticias.com\/index.php\/wp-json\/wp\/v2\/posts\/40893\/revisions"}],"predecessor-version":[{"id":40895,"href":"https:\/\/www.regioncuatronoticias.com\/index.php\/wp-json\/wp\/v2\/posts\/40893\/revisions\/40895"}],"wp:featuredmedia":[{"embeddable":true,"href":"https:\/\/www.regioncuatronoticias.com\/index.php\/wp-json\/wp\/v2\/media\/40894"}],"wp:attachment":[{"href":"https:\/\/www.regioncuatronoticias.com\/index.php\/wp-json\/wp\/v2\/media?parent=40893"}],"wp:term":[{"taxonomy":"category","embeddable":true,"href":"https:\/\/www.regioncuatronoticias.com\/index.php\/wp-json\/wp\/v2\/categories?post=40893"},{"taxonomy":"post_tag","embeddable":true,"href":"https:\/\/www.regioncuatronoticias.com\/index.php\/wp-json\/wp\/v2\/tags?post=40893"}],"curies":[{"name":"wp","href":"https:\/\/api.w.org\/{rel}","templated":true}]}}