{"id":40880,"date":"2026-04-30T08:37:28","date_gmt":"2026-04-30T15:37:28","guid":{"rendered":"https:\/\/www.regioncuatronoticias.com\/?p=40880"},"modified":"2026-04-30T08:37:32","modified_gmt":"2026-04-30T15:37:32","slug":"sin-pruebas-no-hay-nada-que-temer-dice-sheinbaum-a-ruben-rocha-tras-acusaciones-de-eu-sostuvieron-llamada-telefonica","status":"publish","type":"post","link":"https:\/\/www.regioncuatronoticias.com\/index.php\/2026\/04\/30\/sin-pruebas-no-hay-nada-que-temer-dice-sheinbaum-a-ruben-rocha-tras-acusaciones-de-eu-sostuvieron-llamada-telefonica\/","title":{"rendered":"Sin pruebas \u201cno hay nada que temer\u201d, dice Sheinbaum a Rub\u00e9n Rocha tras acusaciones de EU; sostuvieron llamada telef\u00f3nica"},"content":{"rendered":"\n<p><strong>La Presidenta expres\u00f3 que desde su administraci\u00f3n van a seguir &#8220;cuidando&#8221; y brindando seguridad a Sinaloa<\/strong><\/p>\n\n\n\n<p>Tomado de El Universal<\/p>\n\n\n\n<p>Eduardo Dina<\/p>\n\n\n\n<p>Jueves 30 de abril de 2026<\/p>\n\n\n\n<p>La presidenta Claudia Sheinbaum Pardo confirm\u00f3 que ayer habl\u00f3 por tel\u00e9fono con el gobernador de Sinaloa, Rub\u00e9n Rocha Moya y le manifest\u00f3 que sin pruebas contundentes \u201cno hay nada que temer\u201d. Afirm\u00f3 que aunque se tratara de un gobernador de otro partido pol\u00edtico, tendr\u00eda la misma postura.<\/p>\n\n\n\n<p>\u201cLe manifest\u00e9 lo que manifiesto aqu\u00ed: Si no hay nada, no hay nada que temer, nada. Tiene que haber pruebas. P\u00f3nganse ustedes un ciudadano que no tenga un cargo de elecci\u00f3n popular, una detenci\u00f3n sin pruebas, pues no, \u00bfverdad? Es lo mismo para un gobernador que en todo caso, primero tendr\u00eda que haber una desafuero si es que se llegara a encontrar que hay alguna prueba en contra de, todo bajo el Estado de Derecho\u201d, expres\u00f3.<\/p>\n\n\n\n<p>Durante la conferencia matutina de este jueves 30 de abril, la mandataria se\u00f1al\u00f3 que le corresponde defender la Constituci\u00f3n Pol\u00edtica de los Estados Unidos Mexicanos, as\u00ed como las leyes y soberan\u00eda de M\u00e9xico \u201cque no puede bajo ning\u00fan<\/p>\n\n\n\n<p>Indic\u00f3 que el departamento jur\u00eddico de la Secretar\u00eda de Relaciones Exteriores (SRE) no encontr\u00f3 pruebas suficientes en el documento enviado por el Departamento de Justicia de Estados Unidos, por lo que lo turn\u00f3 a la Fiscal\u00eda General de la Rep\u00fablica (FGR).<\/p>\n\n\n\n<p>-\u201c\u00bfC\u00f3mo la presidenta va a acusar a un gobernador sin pruebas? Yo les voy a decir, actuar\u00eda exactamente de la misma manera, trat\u00e1ndose de un gobernador del PRI, del PAN, de Movimiento Ciudadano. Imag\u00ednense que viniera una petici\u00f3n de extradici\u00f3n o de detenci\u00f3n provisional con fines de extradici\u00f3n, a un gobernador de otro partido o a una gobernadora de otro partido. Sin ninguna prueba. \u00bfQue porque es de otro partido voy a actuar distinto? No\u201d, expres\u00f3.<\/p>\n\n\n\n<p><strong>&#8220;Nosotros vamos a seguir cuidando a Sinaloa&#8221;, dice Sheinbaum<\/strong><\/p>\n\n\n\n<p>Despu\u00e9s de que el Departamento de Justicia de Estados Unidos anunci\u00f3 acusaciones contra el gobernador de Sinaloa, Rub\u00e9n Rocha Moya, y otras nueve personas por tr\u00e1fico de drogas y delitos relacionados con armas; la presidenta Claudia Sheinbaum afirm\u00f3 que la seguridad continuar\u00e1 en el estado.<\/p>\n\n\n\n<p>\u201cVamos a seguir protegiendo a Sinaloa, al pueblo de Sinaloa. Est\u00e1 el secretario de Seguridad, un general de la Defensa Nacional est\u00e1 fortaleciendo la Fiscal\u00eda General de la Rep\u00fablica, lo que corresponder\u00eda a las fiscal\u00edas, sedes de la Fiscal\u00eda General de la Rep\u00fablica en Sinaloa y con la presencia de las fuerzas federales\u201d, dijo.<\/p>\n\n\n\n<p>La mandataria asegur\u00f3 que Sinaloa tiene un pueblo extraordinario y es un gran estado, considerado el \u201cgranero\u201d de M\u00e9xico. Se\u00f1al\u00f3 que las autoridades continuar\u00e1n protegiendo a las y los sinaloenses siempre: \u201ces muy grave esta estigmatizaci\u00f3n que se ha hecho de Sinaloa\u201d, lament\u00f3.<\/p>\n\n\n\n<p><a href=\"https:\/\/www.eluniversal.com.mx\/nacion\/sin-pruebas-no-hay-nada-que-temer-dice-sheinbaum-a-ruben-rocha-tras-acusaciones-de-eu-sostuvieron-llamada-telefonica\">https:\/\/www.eluniversal.com.mx\/nacion\/sin-pruebas-no-hay-nada-que-temer-dice-sheinbaum-a-ruben-rocha-tras-acusaciones-de-eu-sostuvieron-llamada-telefonica<\/a><\/p>\n","protected":false},"excerpt":{"rendered":"<p>La Presidenta expres\u00f3 que desde su administraci\u00f3n van a seguir &#8220;cuidando&#8221; y brindando seguridad a Sinaloa Tomado de El Universal Eduardo Dina Jueves 30 de abril de 2026 La presidenta Claudia Sheinbaum Pardo confirm\u00f3 que ayer habl\u00f3 por tel\u00e9fono con el gobernador de Sinaloa, Rub\u00e9n Rocha Moya y le manifest\u00f3 que sin pruebas contundentes \u201cno [&hellip;]<\/p>\n","protected":false},"author":1,"featured_media":40881,"comment_status":"open","ping_status":"open","sticky":false,"template":"","format":"standard","meta":{"content-type":"","footnotes":""},"categories":[7,3,115,105],"tags":[],"class_list":{"0":"post-40880","1":"post","2":"type-post","3":"status-publish","4":"format-standard","5":"has-post-thumbnail","7":"category-internacional","8":"category-mexico","9":"category-politica","10":"category-principal"},"_links":{"self":[{"href":"https:\/\/www.regioncuatronoticias.com\/index.php\/wp-json\/wp\/v2\/posts\/40880","targetHints":{"allow":["GET"]}}],"collection":[{"href":"https:\/\/www.regioncuatronoticias.com\/index.php\/wp-json\/wp\/v2\/posts"}],"about":[{"href":"https:\/\/www.regioncuatronoticias.com\/index.php\/wp-json\/wp\/v2\/types\/post"}],"author":[{"embeddable":true,"href":"https:\/\/www.regioncuatronoticias.com\/index.php\/wp-json\/wp\/v2\/users\/1"}],"replies":[{"embeddable":true,"href":"https:\/\/www.regioncuatronoticias.com\/index.php\/wp-json\/wp\/v2\/comments?post=40880"}],"version-history":[{"count":1,"href":"https:\/\/www.regioncuatronoticias.com\/index.php\/wp-json\/wp\/v2\/posts\/40880\/revisions"}],"predecessor-version":[{"id":40882,"href":"https:\/\/www.regioncuatronoticias.com\/index.php\/wp-json\/wp\/v2\/posts\/40880\/revisions\/40882"}],"wp:featuredmedia":[{"embeddable":true,"href":"https:\/\/www.regioncuatronoticias.com\/index.php\/wp-json\/wp\/v2\/media\/40881"}],"wp:attachment":[{"href":"https:\/\/www.regioncuatronoticias.com\/index.php\/wp-json\/wp\/v2\/media?parent=40880"}],"wp:term":[{"taxonomy":"category","embeddable":true,"href":"https:\/\/www.regioncuatronoticias.com\/index.php\/wp-json\/wp\/v2\/categories?post=40880"},{"taxonomy":"post_tag","embeddable":true,"href":"https:\/\/www.regioncuatronoticias.com\/index.php\/wp-json\/wp\/v2\/tags?post=40880"}],"curies":[{"name":"wp","href":"https:\/\/api.w.org\/{rel}","templated":true}]}}