{"id":40877,"date":"2026-04-30T08:26:27","date_gmt":"2026-04-30T15:26:27","guid":{"rendered":"https:\/\/www.regioncuatronoticias.com\/?p=40877"},"modified":"2026-04-30T08:26:35","modified_gmt":"2026-04-30T15:26:35","slug":"sheinbaum-pide-pruebas-claras-en-caso-ruben-rocha-si-no-es-politico-dice","status":"publish","type":"post","link":"https:\/\/www.regioncuatronoticias.com\/index.php\/2026\/04\/30\/sheinbaum-pide-pruebas-claras-en-caso-ruben-rocha-si-no-es-politico-dice\/","title":{"rendered":"Sheinbaum pide pruebas claras en caso Rub\u00e9n Rocha; si no, es pol\u00edtico, dice"},"content":{"rendered":"\n<p><strong>La Presidenta dijo que en este caso se debe garantizar la &#8220;verdad, justicia y defensa de la soberan\u00eda&#8221;<\/strong><\/p>\n\n\n\n<p>Tomado de El Universal<\/p>\n\n\n\n<p>Eduardo Dina\/ Salvador Corona<\/p>\n\n\n\n<p>Jueves 30 de abril de 2026<\/p>\n\n\n\n<p>La presidenta Claudia Sheinbaum Pardo fij\u00f3 un posicionamiento ante las acusaciones de Estados Unidos contra el gobernador Rub\u00e9n Rocha Moya y otras personas por narcotr\u00e1fico.<\/p>\n\n\n\n<p>\u201cMi posici\u00f3n ante estos hechos es: verdad, justicia y defensa de la soberan\u00eda. Es decir, si la Fiscal\u00eda General de la Rep\u00fablica, que es la autoridad competente, recibe pruebas contundentes e irrefutables conforme a la legislaci\u00f3n mexicana, o en su propia investigaci\u00f3n encuentra elementos constitutivos de un delito, deber\u00e1 proceder conforme a derecho, bajo nuestra jurisdicci\u00f3n\u201d, dijo Sheinbaum Pardo en su conferencia ma\u00f1anera de este jueves 30 de abril en Palacio Nacional.<\/p>\n\n\n\n<p>\u201cNosotros no vamos a cubrir a nadie que haya cometido un delito; sin embargo, si no existen pruebas claras, es evidente que el objetivo de estas imputaciones por parte del Departamento de Justicia es pol\u00edtico\u201d, agreg\u00f3.<\/p>\n\n\n\n<p>La Mandataria federal indic\u00f3 que debe quedar sumamente claro que \u201cbajo ning\u00fan motivo vamos a permitir la intromisi\u00f3n o injerencia de un gobierno extranjero en las decisiones que le competen exclusivamente al pueblo de M\u00e9xico\u201d.<\/p>\n\n\n\n<p>\u201cVerdad, justicia y defensa de la soberan\u00eda, esta es nuestra posici\u00f3n\u201d, recalc\u00f3 la titular del Ejecutivo federal.<\/p>\n\n\n\n<p>Coment\u00f3 que la Fiscal\u00eda se\u00f1al\u00f3 que iniciar\u00e1 una investigaci\u00f3n para allegarse de toda la informaci\u00f3n necesaria para conocer si existen datos de prueba que establezcan que la acusaci\u00f3n hecha por las autoridades estadounidenses cuenta con el fundamento legal para solicitar \u00f3rdenes de aprehensi\u00f3n.<\/p>\n\n\n\n<p>Mencion\u00f3 que desde que asumi\u00f3 la Presidencia, jur\u00f3 hacer respetar la Constituci\u00f3n y las leyes, as\u00ed como asumi\u00f3 el compromiso de velar por el bienestar del pueblo y la defensa de la soberan\u00eda nacional.<\/p>\n\n\n\n<p>\u201cM\u00e9xico es un pa\u00eds grandioso, con un pueblo generoso y trabajador. M\u00e9xico establece una relaci\u00f3n de iguales con todas las naciones, nunca de subordinaci\u00f3n y menos de entreguismo\u201d, declar\u00f3.<\/p>\n\n\n\n<p><a href=\"https:\/\/www.eluniversal.com.mx\/nacion\/sheinbaum-pide-pruebas-claras-en-caso-ruben-rocha-si-no-es-evidente-que-el-objetivo-de-estas-imputaciones-es-politico-dice\">https:\/\/www.eluniversal.com.mx\/nacion\/sheinbaum-pide-pruebas-claras-en-caso-ruben-rocha-si-no-es-evidente-que-el-objetivo-de-estas-imputaciones-es-politico-dice<\/a><\/p>\n","protected":false},"excerpt":{"rendered":"<p>La Presidenta dijo que en este caso se debe garantizar la &#8220;verdad, justicia y defensa de la soberan\u00eda&#8221; Tomado de El Universal Eduardo Dina\/ Salvador Corona Jueves 30 de abril de 2026 La presidenta Claudia Sheinbaum Pardo fij\u00f3 un posicionamiento ante las acusaciones de Estados Unidos contra el gobernador Rub\u00e9n Rocha Moya y otras personas [&hellip;]<\/p>\n","protected":false},"author":1,"featured_media":40878,"comment_status":"open","ping_status":"open","sticky":false,"template":"","format":"standard","meta":{"content-type":"","footnotes":""},"categories":[7,3,115,105],"tags":[],"class_list":{"0":"post-40877","1":"post","2":"type-post","3":"status-publish","4":"format-standard","5":"has-post-thumbnail","7":"category-internacional","8":"category-mexico","9":"category-politica","10":"category-principal"},"_links":{"self":[{"href":"https:\/\/www.regioncuatronoticias.com\/index.php\/wp-json\/wp\/v2\/posts\/40877","targetHints":{"allow":["GET"]}}],"collection":[{"href":"https:\/\/www.regioncuatronoticias.com\/index.php\/wp-json\/wp\/v2\/posts"}],"about":[{"href":"https:\/\/www.regioncuatronoticias.com\/index.php\/wp-json\/wp\/v2\/types\/post"}],"author":[{"embeddable":true,"href":"https:\/\/www.regioncuatronoticias.com\/index.php\/wp-json\/wp\/v2\/users\/1"}],"replies":[{"embeddable":true,"href":"https:\/\/www.regioncuatronoticias.com\/index.php\/wp-json\/wp\/v2\/comments?post=40877"}],"version-history":[{"count":1,"href":"https:\/\/www.regioncuatronoticias.com\/index.php\/wp-json\/wp\/v2\/posts\/40877\/revisions"}],"predecessor-version":[{"id":40879,"href":"https:\/\/www.regioncuatronoticias.com\/index.php\/wp-json\/wp\/v2\/posts\/40877\/revisions\/40879"}],"wp:featuredmedia":[{"embeddable":true,"href":"https:\/\/www.regioncuatronoticias.com\/index.php\/wp-json\/wp\/v2\/media\/40878"}],"wp:attachment":[{"href":"https:\/\/www.regioncuatronoticias.com\/index.php\/wp-json\/wp\/v2\/media?parent=40877"}],"wp:term":[{"taxonomy":"category","embeddable":true,"href":"https:\/\/www.regioncuatronoticias.com\/index.php\/wp-json\/wp\/v2\/categories?post=40877"},{"taxonomy":"post_tag","embeddable":true,"href":"https:\/\/www.regioncuatronoticias.com\/index.php\/wp-json\/wp\/v2\/tags?post=40877"}],"curies":[{"name":"wp","href":"https:\/\/api.w.org\/{rel}","templated":true}]}}