{"id":40872,"date":"2026-04-30T00:29:15","date_gmt":"2026-04-30T07:29:15","guid":{"rendered":"https:\/\/www.regioncuatronoticias.com\/?p=40872"},"modified":"2026-04-30T00:29:18","modified_gmt":"2026-04-30T07:29:18","slug":"amplia-staus-prorroga-para-emplazamiento-a-huelga-hasta-el-14-de-mayo","status":"publish","type":"post","link":"https:\/\/www.regioncuatronoticias.com\/index.php\/2026\/04\/30\/amplia-staus-prorroga-para-emplazamiento-a-huelga-hasta-el-14-de-mayo\/","title":{"rendered":"Ampl\u00eda STAUS pr\u00f3rroga para emplazamiento a huelga hasta el 14 de mayo"},"content":{"rendered":"\n<p><strong>Con un total de 1,296 votos, (754 a favor, 541 en contra y uno nulo), los acad\u00e9micos decidieron prorrogar 15 d\u00edas el emplazamiento a huelga para continuar las negociaciones con la UNISON<\/strong><\/p>\n\n\n\n<p>Tomado de El Sol de Hermosillo<\/p>\n\n\n\n<p>Adal Navarro<\/p>\n\n\n\n<p>Mi\u00e9rcoles 29 de abril de 2026<\/p>\n\n\n\n<p>Despu\u00e9s de que este d\u00eda el Sindicato de Trabajadores Acad\u00e9micos de la Universidad de Sonora (Staus) llevara a cabo una asamblea general extraordinaria permanente, y en la que se discutieron distintos escenarios sobre la propuesta de la autoridad universitaria, Cuauht\u00e9moc Nieblas Cota dio a conocer que los agremiados votaron a favor por una pr\u00f3rroga para el emplazamiento a huelga para el pr\u00f3ximo 14 de mayo a las 17:00 horas.<\/p>\n\n\n\n<p>El secretario general acad\u00e9mico del Staus expuso que el sindicato buscar\u00e1 durante esta extensi\u00f3n de tiempo continuar con el di\u00e1logo y las mesas de trabajo, pues consideran que a\u00fan falta voluntad por parte de la autoridad de la m\u00e1xima casa de estudios.<\/p>\n\n\n\n<p>El l\u00edder sindical detall\u00f3 que, de un total de mil 854 acad\u00e9micos, 754 votaron por aceptar la pr\u00f3rroga, mientras que 541 optaron por votar en contra, as\u00ed como un voto nulo, sumando mil 296 votos en este ejercicio democr\u00e1tico.<\/p>\n\n\n\n<figure class=\"wp-block-image size-full\"><img loading=\"lazy\" loading=\"lazy\" decoding=\"async\" width=\"600\" height=\"451\" src=\"https:\/\/www.regioncuatronoticias.com\/wp-content\/uploads\/2026\/04\/image-87.png\" alt=\"\" class=\"wp-image-40874\"\/><\/figure>\n\n\n\n<p>\u201cLa posici\u00f3n de la asamblea fue de declarar insuficiente esta \u00faltima propuesta, realmente no fue el 87% de avance que se estaba esperando, sin embargo, la asamblea reconsider\u00f3 la posibilidad de prorrogar por esta ocasi\u00f3n el emplazamiento y posible estallamiento para el 14 de mayo\u201d, coment\u00f3.<\/p>\n\n\n\n<p>Con esto, Nieblas Cota afirm\u00f3 que el sindicato, a trav\u00e9s de las urnas legitima la posibilidad de llevar a cabo esta pr\u00f3rroga.<\/p>\n\n\n\n<p>En cuanto a las negociaciones entre Staus y Unison, asegur\u00f3 que a\u00fan existen una gran cantidad de temas que no est\u00e1n resueltos en su totalidad, por lo que se continuar\u00e1 con las negociaciones.<\/p>\n\n\n\n<figure class=\"wp-block-image size-full\"><img loading=\"lazy\" loading=\"lazy\" decoding=\"async\" width=\"1200\" height=\"675\" src=\"https:\/\/www.regioncuatronoticias.com\/wp-content\/uploads\/2026\/04\/image-88.png\" alt=\"\" class=\"wp-image-40875\" srcset=\"https:\/\/www.regioncuatronoticias.com\/wp-content\/uploads\/2026\/04\/image-88.png 1200w, https:\/\/www.regioncuatronoticias.com\/wp-content\/uploads\/2026\/04\/image-88-640x360.png 640w, https:\/\/www.regioncuatronoticias.com\/wp-content\/uploads\/2026\/04\/image-88-768x432.png 768w, https:\/\/www.regioncuatronoticias.com\/wp-content\/uploads\/2026\/04\/image-88-860x484.png 860w\" sizes=\"auto, (max-width: 1200px) 100vw, 1200px\" \/><\/figure>\n\n\n\n<p>\u201cEl d\u00eda de ayer en la mesa de negociaci\u00f3n lo que nos dec\u00eda la administraci\u00f3n es que estaban muchos temas en revisi\u00f3n, por lo cual se valor\u00f3 la posibilidad de que esos temas que est\u00e1n en revisi\u00f3n ya se puedan concretar en esos d\u00edas\u201d, agreg\u00f3.<\/p>\n\n\n\n<p>Para finalizar, aclar\u00f3 que, a pesar de que ma\u00f1ana se contar\u00e1 con una asamblea, en la misma no se llevar\u00e1 a cabo la votaci\u00f3n programada para el emplazamiento a huelga.<\/p>\n\n\n\n<p><a href=\"https:\/\/oem.com.mx\/elsoldehermosillo\/local\/vota-staus-a-favor-de-prorroga-para-emplazamiento-a-huelga-29738967\">https:\/\/oem.com.mx\/elsoldehermosillo\/local\/vota-staus-a-favor-de-prorroga-para-emplazamiento-a-huelga-29738967<\/a><\/p>\n","protected":false},"excerpt":{"rendered":"<p>Con un total de 1,296 votos, (754 a favor, 541 en contra y uno nulo), los acad\u00e9micos decidieron prorrogar 15 d\u00edas el emplazamiento a huelga para continuar las negociaciones con la UNISON Tomado de El Sol de Hermosillo Adal Navarro Mi\u00e9rcoles 29 de abril de 2026 Despu\u00e9s de que este d\u00eda el Sindicato de Trabajadores [&hellip;]<\/p>\n","protected":false},"author":1,"featured_media":40873,"comment_status":"open","ping_status":"open","sticky":false,"template":"","format":"standard","meta":{"content-type":"","footnotes":""},"categories":[117,8,115],"tags":[],"class_list":{"0":"post-40872","1":"post","2":"type-post","3":"status-publish","4":"format-standard","5":"has-post-thumbnail","7":"category-general","8":"category-hermosillo","9":"category-politica"},"_links":{"self":[{"href":"https:\/\/www.regioncuatronoticias.com\/index.php\/wp-json\/wp\/v2\/posts\/40872","targetHints":{"allow":["GET"]}}],"collection":[{"href":"https:\/\/www.regioncuatronoticias.com\/index.php\/wp-json\/wp\/v2\/posts"}],"about":[{"href":"https:\/\/www.regioncuatronoticias.com\/index.php\/wp-json\/wp\/v2\/types\/post"}],"author":[{"embeddable":true,"href":"https:\/\/www.regioncuatronoticias.com\/index.php\/wp-json\/wp\/v2\/users\/1"}],"replies":[{"embeddable":true,"href":"https:\/\/www.regioncuatronoticias.com\/index.php\/wp-json\/wp\/v2\/comments?post=40872"}],"version-history":[{"count":1,"href":"https:\/\/www.regioncuatronoticias.com\/index.php\/wp-json\/wp\/v2\/posts\/40872\/revisions"}],"predecessor-version":[{"id":40876,"href":"https:\/\/www.regioncuatronoticias.com\/index.php\/wp-json\/wp\/v2\/posts\/40872\/revisions\/40876"}],"wp:featuredmedia":[{"embeddable":true,"href":"https:\/\/www.regioncuatronoticias.com\/index.php\/wp-json\/wp\/v2\/media\/40873"}],"wp:attachment":[{"href":"https:\/\/www.regioncuatronoticias.com\/index.php\/wp-json\/wp\/v2\/media?parent=40872"}],"wp:term":[{"taxonomy":"category","embeddable":true,"href":"https:\/\/www.regioncuatronoticias.com\/index.php\/wp-json\/wp\/v2\/categories?post=40872"},{"taxonomy":"post_tag","embeddable":true,"href":"https:\/\/www.regioncuatronoticias.com\/index.php\/wp-json\/wp\/v2\/tags?post=40872"}],"curies":[{"name":"wp","href":"https:\/\/api.w.org\/{rel}","templated":true}]}}