{"id":40867,"date":"2026-04-30T00:15:22","date_gmt":"2026-04-30T07:15:22","guid":{"rendered":"https:\/\/www.regioncuatronoticias.com\/?p=40867"},"modified":"2026-04-30T00:15:28","modified_gmt":"2026-04-30T07:15:28","slug":"movimiento-ciudadano-invita-a-construir-soluciones-economicas-rumbo-a-2027-en-sonora","status":"publish","type":"post","link":"https:\/\/www.regioncuatronoticias.com\/index.php\/2026\/04\/30\/movimiento-ciudadano-invita-a-construir-soluciones-economicas-rumbo-a-2027-en-sonora\/","title":{"rendered":"Movimiento Ciudadano invita a construir soluciones econ\u00f3micas rumbo a 2027 en Sonora"},"content":{"rendered":"\n<p><strong>Movimiento Ciudadano en Sonora lanz\u00f3 una convocatoria para reunir mil ideas ciudadanas que permitan atender los principales retos econ\u00f3micos del estado<\/strong><\/p>\n\n\n\n<p>Tomado de El Sol de Hermosillo<\/p>\n\n\n\n<p>Gabriel Ben\u00edtez<\/p>\n\n\n\n<p>Mi\u00e9rcoles 29 de abril de 2026<\/p>\n\n\n\n<p>Con un diagn\u00f3stico basado en cifras oficiales y un llamado a la participaci\u00f3n social, la dirigente estatal de Movimiento Ciudadano en Sonora, Natalia Rivera Grijalva se\u00f1al\u00f3 que buscan obtener mil ideas de la comunidad, para atender los principales retos en materia econ\u00f3mica y de generaci\u00f3n de empleo en la entidad.<\/p>\n\n\n\n<p>En conferencia de prensa, la representante de MC explic\u00f3 que el proyecto parte de un an\u00e1lisis de cinco pilares fundamentales de la econom\u00eda sobre empleadores, empleos, crecimiento, inversi\u00f3n extranjera y exportaciones, los cuales ser\u00e1n evaluados con datos del IMSS, as\u00ed como de las secretar\u00edas del Trabajo y de Econom\u00eda.<\/p>\n\n\n\n<p>A\u00f1adi\u00f3 que, uno de los principales focos rojos es la ca\u00edda en el n\u00famero de empleadores registrados, al se\u00f1alar que Sonora pas\u00f3 de contar con 39 mil 598 patrones en a\u00f1os recientes a 35 mil 396, una cifra similar a la que se ten\u00eda hace una d\u00e9cada, lo que refleja un estancamiento en la generaci\u00f3n de unidades econ\u00f3micas.<\/p>\n\n\n\n<p>En ese sentido, subray\u00f3 que sin empleadores no hay empleos, por lo que consider\u00f3 urgente fortalecer las condiciones para la creaci\u00f3n y permanencia de empresas, especialmente en un contexto donde la recuperaci\u00f3n econ\u00f3mica ha sido desigual.<\/p>\n\n\n\n<p>Otro de los puntos que destac\u00f3 fue la p\u00e9rdida de empleos, al precisar que en diciembre de 2020, en plena pandemia, se perdieron 14 mil 63 puestos laborales; sin embargo, asegur\u00f3 que en 2025 la cifra fue a\u00fan mayor, lo que evidencia un retroceso significativo en el mercado laboral.<\/p>\n\n\n\n<p>En ese sentido, expuso que la informalidad contin\u00faa siendo un desaf\u00edo importante, ya que el 43.7% de la poblaci\u00f3n ocupada en Sonora no cuenta con un empleo formal ni acceso a seguridad social, mientras que apenas el 52.3% se encuentra en condiciones de formalidad.<\/p>\n\n\n\n<figure class=\"wp-block-image size-full\"><img loading=\"lazy\" loading=\"lazy\" decoding=\"async\" width=\"1200\" height=\"675\" src=\"https:\/\/www.regioncuatronoticias.com\/wp-content\/uploads\/2026\/04\/image-85.png\" alt=\"\" class=\"wp-image-40869\" srcset=\"https:\/\/www.regioncuatronoticias.com\/wp-content\/uploads\/2026\/04\/image-85.png 1200w, https:\/\/www.regioncuatronoticias.com\/wp-content\/uploads\/2026\/04\/image-85-640x360.png 640w, https:\/\/www.regioncuatronoticias.com\/wp-content\/uploads\/2026\/04\/image-85-768x432.png 768w, https:\/\/www.regioncuatronoticias.com\/wp-content\/uploads\/2026\/04\/image-85-860x484.png 860w\" sizes=\"auto, (max-width: 1200px) 100vw, 1200px\" \/><\/figure>\n\n\n\n<p>En comparaci\u00f3n con otros estados de la frontera norte, indic\u00f3 que Sonora se ubica en el s\u00e9ptimo lugar en materia de formalidad, lejos de entidades como Nuevo Le\u00f3n, que presenta mejores indicadores en este rubro.<\/p>\n\n\n\n<p>Asegur\u00f3 que Sonora no es l\u00edder en el sector de las exportaciones, al se\u00f1alar que la entidad se encuentra rezagada frente a estados como Chihuahua, Coahuila, Nuevo Le\u00f3n y Baja California, con un volumen aproximado de siete mil 400 millones de d\u00f3lares trimestrales.<\/p>\n\n\n\n<figure class=\"wp-block-image size-full\"><img loading=\"lazy\" loading=\"lazy\" decoding=\"async\" width=\"1200\" height=\"675\" src=\"https:\/\/www.regioncuatronoticias.com\/wp-content\/uploads\/2026\/04\/image-86.png\" alt=\"\" class=\"wp-image-40870\" srcset=\"https:\/\/www.regioncuatronoticias.com\/wp-content\/uploads\/2026\/04\/image-86.png 1200w, https:\/\/www.regioncuatronoticias.com\/wp-content\/uploads\/2026\/04\/image-86-640x360.png 640w, https:\/\/www.regioncuatronoticias.com\/wp-content\/uploads\/2026\/04\/image-86-768x432.png 768w, https:\/\/www.regioncuatronoticias.com\/wp-content\/uploads\/2026\/04\/image-86-860x484.png 860w\" sizes=\"auto, (max-width: 1200px) 100vw, 1200px\" \/><\/figure>\n\n\n\n<p>Asimismo, precis\u00f3 que el crecimiento en exportaciones ha sido limitado, al pasar de 21 mil a 24 mil millones de d\u00f3lares en los \u00faltimos a\u00f1os, mientras otras entidades han logrado incrementos mucho m\u00e1s significativos, lo que refleja una falta de dinamismo en este rubro.<\/p>\n\n\n\n<p>Rivera Grijalva agreg\u00f3 que el crecimiento econ\u00f3mico del estado tambi\u00e9n presenta n\u00fameros negativos, con un cierre de menos 0.5% en 2024 y una tendencia similar en 2025.<\/p>\n\n\n\n<p>Enfatiz\u00f3 que Sonora requiere un cambio de estrategia de fondo, donde mil ideas se conviertan en una plataforma ciudadana para replantear el rumbo econ\u00f3mico, de cara al proceso electoral de 2027, por lo que pusieron a disposici\u00f3n de la comunidad un c\u00f3digo QR de MC y redes sociales para recibir las propuestas.<\/p>\n\n\n\n<p><a href=\"https:\/\/oem.com.mx\/elsoldehermosillo\/local\/movimiento-ciudadano-busca-mil-ideas-para-construir-soluciones-economicas-rumbo-a-2027-en-sonora-29734286\">https:\/\/oem.com.mx\/elsoldehermosillo\/local\/movimiento-ciudadano-busca-mil-ideas-para-construir-soluciones-economicas-rumbo-a-2027-en-sonora-29734286<\/a><\/p>\n","protected":false},"excerpt":{"rendered":"<p>Movimiento Ciudadano en Sonora lanz\u00f3 una convocatoria para reunir mil ideas ciudadanas que permitan atender los principales retos econ\u00f3micos del estado Tomado de El Sol de Hermosillo Gabriel Ben\u00edtez Mi\u00e9rcoles 29 de abril de 2026 Con un diagn\u00f3stico basado en cifras oficiales y un llamado a la participaci\u00f3n social, la dirigente estatal de Movimiento Ciudadano [&hellip;]<\/p>\n","protected":false},"author":1,"featured_media":40868,"comment_status":"open","ping_status":"open","sticky":false,"template":"","format":"standard","meta":{"content-type":"","footnotes":""},"categories":[115,9],"tags":[],"class_list":{"0":"post-40867","1":"post","2":"type-post","3":"status-publish","4":"format-standard","5":"has-post-thumbnail","7":"category-politica","8":"category-sonora"},"_links":{"self":[{"href":"https:\/\/www.regioncuatronoticias.com\/index.php\/wp-json\/wp\/v2\/posts\/40867","targetHints":{"allow":["GET"]}}],"collection":[{"href":"https:\/\/www.regioncuatronoticias.com\/index.php\/wp-json\/wp\/v2\/posts"}],"about":[{"href":"https:\/\/www.regioncuatronoticias.com\/index.php\/wp-json\/wp\/v2\/types\/post"}],"author":[{"embeddable":true,"href":"https:\/\/www.regioncuatronoticias.com\/index.php\/wp-json\/wp\/v2\/users\/1"}],"replies":[{"embeddable":true,"href":"https:\/\/www.regioncuatronoticias.com\/index.php\/wp-json\/wp\/v2\/comments?post=40867"}],"version-history":[{"count":1,"href":"https:\/\/www.regioncuatronoticias.com\/index.php\/wp-json\/wp\/v2\/posts\/40867\/revisions"}],"predecessor-version":[{"id":40871,"href":"https:\/\/www.regioncuatronoticias.com\/index.php\/wp-json\/wp\/v2\/posts\/40867\/revisions\/40871"}],"wp:featuredmedia":[{"embeddable":true,"href":"https:\/\/www.regioncuatronoticias.com\/index.php\/wp-json\/wp\/v2\/media\/40868"}],"wp:attachment":[{"href":"https:\/\/www.regioncuatronoticias.com\/index.php\/wp-json\/wp\/v2\/media?parent=40867"}],"wp:term":[{"taxonomy":"category","embeddable":true,"href":"https:\/\/www.regioncuatronoticias.com\/index.php\/wp-json\/wp\/v2\/categories?post=40867"},{"taxonomy":"post_tag","embeddable":true,"href":"https:\/\/www.regioncuatronoticias.com\/index.php\/wp-json\/wp\/v2\/tags?post=40867"}],"curies":[{"name":"wp","href":"https:\/\/api.w.org\/{rel}","templated":true}]}}