{"id":40864,"date":"2026-04-29T23:55:54","date_gmt":"2026-04-30T06:55:54","guid":{"rendered":"https:\/\/www.regioncuatronoticias.com\/?p=40864"},"modified":"2026-04-29T23:56:01","modified_gmt":"2026-04-30T06:56:01","slug":"funcionarios-acusados-por-eu-comenzaron-a-tomar-el-control-de-sinaloa-en-2018","status":"publish","type":"post","link":"https:\/\/www.regioncuatronoticias.com\/index.php\/2026\/04\/29\/funcionarios-acusados-por-eu-comenzaron-a-tomar-el-control-de-sinaloa-en-2018\/","title":{"rendered":"Funcionarios acusados por EU comenzaron a tomar el control de Sinaloa en 2018"},"content":{"rendered":"\n<p><strong>El grupo denunciado en Estados Unidos comenz\u00f3 su arribo al poder en Sinaloa con la elecci\u00f3n que llev\u00f3 a Andr\u00e9s Manuel L\u00f3pez Obrador a la Presidencia.<\/strong><\/p>\n\n\n\n<p>Tomado de Proceso<\/p>\n\n\n\n<p>Aar\u00f3n Ibarra<\/p>\n\n\n\n<p>Mi\u00e9rcoles 29 de abril de 2026<\/p>\n\n\n\n<p>CULIAC\u00c1N, Sin. (apro).- Los funcionarios del gobierno de Sinaloa acusados de tener v\u00ednculos con Los Chapitos comenzaron a hacerse del control econ\u00f3mico, pol\u00edtico y de seguridad de la entidad desde 2018, con la llegada al poder de Andr\u00e9s Manuel L\u00f3pez Obrador.<\/p>\n\n\n\n<p>Junto con el gobernador Rub\u00e9n Rocha Moya fue acusado su exsecretario general de Gobierno y ahora senador por Morena, Enrique Inzunza C\u00e1zarez.<\/p>\n\n\n\n<p>Desde 2018, este grupo comenz\u00f3 su arribo al poder con la elecci\u00f3n que llev\u00f3 a la Presidencia de la Rep\u00fablica a Andr\u00e9s Manuel L\u00f3pez Obrador, y desde entonces, el avance y crecimiento los llevaron a la gubernatura y a un proyecto pol\u00edtico que busca mantenerlos un sexenio m\u00e1s en Sinaloa.<\/p>\n\n\n\n<p>El t\u00e1ndem Rocha-Inzunza logr\u00f3 sacar del camino pol\u00edtico a los exalcaldes morenistas Jes\u00fas Estrada Ferreiro, de Culiac\u00e1n, Luis Guillermo Ben\u00edtez Torres, de Mazatl\u00e1n, y Gerardo Vargas Landeros, de Ahome. Todos fueron desaforados y sometidos a juicios pol\u00edticos.<\/p>\n\n\n\n<p>Inzunza C\u00e1zarez fue presidente del Tribunal Supremo de Justicia del Estado de Sinaloa de 2016 a 2021, a\u00f1o en qu\u00e9 se sum\u00f3 al proyecto pol\u00edtico de Rocha y, a partir de entonces, el poder pol\u00edtico en Sinaloa fue tomado bajo sus riendas.<\/p>\n\n\n\n<p>Gran parte de la operaci\u00f3n pol\u00edtica pas\u00f3 por su escritorio en un proyecto pol\u00edtico que busca colocarlo como sucesor en la gubernatura el pr\u00f3ximo 2027.<\/p>\n\n\n\n<p>Dirigentes pol\u00edticos locales, que pidieron el anonimato, dijeron a Proceso que Inzunza C\u00e1zarez orquest\u00f3 y coordin\u00f3 ataques medi\u00e1ticos y pol\u00edticos contra funcionarios de la Universidad Aut\u00f3noma de Sinaloa (UAS) y los exalcaldes desaforados de Culiac\u00e1n, Mazatl\u00e1n y Ahome, las ciudades m\u00e1s importantes del estado.<\/p>\n\n\n\n<p>Tambi\u00e9n aparece acusado Juan de Dios G\u00e1mez Mendivil, ahijado de Rocha Moya e impuesto como alcalde de Culiac\u00e1n tras el desafuero de Estrada Ferreiro en 2022.<\/p>\n\n\n\n<p>Es tambi\u00e9n otro nombre que impulsan desde el escritorio del gobernador para sucederlo en el cargo. Hasta antes de este puesto no contaba con experiencia pol\u00edtica y sus empleos hab\u00edan sido siempre con su padrino como parte de su equipo de trabajo.<\/p>\n\n\n\n<p>Tambi\u00e9n fueron acusados Enrique D\u00edaz Vega, quien fue su secretario de Administraci\u00f3n y Finanzas, cargo que dej\u00f3 para ocuparse de sus negocios, sin embargo, fuentes de Proceso aseguran que sigue trabajando de cerca en temas financieros con el grupo pol\u00edtico de Rocha.<\/p>\n\n\n\n<p>D\u00edaz Vega fue uno de los primeros funcionarios en dejar su cargo en la administraci\u00f3n de Rocha.<\/p>\n\n\n\n<p>Aparece tambi\u00e9n Gerardo M\u00e9rida S\u00e1nchez, exsecretario de Seguridad, nombrado en agosto de 2022, pero relevado del cargo en diciembre de 2024 con la guerra entre Mayos y Chapitos creciendo en la entidad.<\/p>\n\n\n\n<p>M\u00e9rida S\u00e1nchez es militar de carrera y durante ese tiempo hombre de confianza en el gabinete de Rocha.<\/p>\n\n\n\n<p>En la acusaci\u00f3n aparece D\u00e1maso Castro Saavedra, fiscal general adjunto, el segundo al mando en la Fiscal\u00eda General del estado y uno de los orquestadores del montaje descubierto por la Fiscal\u00eda General de la Rep\u00fablica (FGR) por el asesinato de H\u00e9ctor Melesio Cuen Ojeda, rival pol\u00edtico de Rocha, cuyo crimen ocurri\u00f3 en el lugar en donde secuestraron a Ismael \u201cEl Mayo\u201d Zambada.<\/p>\n\n\n\n<p>Castro Saavedra tambi\u00e9n ha sido se\u00f1alado por agentes de investigaci\u00f3n en videos divulgados en redes sociales. Estos agentes posteriormente aparecieron ejecutados. Las acusaciones son por nexos con los Chapitos.<\/p>\n\n\n\n<p>Tambi\u00e9n aparece Alberto Jorge Contreras N\u00fa\u00f1ez \u201cEl Cholo\u201d, quien fue jefe de la Polic\u00eda de Investigaci\u00f3n de la FGE y otro nombre recurrente en estos videos divulgados en redes.<\/p>\n\n\n\n<p>Otros jefes policiacos que aparecen en la acusaci\u00f3n del gobierno norteamericano son los de Marco Antonio Almanza Avil\u00e9s, tambi\u00e9n exjefe de la Polic\u00eda de Investigaci\u00f3n y uno de los hombres clave en seguridad desde 2010, fecha en que operaba la guerra del c\u00e1rtel entre los Beltr\u00e1n Leyva y \u201cEl Chapo\u201d Guzm\u00e1n.<\/p>\n\n\n\n<p>Tambi\u00e9n Jos\u00e9 Antonio Dionisio Hip\u00f3lito, quien fue subdirector de la Polic\u00eda Estatal, y Juan Valenzuela Mill\u00e1n, excomandante de la Polic\u00eda Municipal de Culiac\u00e1n y quien se habr\u00eda encargado de brindar seguridad a la facci\u00f3n de los Chapitos entre 2018 y 2024, fecha en que dej\u00f3 el cargo.<\/p>\n\n\n\n<p>La acusaci\u00f3n del gobierno norteamericano en contra del gobernador Rub\u00e9n Rocha Moya e integrantes de su gabinete fue advertida desde septiembre de 2024 por la Secretar\u00eda de la Defensa Nacional, como lo public\u00f3 Proceso en su edici\u00f3n mensual n\u00famero 15.<\/p>\n\n\n\n<p>Documentos de inteligencia militar y del Centro Nacional de Inteligencia (CNI) se\u00f1alan que Rub\u00e9n Rocha ha sido investigado por supuestos nexos con el crimen organizado.<\/p>\n\n\n\n<p>Estas investigaciones abarcan el periodo previo y durante su mandato, lig\u00e1ndolo a presuntas omisiones y relaciones con grupos delictivos.<\/p>\n\n\n\n<p>Y en ese mismo sentido, la acusaci\u00f3n del Departamento de Justicia presentada por la Fiscal\u00eda del Distrito Sur de Nueva York se\u00f1ala al gobernador y a varios de sus funcionarios de haber colaborado con el C\u00e1rtel de Sinaloa para introducir grandes cantidades de fentanilo, hero\u00edna, coca\u00edna y metanfetamina a territorio estadunidense.<\/p>\n\n\n\n<p><a href=\"https:\/\/www.proceso.com.mx\/nacional\/estados\/2026\/4\/29\/funcionarios-acusados-por-eu-comenzaron-tomar-el-control-de-sinaloa-en-2018-373120.html\">https:\/\/www.proceso.com.mx\/nacional\/estados\/2026\/4\/29\/funcionarios-acusados-por-eu-comenzaron-tomar-el-control-de-sinaloa-en-2018-373120.html<\/a><\/p>\n","protected":false},"excerpt":{"rendered":"<p>El grupo denunciado en Estados Unidos comenz\u00f3 su arribo al poder en Sinaloa con la elecci\u00f3n que llev\u00f3 a Andr\u00e9s Manuel L\u00f3pez Obrador a la Presidencia. Tomado de Proceso Aar\u00f3n Ibarra Mi\u00e9rcoles 29 de abril de 2026 CULIAC\u00c1N, Sin. (apro).- Los funcionarios del gobierno de Sinaloa acusados de tener v\u00ednculos con Los Chapitos comenzaron a [&hellip;]<\/p>\n","protected":false},"author":1,"featured_media":40865,"comment_status":"open","ping_status":"open","sticky":false,"template":"","format":"standard","meta":{"content-type":"","footnotes":""},"categories":[7,3,115,105],"tags":[],"class_list":{"0":"post-40864","1":"post","2":"type-post","3":"status-publish","4":"format-standard","5":"has-post-thumbnail","7":"category-internacional","8":"category-mexico","9":"category-politica","10":"category-principal"},"_links":{"self":[{"href":"https:\/\/www.regioncuatronoticias.com\/index.php\/wp-json\/wp\/v2\/posts\/40864","targetHints":{"allow":["GET"]}}],"collection":[{"href":"https:\/\/www.regioncuatronoticias.com\/index.php\/wp-json\/wp\/v2\/posts"}],"about":[{"href":"https:\/\/www.regioncuatronoticias.com\/index.php\/wp-json\/wp\/v2\/types\/post"}],"author":[{"embeddable":true,"href":"https:\/\/www.regioncuatronoticias.com\/index.php\/wp-json\/wp\/v2\/users\/1"}],"replies":[{"embeddable":true,"href":"https:\/\/www.regioncuatronoticias.com\/index.php\/wp-json\/wp\/v2\/comments?post=40864"}],"version-history":[{"count":1,"href":"https:\/\/www.regioncuatronoticias.com\/index.php\/wp-json\/wp\/v2\/posts\/40864\/revisions"}],"predecessor-version":[{"id":40866,"href":"https:\/\/www.regioncuatronoticias.com\/index.php\/wp-json\/wp\/v2\/posts\/40864\/revisions\/40866"}],"wp:featuredmedia":[{"embeddable":true,"href":"https:\/\/www.regioncuatronoticias.com\/index.php\/wp-json\/wp\/v2\/media\/40865"}],"wp:attachment":[{"href":"https:\/\/www.regioncuatronoticias.com\/index.php\/wp-json\/wp\/v2\/media?parent=40864"}],"wp:term":[{"taxonomy":"category","embeddable":true,"href":"https:\/\/www.regioncuatronoticias.com\/index.php\/wp-json\/wp\/v2\/categories?post=40864"},{"taxonomy":"post_tag","embeddable":true,"href":"https:\/\/www.regioncuatronoticias.com\/index.php\/wp-json\/wp\/v2\/tags?post=40864"}],"curies":[{"name":"wp","href":"https:\/\/api.w.org\/{rel}","templated":true}]}}