{"id":40851,"date":"2026-04-29T17:36:09","date_gmt":"2026-04-30T00:36:09","guid":{"rendered":"https:\/\/www.regioncuatronoticias.com\/?p=40851"},"modified":"2026-04-29T18:05:11","modified_gmt":"2026-04-30T01:05:11","slug":"no-va-a-pasar-nada-ya-hable-con-sheinbaum-asegura-rocha-moya-tras-ser-acusado-de-narco-por-parte-de-eeuu","status":"publish","type":"post","link":"https:\/\/www.regioncuatronoticias.com\/index.php\/2026\/04\/29\/no-va-a-pasar-nada-ya-hable-con-sheinbaum-asegura-rocha-moya-tras-ser-acusado-de-narco-por-parte-de-eeuu\/","title":{"rendered":"\u201cNo va a pasar nada; ya habl\u00e9 con Sheinbaum\u201d, asegura Rocha Moya tras ser acusado de narco por parte de EEUU"},"content":{"rendered":"\n<p>Tomado de Proyecto Puente<\/p>\n\n\n\n<p>Redacci\u00f3n<\/p>\n\n\n\n<p>Mi\u00e9rcoles 29 de abril de 2026<\/p>\n\n\n\n<p>&nbsp;Culiac\u00e1n, Sinaloa.- El gobernador de Sinaloa, Rub\u00e9n Rocha Moya, afirm\u00f3 que en la entidad \u201cest\u00e1n tranquilos\u201d y que el gobierno estatal contin\u00faa con sus actividades de manera normal, tras las acusaciones difundidas desde Estados Unidos que lo se\u00f1alan por presuntos v\u00ednculos con el narcotr\u00e1fico.<\/p>\n\n\n\n<p>El mandatario sostuvo que no ha recibido ninguna notificaci\u00f3n formal por parte de autoridades estadounidenses y que se enter\u00f3 de la investigaci\u00f3n a trav\u00e9s de un comunicado oficial.<\/p>\n\n\n\n<p>\u201cEstamos tranquilos, trabajando por Sinaloa, no va a pasar nada. Todo debe de encauzarse\u201d, expres\u00f3.<\/p>\n\n\n\n<p>Rocha Moya se\u00f1al\u00f3 que ya ha tenido comunicaci\u00f3n con la presidenta de M\u00e9xico y evit\u00f3 ampliar sus declaraciones sobre el tema.<\/p>\n\n\n\n<p>\u201cNo tengo m\u00e1s que decir que lo que ya dijimos en el Twitter est\u00e1 dando las siguientes cosas que las instituciones hacen\u201d, a\u00f1adi\u00f3, al ser cuestionado sobre las acusaciones.<\/p>\n\n\n\n<p>Habla Rocha Moya tras acusaciones de narco de #EEUU, afirma en Sinaloa est\u00e1n &#8220;tranquilos&#8221;<\/p>\n\n\n\n<p>Asegur\u00f3 que no ha recibido notificaci\u00f3n formal por parte de las autoridades estadounidenses y que se enter\u00f3 de la investigaci\u00f3n por el comunicado oficial.pic.twitter.com\/Jk0CUMuLDl<\/p>\n\n\n\n<p>\u2014 Luis Alberto Medina (@elalbertomedina) April 29, 2026<\/p>\n\n\n\n<p>Al preguntarle a qu\u00e9 atribuye los se\u00f1alamientos en su contra, el gobernador se limit\u00f3 a responder: \u201cNo voy a declarar m\u00e1s, disc\u00falpeme\u201d.<\/p>\n\n\n\n<p>El mandatario tambi\u00e9n afirm\u00f3 que las instituciones est\u00e1n actuando dentro de sus funciones y que su administraci\u00f3n mantiene el trabajo habitual sin alteraciones.<\/p>\n\n\n\n<p>Asimismo, indic\u00f3 que ha tenido comunicaci\u00f3n con otros funcionarios se\u00f1alados, entre ellos el alcalde de Culiac\u00e1n, Juan de Dios G\u00e1mez.<\/p>\n\n\n\n<p>Sobre los reportes de posibles detenciones y se\u00f1alamientos difundidos en medios, Rocha Moya asegur\u00f3 que no ha recibido informaci\u00f3n oficial al respecto.<\/p>\n\n\n\n<p>\u201cYo ahora me enter\u00e9 por el comunicado\u201d, dijo.<\/p>\n\n\n\n<p>Finalmente, hizo un llamado a la poblaci\u00f3n a mantener la calma y continuar con sus actividades cotidianas.<\/p>\n\n\n\n<p>\u201cEl llamado que les hago es que est\u00e9n tranquilos, que sigamos trabajando por Sinaloa y tratando de resolver nuestros problemas comunes\u201d, expres\u00f3.<\/p>\n\n\n\n<p>El gobernador asegur\u00f3 que la agenda del gobierno estatal no se detiene y que las actividades contin\u00faan con normalidad.<\/p>\n\n\n\n<p><a href=\"https:\/\/proyectopuente.com.mx\/2026\/04\/29\/no-va-a-pasar-nada-asegura-rocha-moya-tras-ser-acusado-de-narco-por-parte-de-eeuu-ya-hablo-con-sheinbaum-dice\/\">https:\/\/proyectopuente.com.mx\/2026\/04\/29\/no-va-a-pasar-nada-asegura-rocha-moya-tras-ser-acusado-de-narco-por-parte-de-eeuu-ya-hablo-con-sheinbaum-dice\/<\/a><\/p>\n","protected":false},"excerpt":{"rendered":"<p>Tomado de Proyecto Puente Redacci\u00f3n Mi\u00e9rcoles 29 de abril de 2026 &nbsp;Culiac\u00e1n, Sinaloa.- El gobernador de Sinaloa, Rub\u00e9n Rocha Moya, afirm\u00f3 que en la entidad \u201cest\u00e1n tranquilos\u201d y que el gobierno estatal contin\u00faa con sus actividades de manera normal, tras las acusaciones difundidas desde Estados Unidos que lo se\u00f1alan por presuntos v\u00ednculos con el narcotr\u00e1fico. [&hellip;]<\/p>\n","protected":false},"author":1,"featured_media":40854,"comment_status":"open","ping_status":"open","sticky":false,"template":"","format":"standard","meta":{"content-type":"","footnotes":""},"categories":[7,3,115,105],"tags":[],"class_list":{"0":"post-40851","1":"post","2":"type-post","3":"status-publish","4":"format-standard","5":"has-post-thumbnail","7":"category-internacional","8":"category-mexico","9":"category-politica","10":"category-principal"},"_links":{"self":[{"href":"https:\/\/www.regioncuatronoticias.com\/index.php\/wp-json\/wp\/v2\/posts\/40851","targetHints":{"allow":["GET"]}}],"collection":[{"href":"https:\/\/www.regioncuatronoticias.com\/index.php\/wp-json\/wp\/v2\/posts"}],"about":[{"href":"https:\/\/www.regioncuatronoticias.com\/index.php\/wp-json\/wp\/v2\/types\/post"}],"author":[{"embeddable":true,"href":"https:\/\/www.regioncuatronoticias.com\/index.php\/wp-json\/wp\/v2\/users\/1"}],"replies":[{"embeddable":true,"href":"https:\/\/www.regioncuatronoticias.com\/index.php\/wp-json\/wp\/v2\/comments?post=40851"}],"version-history":[{"count":1,"href":"https:\/\/www.regioncuatronoticias.com\/index.php\/wp-json\/wp\/v2\/posts\/40851\/revisions"}],"predecessor-version":[{"id":40852,"href":"https:\/\/www.regioncuatronoticias.com\/index.php\/wp-json\/wp\/v2\/posts\/40851\/revisions\/40852"}],"wp:featuredmedia":[{"embeddable":true,"href":"https:\/\/www.regioncuatronoticias.com\/index.php\/wp-json\/wp\/v2\/media\/40854"}],"wp:attachment":[{"href":"https:\/\/www.regioncuatronoticias.com\/index.php\/wp-json\/wp\/v2\/media?parent=40851"}],"wp:term":[{"taxonomy":"category","embeddable":true,"href":"https:\/\/www.regioncuatronoticias.com\/index.php\/wp-json\/wp\/v2\/categories?post=40851"},{"taxonomy":"post_tag","embeddable":true,"href":"https:\/\/www.regioncuatronoticias.com\/index.php\/wp-json\/wp\/v2\/tags?post=40851"}],"curies":[{"name":"wp","href":"https:\/\/api.w.org\/{rel}","templated":true}]}}