{"id":40848,"date":"2026-04-29T16:25:11","date_gmt":"2026-04-29T23:25:11","guid":{"rendered":"https:\/\/www.regioncuatronoticias.com\/?p=40848"},"modified":"2026-04-29T16:25:15","modified_gmt":"2026-04-29T23:25:15","slug":"martes-de-mucha-carnita-informativa","status":"publish","type":"post","link":"https:\/\/www.regioncuatronoticias.com\/index.php\/2026\/04\/29\/martes-de-mucha-carnita-informativa\/","title":{"rendered":"Martes de mucha \u2018carnita informativa\u2019"},"content":{"rendered":"\n<p><strong>Columna El Zancudo<\/strong><\/p>\n\n\n\n<p><strong>Arturo Soto Mungu\u00eda<\/strong><\/p>\n\n\n\n<p><strong>Martes de mucha \u2018carnita informativa\u2019<\/strong><\/p>\n\n\n\n<p><strong>Mi\u00e9rcoles 29 de abril de 2026<\/strong><\/p>\n\n\n\n<p>Martes de inusual traj\u00edn reporteril, el de ayer: desayuno tempranero con la tesorera del ayuntamiento capitalino, Flor Ayala Robles Linares; ceremonia anual de investidura de diputados y diputadas infantiles y conferencia semanal del gobernador, eventos todos de donde se desprendi\u00f3 mucha informaci\u00f3n que trataremos de resumir en este espacio.<\/p>\n\n\n\n<p>&nbsp;De entrada hay que apuntar que desde 1998, cuando se llev\u00f3 a cabo la primera edici\u00f3n de la legislatura infantil en v\u00edsperas y celebraci\u00f3n del D\u00eda del Ni\u00f1o, la ceremonia nunca se hab\u00eda realizado fuera del recinto legislativo; esta vez tuvo que ser as\u00ed porque el Congreso permanece \u2018tomado\u2019 por propietarias y personal de estancias infantiles que reclaman el pago de dos millones de pesos correspondientes al presupuesto 2023, tema que se est\u00e1 negociando por las complicaciones del caso.<\/p>\n\n\n\n<p>&nbsp;Las manifestantes reclaman el pago al Congreso, pero el amparo concedido por un juez mandata a esa instancia no a pagar, sino a realizar las gestiones correspondientes para que sea la Secretar\u00eda de Educaci\u00f3n y Cultura la que libere esos recursos; pero la SEC no tiene ese dinero presupuestado, habida cuenta que para destinar esos recursos, las estancias deben cumplir una serie de requisitos relacionados con la protecci\u00f3n civil, exigidos por la Ley 5 de Junio, nacida al calor de la lucha de las familias de ni\u00f1os y ni\u00f1as muertas y lesionados (as) en el incendio de la Guarder\u00eda ABC en el a\u00f1o 2009.<\/p>\n\n\n\n<p>&nbsp;En este asunto cada parte argumenta lo que en su derecho conviene, pero las negociaciones no han prosperado, y la edici\u00f3n 2026 de la ceremonia alusiva a esta fecha se realiz\u00f3 en un sal\u00f3n de eventos al poniente de la ciudad, lo cual no fue obst\u00e1culo para albergar all\u00ed el entusiasmo de las ni\u00f1as y ni\u00f1os investidos legisladores por un d\u00eda, y desde luego, el orgullo de sus familias que se hicieron presentes para observar a sus reto\u00f1os desplegar habilidades, algunas deslumbrantes en oratoria, manejo esc\u00e9nico y conocimiento de los temas.<\/p>\n\n\n\n<p>&nbsp;Hay que decir que estos peque\u00f1os no llegan al azar, sino despu\u00e9s de haber pasado un largo proceso de selecci\u00f3n en sus escuelas, en el que se eval\u00faa no solo su desempe\u00f1o acad\u00e9mico, sino su vocaci\u00f3n por la participaci\u00f3n en temas sociales y entre otras cosas, el conocimiento y las aportaciones a los mismos. Como suele pasar cada a\u00f1o, hubo verdaderas sorpresas y revelaciones de ni\u00f1as y ni\u00f1os que suelen dar pie al chascarrillo tambi\u00e9n t\u00edpico de estas ceremonias en el sentido de que algunos de ellos(as) har\u00edan mejor papel que uno que otro adulto que ocupa una curul en el Congreso.<\/p>\n\n\n\n<p>&nbsp;Lo cierto es que la ceremonia, que se realiza en coordinaci\u00f3n con el IEE sali\u00f3 muy bien; los y las diputadas adultas se lucieron en la organizaci\u00f3n y el desarrollo de la misma, concluyendo con un exhorto de la legislatura infantil a la SEC y a la sociedad en general a implementar acciones que garanticen el derecho de la ni\u00f1ez a una alimentaci\u00f3n saludable, que fue la tem\u00e1tica de esta edici\u00f3n.<\/p>\n\n\n\n<p><strong>&nbsp;II<\/strong><\/p>\n\n\n\n<p>En la conferencia del gobernador hubo mucha \u2018carnita informativa\u2019, comenzando por destacar la excelente relaci\u00f3n que se tiene con el vecino estado de Arizona, algo que vale doble en un contexto en el que la relaci\u00f3n bilateral con los vecinos del norte se encuentra llena de tensiones y nubes negras que se ciernen en temas como seguridad nacional, rispideces diplom\u00e1ticas -retiro de visas incluido- e incertidumbres sobre el futuro de los acuerdos comerciales.<\/p>\n\n\n\n<p>&nbsp;La diferencia en esta regi\u00f3n es que desde hace 60 a\u00f1os existe una Comisi\u00f3n Sonora-Arizona que desde entonces conduce una relaci\u00f3n con M\u00e9xico que hoy se traduce en un intercambio comercial de 28 mil millones de d\u00f3lares, 70% concentrado en el estado de Sonora.<\/p>\n\n\n\n<p>&nbsp;De hecho, en un encuentro reciente de Alfonso Durazo con su hom\u00f3loga de Arizona, Katie Hobbs se fortaleci\u00f3 el acuerdo para continuar el intercambio con la Universidad de Arizona para la formaci\u00f3n de talento humano en ingl\u00e9s t\u00e9cnico y cursos relacionados con semiconductores y electromovilidad.<\/p>\n\n\n\n<p>&nbsp;Por oro lado se anunci\u00f3 que pr\u00f3ximamente ser\u00e1n entregadas las instalaciones de un recinto multiprop\u00f3sito que con una inversi\u00f3n de 55 mdp y est\u00e1 destinado a acoger a estudiantes provenientes de los pueblos de la sierra sonorense, pero tambi\u00e9n a familiares de personas originarias de aquella regi\u00f3n, que vienen a atenderse en el Hospital General del Estado. All\u00ed se brindar\u00e1 servicios de administraci\u00f3n, alimentaci\u00f3n y transporte para sus usuarios. En el caso de la Casa del Estudiante de la Sierra, las inscripciones comienzan en julio y podr\u00e1n ingresar el 5 de agosto.<\/p>\n\n\n\n<p>&nbsp;Ya entrados en el tema educativo, el secretario del ramo, Froyl\u00e1n G\u00e1mez inform\u00f3 que est\u00e1 por iniciar la distribuci\u00f3n de m\u00e1s de 400 mil paquetes de uniformes escolares gratuitos, un programa cuya eficiencia en la organizaci\u00f3n y log\u00edstica no podr\u00eda entenderse sin la participaci\u00f3n del subsecretario de Administraci\u00f3n, Rodrigo Flores Hurtado, que vino a relanzar este importante programa que inici\u00f3 con algunos tropiezos en el primer a\u00f1o de esta administraci\u00f3n.<\/p>\n\n\n\n<p>&nbsp;Para que se den una idea de la importancia de este programa, desde el 2022 a la fecha se han invertido en \u00e9l m\u00e1s de mil 700 mdp, una cifra que supera lo invertido en los doce a\u00f1os de las dos anteriores administraciones.<\/p>\n\n\n\n<p>&nbsp;En fin, fueron muchos los temas pero conviene destacar lo que est\u00e1 haciendo la directora de Instituto Sonorense de la Juventud, Rebeca Valenzuela en sinton\u00eda con el gobierno federal que impulsa un programa para \u2018bajar\u2019 a todos los sectores sociales, sobre todo a los menos favorecidos las emociones del campeonato mundial de futbol 2026, mediante el cual se est\u00e1n construyendo y rehabilitando 200 canchas en diferentes municipios del estado.<\/p>\n\n\n\n<p>&nbsp;Y paren la oreja, porque en el mes de mayo estar\u00e1n en Sonora visores de los equipos Pumas, Am\u00e9rica y Pachuca, buscando talentos j\u00f3venes sonorenses para integrarlos a sus primeras l\u00edneas.<\/p>\n\n\n\n<p>&nbsp;Y ya ni les cuento, en calidad de primicia, lo que est\u00e1 haciendo con un \u2018timing\u2019 endemoniado el joven Rafael Moctezuma, al filmar la historia de los Pumas de la UNAM, pero no de toda su vida, sino del equipo que dirige Efra\u00edn Ju\u00e1rez, que acaba de hacer la hombrada de ganar el liderato en la tabla de posiciones y se apunta como favorito para llevarse el campeonato. Al film -en coordinaci\u00f3n con Cin\u00e9polis- solo le falta la postproducci\u00f3n y esperemos que la aguante para ver si nos toca que incluyan las escenas de nuestros Pumas levantando la octava copa. Moctezuma, adem\u00e1s de productor, es nada menos que el esposo de Rebeca Valenzuela.<\/p>\n\n\n\n<p><strong>&nbsp;IV<\/strong><\/p>\n\n\n\n<p>Por \u00faltimo, muy interesante la charla que sostuvo la tesorera del ayuntamiento de Hermosillo, Flor Ayala Robles Linares con el Colectivo de Reporteros Sonorenses, mostrando que es la mujer m\u00e1s informada de los manejos financieros de la comuna, que acumula experiencia pol\u00edtica y que no es casual su posicionamiento como la carta fuerte para contender por la alcald\u00eda de Hermosillo por parte de una eventual alianza opositora (opositora en el estado, porque en la capital son gobierno).<\/p>\n\n\n\n<p>&nbsp;Flor Ayala, sin embargo, trae cera en los o\u00eddos como aquellos tripulantes de la embarcaci\u00f3n de Ulises en la mitolog\u00eda griega, para no escuchar el canto de las sirenas y asegura que est\u00e1 cien por ciento ocupada en su trabajo de dise\u00f1o y operaci\u00f3n de pol\u00edticas p\u00fablicas relacionadas con los quehaceres de la tesorer\u00eda, donde ha dado excelentes resultados.<\/p>\n\n\n\n<p>&nbsp;Con retorcido colmillo pol\u00edtico evit\u00f3 entrar en confrontaci\u00f3n con el gobierno del estado a prop\u00f3sito del tema de la deuda p\u00fablica de cada una de esas instancias, pero reiter\u00f3 que en el caso del Ayuntamiento ese es un problema que se viene arrastrando desde hace d\u00e9cadas; no obstante, tambi\u00e9n evit\u00f3 mirar por el retrovisor y mejor habl\u00f3 sobre lo que se ha hecho en esta administraci\u00f3n para reducir la deuda, para no contratar deuda de largo plazo y para lograr buenas calificaciones por parte de las instituciones financieras, as\u00ed como para incrementar la recaudaci\u00f3n, lo que ha permitido financiar obras p\u00fablicas importantes con recursos propios de la comuna.<\/p>\n\n\n\n<p><strong>&nbsp;Tambi\u00e9n me puedes seguir en X: @Chaposoto<\/strong><\/p>\n\n\n\n<p><strong>Visita www.elzancudo.com.mx<\/strong><\/p>\n","protected":false},"excerpt":{"rendered":"<p>Columna El Zancudo Arturo Soto Mungu\u00eda Martes de mucha \u2018carnita informativa\u2019 Mi\u00e9rcoles 29 de abril de 2026 Martes de inusual traj\u00edn reporteril, el de ayer: desayuno tempranero con la tesorera del ayuntamiento capitalino, Flor Ayala Robles Linares; ceremonia anual de investidura de diputados y diputadas infantiles y conferencia semanal del gobernador, eventos todos de donde [&hellip;]<\/p>\n","protected":false},"author":1,"featured_media":40849,"comment_status":"open","ping_status":"open","sticky":false,"template":"","format":"standard","meta":{"content-type":"","footnotes":""},"categories":[125],"tags":[],"class_list":{"0":"post-40848","1":"post","2":"type-post","3":"status-publish","4":"format-standard","5":"has-post-thumbnail","7":"category-arturo-soto-munguia"},"_links":{"self":[{"href":"https:\/\/www.regioncuatronoticias.com\/index.php\/wp-json\/wp\/v2\/posts\/40848","targetHints":{"allow":["GET"]}}],"collection":[{"href":"https:\/\/www.regioncuatronoticias.com\/index.php\/wp-json\/wp\/v2\/posts"}],"about":[{"href":"https:\/\/www.regioncuatronoticias.com\/index.php\/wp-json\/wp\/v2\/types\/post"}],"author":[{"embeddable":true,"href":"https:\/\/www.regioncuatronoticias.com\/index.php\/wp-json\/wp\/v2\/users\/1"}],"replies":[{"embeddable":true,"href":"https:\/\/www.regioncuatronoticias.com\/index.php\/wp-json\/wp\/v2\/comments?post=40848"}],"version-history":[{"count":1,"href":"https:\/\/www.regioncuatronoticias.com\/index.php\/wp-json\/wp\/v2\/posts\/40848\/revisions"}],"predecessor-version":[{"id":40850,"href":"https:\/\/www.regioncuatronoticias.com\/index.php\/wp-json\/wp\/v2\/posts\/40848\/revisions\/40850"}],"wp:featuredmedia":[{"embeddable":true,"href":"https:\/\/www.regioncuatronoticias.com\/index.php\/wp-json\/wp\/v2\/media\/40849"}],"wp:attachment":[{"href":"https:\/\/www.regioncuatronoticias.com\/index.php\/wp-json\/wp\/v2\/media?parent=40848"}],"wp:term":[{"taxonomy":"category","embeddable":true,"href":"https:\/\/www.regioncuatronoticias.com\/index.php\/wp-json\/wp\/v2\/categories?post=40848"},{"taxonomy":"post_tag","embeddable":true,"href":"https:\/\/www.regioncuatronoticias.com\/index.php\/wp-json\/wp\/v2\/tags?post=40848"}],"curies":[{"name":"wp","href":"https:\/\/api.w.org\/{rel}","templated":true}]}}